{"id":19147,"date":"2020-06-17T08:31:58","date_gmt":"2020-06-17T06:31:58","guid":{"rendered":"http:\/\/agora.xtec.cat\/ceipcassiacostal\/?p=19147"},"modified":"2020-06-17T08:31:58","modified_gmt":"2020-06-17T06:31:58","slug":"5e-i-6e-musica-recomanacions-destiu","status":"publish","type":"post","link":"https:\/\/agora.xtec.cat\/ceipcassiacostal\/general\/5e-i-6e-musica-recomanacions-destiu\/","title":{"rendered":"5\u00e8 i 6\u00e8 M\u00daSICA: Recomanacions d&#8217;estiu"},"content":{"rendered":"<p>Bon dia nens i nenes,<\/p>\n<p>Aquesta \u00e9s l&#8217;\u00faltima setmana del curs, un curs at\u00edpic i excepcional degut al Covid19, per\u00f2 cal dir que s&#8217;ha valorat molt el vostre esfor\u00e7 i participaci\u00f3 a les activitats que he anat proposat i felicito molt\u00edssim a tots i a totes per la vostra feina feta al llarg d&#8217;aquest trimestre confinat.<\/p>\n<p>Aqu\u00ed us presento unes propostes d&#8217;estiu que podeu anar fent al vostre ritme i amb molta m\u00fasica:<\/p>\n<p><span style=\"background-color: #ffff00\"><strong>\u00b7 DIARI MUSICAL DE L&#8217;ESTIU:<\/strong><\/span><\/p>\n<p><a href=\"https:\/\/www.lacaixetamusical.com\/diarimusicalestiu\/\">https:\/\/www.lacaixetamusical.com\/diarimusicalestiu\/<\/a><\/p>\n<p>&nbsp;<\/p>\n<p><span style=\"background-color: #ccffcc\"><strong>\u00b7 WEBS DE PERCUSSI\u00d3 CORPORAL:<\/strong><\/span><\/p>\n<p><a href=\"https:\/\/www.youtube.com\/channel\/UCSCEhutPyMBMuPkuVMHFEAA\">https:\/\/www.youtube.com\/channel\/UCSCEhutPyMBMuPkuVMHFEAA<\/a><\/p>\n<p>&nbsp;<\/p>\n<p><span style=\"background-color: #cc99ff\"><strong>\u00b7 WEB D&#8217;EXPERIMENTACI\u00d3 MUSICAL:<\/strong><\/span><\/p>\n<p><a href=\"https:\/\/musiclab.chromeexperiments.com\/\">https:\/\/musiclab.chromeexperiments.com\/<\/a><\/p>\n<p>&nbsp;<\/p>\n<p><span style=\"background-color: #ffcc99\"><strong>\u00b7 WEB DE JOCS MUSICALS:<\/strong><\/span><\/p>\n<p><a href=\"https:\/\/aprendomusica.com\/index.html\">https:\/\/aprendomusica.com\/index.html<\/a><\/p>\n<p><a href=\"http:\/\/www.edu365.cat\/primaria\/musica\/index.html\">http:\/\/www.edu365.cat\/primaria\/musica\/index.html<\/a><\/p>\n<p>&nbsp;<\/p>\n<p>Desitjo que passeu un bon estiu! Una forta abra\u00e7ada a tots i a totes!<\/p>\n<p><strong>Marta de m\u00fasica \u266a<\/strong><\/p>\n<p><img loading=\"lazy\" decoding=\"async\" class=\"\" src=\"https:\/\/media2.giphy.com\/media\/XGbfacwWVO9J34OSBL\/giphy.gif\" alt=\"Morph Love Music GIF by Sennheiser - Find &amp; Share on GIPHY\" width=\"270\" height=\"270\" \/><\/p>\n","protected":false},"excerpt":{"rendered":"<p>Bon dia nens i nenes,<br \/>\nAquesta \u00e9s l&#8217;\u00faltima setmana del curs, un curs at\u00edpic i excepcional degut al Covid19, per\u00f2 cal dir que s&#8217;ha valorat molt el vostre esfor\u00e7 i participaci\u00f3 a les activitats que he anat proposat i felicito molt\u00edssim a tots i a totes per la vostra feina feta al llarg d&#8217;aquest trimestre confinat.Aqu\u00ed us presento unes propostes d&#8217;estiu que podeu anar fent al vostre ritme i amb molta m\u00fasica:&hellip;  <a href=\"https:\/\/agora.xtec.cat\/ceipcassiacostal\/general\/5e-i-6e-musica-recomanacions-destiu\/\" title=\"Read 5\u00e8 i 6\u00e8 M\u00daSICA: Recomanacions d&#8217;estiu\">Llegeix m\u00e9s\u00bb<\/a><\/p>\n","protected":false},"author":17,"featured_media":19152,"comment_status":"open","ping_status":"closed","sticky":false,"template":"","format":"standard","meta":{"_bbp_topic_count":0,"_bbp_reply_count":0,"_bbp_total_topic_count":0,"_bbp_total_reply_count":0,"_bbp_voice_count":0,"_bbp_anonymous_reply_count":0,"_bbp_topic_count_hidden":0,"_bbp_reply_count_hidden":0,"_bbp_forum_subforum_count":0,"footnotes":""},"categories":[14,15,28,1,201,182,4,5],"tags":[],"class_list":["post-19147","post","type-post","status-publish","format-standard","has-post-thumbnail","hentry","category-5e","category-6e","category-especialitats","category-general","category-jo-em-quedo-a-casa-especial-confinament","category-musica","category-portada","category-primaria"],"post_mailing_queue_ids":[],"_links":{"self":[{"href":"https:\/\/agora.xtec.cat\/ceipcassiacostal\/wp-json\/wp\/v2\/posts\/19147","targetHints":{"allow":["GET"]}}],"collection":[{"href":"https:\/\/agora.xtec.cat\/ceipcassiacostal\/wp-json\/wp\/v2\/posts"}],"about":[{"href":"https:\/\/agora.xtec.cat\/ceipcassiacostal\/wp-json\/wp\/v2\/types\/post"}],"author":[{"embeddable":true,"href":"https:\/\/agora.xtec.cat\/ceipcassiacostal\/wp-json\/wp\/v2\/users\/17"}],"replies":[{"embeddable":true,"href":"https:\/\/agora.xtec.cat\/ceipcassiacostal\/wp-json\/wp\/v2\/comments?post=19147"}],"version-history":[{"count":1,"href":"https:\/\/agora.xtec.cat\/ceipcassiacostal\/wp-json\/wp\/v2\/posts\/19147\/revisions"}],"predecessor-version":[{"id":19153,"href":"https:\/\/agora.xtec.cat\/ceipcassiacostal\/wp-json\/wp\/v2\/posts\/19147\/revisions\/19153"}],"wp:featuredmedia":[{"embeddable":true,"href":"https:\/\/agora.xtec.cat\/ceipcassiacostal\/wp-json\/wp\/v2\/media\/19152"}],"wp:attachment":[{"href":"https:\/\/agora.xtec.cat\/ceipcassiacostal\/wp-json\/wp\/v2\/media?parent=19147"}],"wp:term":[{"taxonomy":"category","embeddable":true,"href":"https:\/\/agora.xtec.cat\/ceipcassiacostal\/wp-json\/wp\/v2\/categories?post=19147"},{"taxonomy":"post_tag","embeddable":true,"href":"https:\/\/agora.xtec.cat\/ceipcassiacostal\/wp-json\/wp\/v2\/tags?post=19147"}],"curies":[{"name":"wp","href":"https:\/\/api.w.org\/{rel}","templated":true}]}}