{"id":19049,"date":"2020-06-15T15:30:57","date_gmt":"2020-06-15T13:30:57","guid":{"rendered":"http:\/\/agora.xtec.cat\/ceipcassiacostal\/?p=19049"},"modified":"2020-06-15T15:30:57","modified_gmt":"2020-06-15T13:30:57","slug":"deures-confinats-13-de-3r-ultima-setmana-del-curs","status":"publish","type":"post","link":"https:\/\/agora.xtec.cat\/ceipcassiacostal\/general\/deures-confinats-13-de-3r-ultima-setmana-del-curs\/","title":{"rendered":"Deures confinats 13 de 3r. \u00daltima setmana del curs"},"content":{"rendered":"<p style=\"text-align: justify;\">Hola nens i nenes de tercer,<\/p>\n<p style=\"text-align: justify;\">Semblava que no arribaria mai el final del curs, per\u00f2 a poc a poc ja el tenim a les portes. Se&#8217;ns ha fet m\u00e9s llarg del normal i, sobretot, estrany, molt estrany i completament diferent al que estem acostumats. Els nens heu hagut de treballar com si est\u00e9ssiu a classe per\u00f2 a casa, els mestres hem hagut de fer teletreball i els pares, enviar-nos els vostres treballs per Internet.<\/p>\n<p style=\"text-align: justify;\">Per\u00f2 malgrat les dificultats, ho hem superat. I com que heu treballat de valent, aquesta setmana us hem preparat un seguit d&#8217;activitats ben diferents. Esperem que us agradin.<\/p>\n<ul style=\"text-align: justify;\">\n<li>Cinc sudokus per jugar amb els n\u00fameros. Es tracta d&#8217;un joc format per graelles de 9 quadr\u00edcules cada una on s&#8217;hi ha de posar un n\u00famero de l&#8217;1 al 9 de manera que no es repeteixen dins la mateixa graella. Us hem posat tamb\u00e9 les solucions. \u00c9s un joc de paci\u00e8ncia, per\u00f2 vosaltres ja en teniu, oi??\u00a0 ?\u00a0 \u00a0 \u00a0 <a href=\"https:\/\/drive.google.com\/drive\/u\/0\/folders\/1NhU3v-KK_v3MaUdu0jSdH0l9sh7eMw6I\">Sudokus<\/a><\/li>\n<li>Una pila d&#8217;enigmes. Els enigmes s\u00f3n una mena d&#8217;endevinalles amb trampeta i cal anar molt en compte per no caure-hi. Podeu fer participar als vostres pares i germans m\u00e9s grans. Tamb\u00e9 us donem la soluci\u00f3 per si no n&#8217;endevineu alguna. <a href=\"https:\/\/drive.google.com\/drive\/u\/0\/folders\/1UFTrYZX39KeH0TQpuZc8CBkUP502MCah\">Enigmes<\/a><\/li>\n<li>Il\u00b7lusions \u00f2ptiques. Llegiu i feu el que us diuen en cada una d&#8217;elles i veureu com la vostra ment pot enganyar els vostres ulls. <a href=\"https:\/\/drive.google.com\/drive\/u\/0\/folders\/1mk0dY2sQgj6eX_5Anf6pnMLXq7VnsofK\">Il\u00b7lusions \u00f2ptiques<\/a><\/li>\n<li>Pinta una mandala. De les 8 que us hem preparat, trieu la que m\u00e9s us agradi i la pinteu seguint les indicacions que us donem. A m\u00e9s de passar una estona relaxats, comprovareu si sou uns artistes a l&#8217;hora de combinar els colors. <a href=\"https:\/\/docs.google.com\/document\/d\/1_RPV7fqh0tsmAPR-K4YU7DEiZFzrWd-3y-kSty3lgpo\/edit\">Mandales<\/a><\/li>\n<li>A<span style=\"font-weight: 400;\">ctivitats interactives sobre els materials, tipus de materials i les seves propietats. Tamb\u00e9 repassa la Regla de les 3 R (reutilitzar, reciclar i reduir). Us refrescar\u00e0 la mem\u00f2ria!!\u00a0<a href=\"https:\/\/clic.xtec.cat\/projects\/materia6\/jclic.js\/index.html\">Els materials<\/a><\/span><\/li>\n<li><span style=\"font-weight: 400;\">Amb les seg\u00fcents activitats interactives JClic repassareu el que vam estudiar sobre els animals invertebrats.<\/span> \u00a0\u00a0<a href=\"https:\/\/clic.xtec.cat\/projects\/inverte3\/jclic.js\/index.html\">Els animals invertebrats<\/a><\/li>\n<li><span style=\"font-weight: 400;\">Com anem de c\u00e0lcul mental?? Recordeu, el c\u00e0lcul <\/span><b style=\"font-family: inherit; font-size: 1em;\">mental<\/b><span style=\"font-weight: 400;\"> \u00e9s aquell que es fa mentalment, sense l\u2019ajuda dels dits (sin\u00f3 seria c\u00e0lcul digital). I si no us surten mentalment, sempre podeu agafar paper i llapis. En el seg\u00fcent enlla\u00e7 podeu c\u00e0lcul mental amb nom\u00e9s sumes, amb restes, amb multiplicacions i sumes i restes barrejades (no feu les divisions perqu\u00e8 la Covid-19 ens ha impedit ensenyar-vos-en).\u00a0<a href=\"https:\/\/clic.xtec.cat\/projects\/calcmen2\/jclic.js\/index.html\">C\u00e0lcul mental<\/a><\/span><\/li>\n<li>I, per acabar, una sorpresa!! <span style=\"font-weight: 400;\">Recordeu la lectura sobre els mosqueters? D\u2019aquest fet hist\u00f2ric se n\u2019han fet moltes pel\u00b7l\u00edcules. Us en presentem un parell de propostes que creiem us agradaran. <a href=\"https:\/\/docs.google.com\/document\/d\/1PS3itY9zF6dFgrPPj1-b4H0cGvxZEfUD1eSoAcjpmeg\/edit\">Pel\u00b7l\u00edcules sobre els tres mosqueters<\/a><\/span><\/li>\n<\/ul>\n<p style=\"text-align: justify;\">I aix\u00f2 \u00e9s tot per aquest curs!! Molt\u00edssimes gr\u00e0cies a vosaltres i als vostres pares per haver col\u00b7laborat tan activament en l&#8217;enviament de fotos i v\u00eddeos al llarg de totes aquestes setmanes. Per a nosaltres ha estat una alegria molt gran veure-us les cares i comprovar que continueu sans i la mar de feli\u00e7os.<\/p>\n<p style=\"text-align: justify;\">Us desitgem que passeu unes bones i merescudes vacances d&#8217;estiu: descanseu, passeu-vos-ho b\u00e9, feu cas als pares i no deixeu de treballar una mica cada dia per no perdre el que heu apr\u00e8s al llarg del curs. I llegiu, llegiu molt. Els llibres tenen el poder m\u00e0gic de fer-nos viure en un temps i en un espai que mai haur\u00edem imaginat.<\/p>\n<p style=\"text-align: justify;\">Una fort\u00edssima abra\u00e7ada i mooolts ??????????????????? de,<\/p>\n<p style=\"text-align: right;\">Jordi i Carme<\/p>\n\n\t\t<style type=\"text\/css\">\n\t\t\t#gallery-1 {\n\t\t\t\tmargin: auto;\n\t\t\t}\n\t\t\t#gallery-1 .gallery-item {\n\t\t\t\tfloat: left;\n\t\t\t\tmargin-top: 10px;\n\t\t\t\ttext-align: center;\n\t\t\t\twidth: 50%;\n\t\t\t}\n\t\t\t#gallery-1 img {\n\t\t\t\tborder: 2px solid #cfcfcf;\n\t\t\t}\n\t\t\t#gallery-1 .gallery-caption {\n\t\t\t\tmargin-left: 0;\n\t\t\t}\n\t\t\t\/* see gallery_shortcode() in wp-includes\/media.php *\/\n\t\t<\/style>\n\t\t<div id='gallery-1' class='gallery galleryid-19049 gallery-columns-2 gallery-size-full'><dl class='gallery-item'>\n\t\t\t<dt class='gallery-icon portrait'>\n\t\t\t\t<a href='https:\/\/agora.xtec.cat\/ceipcassiacostal\/general\/deures-confinats-13-de-3r-ultima-setmana-del-curs\/attachment\/yuliana_opt-2\/'><img loading=\"lazy\" decoding=\"async\" width=\"396\" height=\"450\" src=\"https:\/\/agora.xtec.cat\/ceipcassiacostal\/wp-content\/uploads\/usu719\/2020\/06\/Yuliana_opt.jpg\" class=\"attachment-full size-full\" alt=\"\" srcset=\"https:\/\/agora.xtec.cat\/ceipcassiacostal\/wp-content\/uploads\/usu719\/2020\/06\/Yuliana_opt.jpg 396w, https:\/\/agora.xtec.cat\/ceipcassiacostal\/wp-content\/uploads\/usu719\/2020\/06\/Yuliana_opt-264x300.jpg 264w\" sizes=\"auto, (max-width: 396px) 100vw, 396px\" \/><\/a>\n\t\t\t<\/dt><\/dl><dl class='gallery-item'>\n\t\t\t<dt class='gallery-icon portrait'>\n\t\t\t\t<a href='https:\/\/agora.xtec.cat\/ceipcassiacostal\/general\/deures-confinats-13-de-3r-ultima-setmana-del-curs\/attachment\/sara-02_opt\/'><img loading=\"lazy\" decoding=\"async\" width=\"333\" height=\"450\" src=\"https:\/\/agora.xtec.cat\/ceipcassiacostal\/wp-content\/uploads\/usu719\/2020\/06\/Sara-02_opt.jpg\" class=\"attachment-full size-full\" alt=\"\" srcset=\"https:\/\/agora.xtec.cat\/ceipcassiacostal\/wp-content\/uploads\/usu719\/2020\/06\/Sara-02_opt.jpg 333w, https:\/\/agora.xtec.cat\/ceipcassiacostal\/wp-content\/uploads\/usu719\/2020\/06\/Sara-02_opt-222x300.jpg 222w\" sizes=\"auto, (max-width: 333px) 100vw, 333px\" \/><\/a>\n\t\t\t<\/dt><\/dl><br style=\"clear: both\" \/><dl class='gallery-item'>\n\t\t\t<dt class='gallery-icon portrait'>\n\t\t\t\t<a href='https:\/\/agora.xtec.cat\/ceipcassiacostal\/general\/deures-confinats-13-de-3r-ultima-setmana-del-curs\/attachment\/oriana-01_opt\/'><img loading=\"lazy\" decoding=\"async\" width=\"326\" height=\"450\" src=\"https:\/\/agora.xtec.cat\/ceipcassiacostal\/wp-content\/uploads\/usu719\/2020\/06\/Oriana-01_opt.jpg\" class=\"attachment-full size-full\" alt=\"\" srcset=\"https:\/\/agora.xtec.cat\/ceipcassiacostal\/wp-content\/uploads\/usu719\/2020\/06\/Oriana-01_opt.jpg 326w, https:\/\/agora.xtec.cat\/ceipcassiacostal\/wp-content\/uploads\/usu719\/2020\/06\/Oriana-01_opt-217x300.jpg 217w\" sizes=\"auto, (max-width: 326px) 100vw, 326px\" \/><\/a>\n\t\t\t<\/dt><\/dl><dl class='gallery-item'>\n\t\t\t<dt class='gallery-icon portrait'>\n\t\t\t\t<a href='https:\/\/agora.xtec.cat\/ceipcassiacostal\/general\/deures-confinats-13-de-3r-ultima-setmana-del-curs\/attachment\/joshua-01_opt-2\/'><img loading=\"lazy\" decoding=\"async\" width=\"357\" height=\"450\" src=\"https:\/\/agora.xtec.cat\/ceipcassiacostal\/wp-content\/uploads\/usu719\/2020\/06\/Joshua-01_opt-1.jpg\" class=\"attachment-full size-full\" alt=\"\" srcset=\"https:\/\/agora.xtec.cat\/ceipcassiacostal\/wp-content\/uploads\/usu719\/2020\/06\/Joshua-01_opt-1.jpg 357w, https:\/\/agora.xtec.cat\/ceipcassiacostal\/wp-content\/uploads\/usu719\/2020\/06\/Joshua-01_opt-1-238x300.jpg 238w\" sizes=\"auto, (max-width: 357px) 100vw, 357px\" \/><\/a>\n\t\t\t<\/dt><\/dl><br style=\"clear: both\" \/>\n\t\t<\/div>\n\n<p>&nbsp;<\/p>\n<p>&nbsp;<\/p>\n<p>&nbsp;<\/p>\n<p>&nbsp;<\/p>\n","protected":false},"excerpt":{"rendered":"<p>Hola nens i nenes de tercer,<br \/>\nSemblava que no arribaria mai el final del curs, per\u00f2 a poc a poc ja el tenim a les portes. Se&#8217;ns ha fet m\u00e9s llarg del normal i, sobretot, estrany, molt estrany i completament diferent al que estem acostumats. Els nens heu hagut de treballar com si est\u00e9ssiu a classe per\u00f2 des de casa, els mestres hem hagut de fer teletreball i els pares, enviar-nos els vostres treballs per Internet.&hellip;  <a href=\"https:\/\/agora.xtec.cat\/ceipcassiacostal\/general\/deures-confinats-13-de-3r-ultima-setmana-del-curs\/\" title=\"Read Deures confinats 13 de 3r. \u00daltima setmana del curs\">Llegeix m\u00e9s\u00bb<\/a><\/p>\n","protected":false},"author":5,"featured_media":19060,"comment_status":"open","ping_status":"closed","sticky":false,"template":"","format":"standard","meta":{"_bbp_topic_count":0,"_bbp_reply_count":0,"_bbp_total_topic_count":0,"_bbp_total_reply_count":0,"_bbp_voice_count":0,"_bbp_anonymous_reply_count":0,"_bbp_topic_count_hidden":0,"_bbp_reply_count_hidden":0,"_bbp_forum_subforum_count":0,"footnotes":""},"categories":[12,1,201,4],"tags":[],"class_list":["post-19049","post","type-post","status-publish","format-standard","has-post-thumbnail","hentry","category-3r","category-general","category-jo-em-quedo-a-casa-especial-confinament","category-portada"],"post_mailing_queue_ids":[],"_links":{"self":[{"href":"https:\/\/agora.xtec.cat\/ceipcassiacostal\/wp-json\/wp\/v2\/posts\/19049","targetHints":{"allow":["GET"]}}],"collection":[{"href":"https:\/\/agora.xtec.cat\/ceipcassiacostal\/wp-json\/wp\/v2\/posts"}],"about":[{"href":"https:\/\/agora.xtec.cat\/ceipcassiacostal\/wp-json\/wp\/v2\/types\/post"}],"author":[{"embeddable":true,"href":"https:\/\/agora.xtec.cat\/ceipcassiacostal\/wp-json\/wp\/v2\/users\/5"}],"replies":[{"embeddable":true,"href":"https:\/\/agora.xtec.cat\/ceipcassiacostal\/wp-json\/wp\/v2\/comments?post=19049"}],"version-history":[{"count":3,"href":"https:\/\/agora.xtec.cat\/ceipcassiacostal\/wp-json\/wp\/v2\/posts\/19049\/revisions"}],"predecessor-version":[{"id":19078,"href":"https:\/\/agora.xtec.cat\/ceipcassiacostal\/wp-json\/wp\/v2\/posts\/19049\/revisions\/19078"}],"wp:featuredmedia":[{"embeddable":true,"href":"https:\/\/agora.xtec.cat\/ceipcassiacostal\/wp-json\/wp\/v2\/media\/19060"}],"wp:attachment":[{"href":"https:\/\/agora.xtec.cat\/ceipcassiacostal\/wp-json\/wp\/v2\/media?parent=19049"}],"wp:term":[{"taxonomy":"category","embeddable":true,"href":"https:\/\/agora.xtec.cat\/ceipcassiacostal\/wp-json\/wp\/v2\/categories?post=19049"},{"taxonomy":"post_tag","embeddable":true,"href":"https:\/\/agora.xtec.cat\/ceipcassiacostal\/wp-json\/wp\/v2\/tags?post=19049"}],"curies":[{"name":"wp","href":"https:\/\/api.w.org\/{rel}","templated":true}]}}