{"id":18871,"date":"2020-06-15T08:00:43","date_gmt":"2020-06-15T06:00:43","guid":{"rendered":"http:\/\/agora.xtec.cat\/ceipcassiacostal\/?p=18871"},"modified":"2020-06-29T13:33:00","modified_gmt":"2020-06-29T11:33:00","slug":"4t-proposta-14a-setmana-de-confinament-del-15-al-19-de-juny","status":"publish","type":"post","link":"https:\/\/agora.xtec.cat\/ceipcassiacostal\/general\/4t-proposta-14a-setmana-de-confinament-del-15-al-19-de-juny\/","title":{"rendered":"4t: PROPOSTA 14a SETMANA DE CONFINAMENT (del 15 al 19 de juny)"},"content":{"rendered":"<p><em><span style=\"font-size: 14pt;\"><strong><a href=\"https:\/\/agora.xtec.cat\/ceipcassiacostal\/wp-content\/uploads\/usu719\/2020\/06\/Nens-banyant-se.jpg\"><img loading=\"lazy\" decoding=\"async\" class=\"size-full wp-image-18960 alignleft\" src=\"https:\/\/agora.xtec.cat\/ceipcassiacostal\/wp-content\/uploads\/usu719\/2020\/06\/Nens-banyant-se.jpg\" alt=\"\" width=\"306\" height=\"164\" srcset=\"https:\/\/agora.xtec.cat\/ceipcassiacostal\/wp-content\/uploads\/usu719\/2020\/06\/Nens-banyant-se.jpg 306w, https:\/\/agora.xtec.cat\/ceipcassiacostal\/wp-content\/uploads\/usu719\/2020\/06\/Nens-banyant-se-300x161.jpg 300w\" sizes=\"auto, (max-width: 306px) 100vw, 306px\" \/><\/a><span style=\"color: #3366ff;\">Benvolgudes fam\u00edlies de quart;<\/span><\/strong><\/span><\/em><\/p>\n<div style=\"text-align: justify;\"><em><span style=\"font-size: 14pt;\"><span style=\"font-family: arial, helvetica, sans-serif;\">Una vegada m\u00e9s ens adrecem a vosaltres per presentar-vos la proposta de tasques per aquesta setmana. Anem arribant a final de curs i, per tant, desaccelerant el ritme de treball. No obstant, encara tenim una darrera setmana de treball que \u00e9s de molt bon aprofitar.<\/span><\/span><\/em><\/div>\n<div><\/div>\n<div><\/div>\n<div><\/div>\n<div style=\"text-align: justify;\"><em><span style=\"font-size: 14pt;\"><span style=\"font-family: arial, helvetica, sans-serif;\"><span style=\"font-family: arial, helvetica, sans-serif;\"><span style=\"font-size: 14pt;\">Agra\u00efm per endavant la vostra <\/span><span style=\"font-size: 18.6667px;\">col\u00b7laboraci\u00f3<\/span><span style=\"font-size: 14pt;\">\u00a0ja que \u00e9s molt important que els vostres fills i filles comprovin que han fet b\u00e9 les tasques proposades, corregint a partir de les solucions que trobareu aqu\u00ed.<\/span><\/span><\/span><\/span><\/em><\/div>\n<div style=\"text-align: justify;\"><\/div>\n<div><\/div>\n<div><\/div>\n<div><\/div>\n<div><\/div>\n<div><\/div>\n<p style=\"text-align: center;\"><span style=\"font-size: 18pt; color: #ff00ff;\"><strong>DOSSIER DE QUART<\/strong><\/span><\/p>\n<ul>\n<li>P\u00e0g 29: <a href=\"https:\/\/agora.xtec.cat\/ceipcassiacostal\/wp-content\/uploads\/usu719\/2020\/06\/ACCENTUACIO\u0301-2-pa\u0300g-29.pdf\">ACCENTUACIO\u0301 2 pa\u0300g 29<\/a><\/li>\n<li>P\u00e0g 30: <a href=\"https:\/\/agora.xtec.cat\/ceipcassiacostal\/wp-content\/uploads\/usu719\/2020\/06\/ELS-VERBS-4-pa\u0300g-30.pdf\">ELS VERBS 4 pa\u0300g 30<\/a><\/li>\n<li>P\u00e0g 31: <a href=\"https:\/\/agora.xtec.cat\/ceipcassiacostal\/wp-content\/uploads\/usu719\/2020\/06\/L-\u2018APOSTROFACIO\u0301-pa\u0300g-31.pdf\">L \u2018APOSTROFACIO\u0301 pa\u0300g 31<\/a><\/li>\n<li>P\u00e0g 38: <a href=\"https:\/\/agora.xtec.cat\/ceipcassiacostal\/wp-content\/uploads\/usu719\/2020\/06\/EL-NOMBRE-Y-MAYU\u0301SCULAS-p.38.pdf\">EL NOMBRE Y MAYU\u0301SCULAS p.38<\/a><\/li>\n<li>P\u00e0g 39: <a href=\"https:\/\/agora.xtec.cat\/ceipcassiacostal\/wp-content\/uploads\/usu719\/2020\/06\/USO-DE-MAYU\u0301SCULA-Y-MINU\u0301SCULAp.39.pdf\">USO DE MAYU\u0301SCULA Y MINU\u0301SCULAp.39<\/a><\/li>\n<li>P\u00e0g 40 i 41: <a href=\"https:\/\/agora.xtec.cat\/ceipcassiacostal\/wp-content\/uploads\/usu719\/2020\/06\/AHORA-SABES-MA\u0301S-p.40-i-41.pdf\">AHORA SABES MA\u0301S p.40 i 41<\/a><\/li>\n<li>Velocitat de c\u00e0lcul: <a href=\"https:\/\/agora.xtec.cat\/ceipcassiacostal\/wp-content\/uploads\/usu719\/2020\/04\/4T-SUMES-I-RESTES.pdf\">4T SUMES I RESTES<\/a> i <a href=\"https:\/\/agora.xtec.cat\/ceipcassiacostal\/wp-content\/uploads\/usu719\/2020\/04\/4t-MULT-I-DIVIS-QUINZET.pdf\">4t MULT I DIVIS QUINZET<\/a><\/li>\n<\/ul>\n<p style=\"text-align: center;\"><span style=\"font-size: 18pt; color: #ff00ff;\"><strong>DOSSIER ADAPTAT O D&#8217;AA<\/strong><\/span><\/p>\n<ul>\n<li>P\u00e0g 25, 26, 27,28,29,30: <a href=\"https:\/\/agora.xtec.cat\/ceipcassiacostal\/wp-content\/uploads\/usu719\/2020\/06\/FITXES-CATALA\u0300-ADAPTADES-AMB-SOLUCIONARIS-.pdf\">FITXES CATALA\u0300 ADAPTADES AMB SOLUCIONARIS<\/a><\/li>\n<li>P\u00e0g de la 55 a 65 : <a href=\"https:\/\/agora.xtec.cat\/ceipcassiacostal\/wp-content\/uploads\/usu719\/2020\/06\/14a-SETMANA-MATES-ADAPTADES.pdf\">14a SETMANA MATES ADAPTADES<\/a><\/li>\n<li>Velocitat de c\u00e0lcul: <a href=\"https:\/\/agora.xtec.cat\/ceipcassiacostal\/wp-content\/uploads\/usu719\/2020\/04\/OPERACIONS-MENTALS-ADAPTADES.pdf\">OPERACIONS MENTALS ADAPTADES<\/a><\/li>\n<\/ul>\n<p style=\"text-align: center;\"><span style=\"font-size: 14pt;\"><strong><span style=\"color: #ff00ff;\">REP\u00c0S DE LES NOSTRES PROPOSTES ANTERIORS <\/span><\/strong><\/span><\/p>\n<p style=\"text-align: center;\"><span style=\"font-size: 14pt;\"><strong><span style=\"color: #ff00ff;\">( Va de la m\u00e9s nova a la m\u00e9s antiga)<\/span><\/strong><\/span><\/p>\n<p>Pels que teniu activitats enderrerides us adjuntem l&#8217;enlla\u00e7 de les propostes de les darreres setmanes:<\/p>\n<p><a href=\"https:\/\/agora.xtec.cat\/ceipcassiacostal\/general\/4t-proposta-13a-setmana-del-8-al-14-de-juny\/\"><img loading=\"lazy\" decoding=\"async\" class=\"wp-image-18439 alignleft\" src=\"https:\/\/agora.xtec.cat\/ceipcassiacostal\/wp-content\/uploads\/usu719\/2020\/06\/Imatge13.jpg\" alt=\"\" width=\"55\" height=\"68\" \/><\/a><\/p>\n<p>&nbsp;<\/p>\n<p>13 a setmana:\u00a0<a href=\"https:\/\/agora.xtec.cat\/ceipcassiacostal\/general\/4t-proposta-13a-setmana-del-8-al-14-de-juny\/\">13a SETMANA<\/a><\/p>\n<p><a href=\"https:\/\/agora.xtec.cat\/ceipcassiacostal\/wphttps:\/\/agora.xtec.cat\/ceipcassiacostal\/general\/4t-proposta-12a-setmana-de-l1-al-7-de-juny\/content\/uploads\/usu719\/2020\/05\/Nens-ballant.jpg\"><img loading=\"lazy\" decoding=\"async\" class=\"wp-image-18064 alignleft\" src=\"https:\/\/agora.xtec.cat\/ceipcassiacostal\/wp-content\/uploads\/usu719\/2020\/05\/Nens-ballant.jpg\" alt=\"\" width=\"119\" height=\"73\" srcset=\"https:\/\/agora.xtec.cat\/ceipcassiacostal\/wp-content\/uploads\/usu719\/2020\/05\/Nens-ballant.jpg 341w, https:\/\/agora.xtec.cat\/ceipcassiacostal\/wp-content\/uploads\/usu719\/2020\/05\/Nens-ballant-300x184.jpg 300w\" sizes=\"auto, (max-width: 119px) 100vw, 119px\" \/><\/a><\/p>\n<p>&nbsp;<\/p>\n<p>12 a setmana:\u00a0<a href=\"https:\/\/agora.xtec.cat\/ceipcassiacostal\/general\/4t-proposta-12a-setmana-de-l1-al-7-de-juny\/\">12a SETMANA<\/a><\/p>\n<p><a href=\"https:\/\/agora.xtec.cat\/ceipcassiacostal\/wp-content\/uploads\/usu719\/2020\/05\/BIBLIOTECA.jpg\"><img loading=\"lazy\" decoding=\"async\" class=\"wp-image-17537 alignnone\" src=\"https:\/\/agora.xtec.cat\/ceipcassiacostal\/wp-content\/uploads\/usu719\/2020\/05\/BIBLIOTECA.jpg\" alt=\"\" width=\"88\" height=\"66\" srcset=\"https:\/\/agora.xtec.cat\/ceipcassiacostal\/wp-content\/uploads\/usu719\/2020\/05\/BIBLIOTECA.jpg 257w, https:\/\/agora.xtec.cat\/ceipcassiacostal\/wp-content\/uploads\/usu719\/2020\/05\/BIBLIOTECA-200x150.jpg 200w\" sizes=\"auto, (max-width: 88px) 100vw, 88px\" \/> <\/a>11 a setmana:\u00a0<a href=\"https:\/\/agora.xtec.cat\/ceipcassiacostal\/general\/4t-proposta-11a-setmana-del-25-al-31-de-maig\/\">11a SETMANA<\/a><\/p>\n<p><a href=\"https:\/\/agora.xtec.cat\/ceipcassiacostal\/wp-content\/uploads\/usu719\/2020\/05\/Imatge-10\u00ba.jpg\"><img loading=\"lazy\" decoding=\"async\" class=\"wp-image-17019 alignleft\" src=\"https:\/\/agora.xtec.cat\/ceipcassiacostal\/wp-content\/uploads\/usu719\/2020\/05\/Imatge-10\u00ba.jpg\" alt=\"\" width=\"78\" height=\"82\" \/><\/a><\/p>\n<p>&nbsp;<\/p>\n<p>10 a setmana:\u00a0<a href=\"https:\/\/agora.xtec.cat\/ceipcassiacostal\/general\/4t-proposta-per-la-10a-setmana-del-18-al-24-de-maig\/\">10a SETMANA<\/a><\/p>\n<p>&nbsp;<\/p>\n<p><a href=\"https:\/\/agora.xtec.cat\/ceipcassiacostal\/wp-content\/uploads\/usu719\/2020\/04\/Dibuix-iguals-diferents.jpg\"><img loading=\"lazy\" decoding=\"async\" class=\"wp-image-15895 alignleft\" src=\"https:\/\/agora.xtec.cat\/ceipcassiacostal\/wp-content\/uploads\/usu719\/2020\/04\/Dibuix-iguals-diferents.jpg\" alt=\"\" width=\"124\" height=\"88\" srcset=\"https:\/\/agora.xtec.cat\/ceipcassiacostal\/wp-content\/uploads\/usu719\/2020\/04\/Dibuix-iguals-diferents.jpg 425w, https:\/\/agora.xtec.cat\/ceipcassiacostal\/wp-content\/uploads\/usu719\/2020\/04\/Dibuix-iguals-diferents-300x212.jpg 300w\" sizes=\"auto, (max-width: 124px) 100vw, 124px\" \/><\/a><\/p>\n<p>9 a setmana: <a style=\"font-family: inherit; font-size: 1em;\" href=\"https:\/\/agora.xtec.cat\/ceipcassiacostal\/general\/4t-proposta-per-la-9a-setmana-de-l11-al-17-de-maig\/\">9a SETMANA<\/a><\/p>\n<p>&nbsp;<\/p>\n<p>&nbsp;<\/p>\n<p><a href=\"https:\/\/agora.xtec.cat\/ceipcassiacostal\/wp-content\/uploads\/usu719\/2020\/04\/mix8a.jpg\"><img loading=\"lazy\" decoding=\"async\" class=\"wp-image-15939 alignleft\" src=\"https:\/\/agora.xtec.cat\/ceipcassiacostal\/wp-content\/uploads\/usu719\/2020\/04\/mix8a.jpg\" alt=\"\" width=\"75\" height=\"81\" srcset=\"https:\/\/agora.xtec.cat\/ceipcassiacostal\/wp-content\/uploads\/usu719\/2020\/04\/mix8a.jpg 306w, https:\/\/agora.xtec.cat\/ceipcassiacostal\/wp-content\/uploads\/usu719\/2020\/04\/mix8a-277x300.jpg 277w\" sizes=\"auto, (max-width: 75px) 100vw, 75px\" \/><\/a>8a setmana: <a href=\"https:\/\/agora.xtec.cat\/ceipcassiacostal\/general\/proposta-de-4t-per-la-8a-setmana-del-4-al-10-de-maig\/\">8a SETMANA<\/a> (a dins tamb\u00e9 hi ha enlla\u00e7os de la 8a, 7a, 6a i 5a setmana)<\/p>\n<p>&nbsp;<\/p>\n<div><\/div>\n<div><\/div>\n<div><\/div>\n<div><\/div>\n<div style=\"text-align: justify;\"><em><span style=\"font-size: 14pt;\"><span style=\"font-family: arial, helvetica, sans-serif;\">Esperem que la proposta que us hem presentat durant aquests dies de confinament us hagi resultat interessant. Ens veurem properament.<\/span><\/span><\/em><\/div>\n<div><\/div>\n<div><\/div>\n<div style=\"text-align: justify;\"><em><span style=\"font-size: 14pt;\"><span style=\"font-family: arial, helvetica, sans-serif;\">Ja us enviarem un tokapp per concretar el dia per venir a recollir les notes i el material que hem trobat dels vostres fills i filles a<\/span><strong><span style=\"font-family: arial, helvetica, sans-serif;\"> l<\/span><\/strong><span style=\"font-family: arial, helvetica, sans-serif;\">a classe.<\/span><\/span><\/em><\/div>\n<div><\/div>\n<div style=\"text-align: left;\"><strong><span style=\"font-size: 14pt;\">Molt bones vacances a tothom!\u00a0<\/span><\/strong><\/div>\n<div style=\"text-align: left;\"><\/div>\n<div style=\"text-align: left;\"><em><span style=\"font-size: 14pt;\"><strong><span style=\"font-family: arial, helvetica, sans-serif;\">A reveure&#8230;i fins molt aviat!\u00a0<\/span><\/strong><\/span><\/em><\/div>\n<div style=\"text-align: left;\"><\/div>\n<div><\/div>\n<div><\/div>\n<p style=\"text-align: center;\"><span style=\"font-size: 14pt;\"><em><strong><span style=\"font-family: arial, helvetica, sans-serif;\">Helena i Almudena<\/span><\/strong><\/em><\/span><\/p>\n","protected":false},"excerpt":{"rendered":"<p>Encara tenim una darrera setmana de treball que \u00e9s de molt bon aprofitar&hellip;  <a href=\"https:\/\/agora.xtec.cat\/ceipcassiacostal\/general\/4t-proposta-14a-setmana-de-confinament-del-15-al-19-de-juny\/\" title=\"Read 4t: PROPOSTA 14a SETMANA DE CONFINAMENT (del 15 al 19 de juny)\">Llegeix m\u00e9s\u00bb<\/a><\/p>\n","protected":false},"author":31,"featured_media":18960,"comment_status":"open","ping_status":"closed","sticky":false,"template":"","format":"standard","meta":{"_bbp_topic_count":0,"_bbp_reply_count":0,"_bbp_total_topic_count":0,"_bbp_total_reply_count":0,"_bbp_voice_count":0,"_bbp_anonymous_reply_count":0,"_bbp_topic_count_hidden":0,"_bbp_reply_count_hidden":0,"_bbp_forum_subforum_count":0,"footnotes":""},"categories":[13,1,201,4,5],"tags":[],"class_list":["post-18871","post","type-post","status-publish","format-standard","has-post-thumbnail","hentry","category-4t","category-general","category-jo-em-quedo-a-casa-especial-confinament","category-portada","category-primaria"],"post_mailing_queue_ids":[],"_links":{"self":[{"href":"https:\/\/agora.xtec.cat\/ceipcassiacostal\/wp-json\/wp\/v2\/posts\/18871","targetHints":{"allow":["GET"]}}],"collection":[{"href":"https:\/\/agora.xtec.cat\/ceipcassiacostal\/wp-json\/wp\/v2\/posts"}],"about":[{"href":"https:\/\/agora.xtec.cat\/ceipcassiacostal\/wp-json\/wp\/v2\/types\/post"}],"author":[{"embeddable":true,"href":"https:\/\/agora.xtec.cat\/ceipcassiacostal\/wp-json\/wp\/v2\/users\/31"}],"replies":[{"embeddable":true,"href":"https:\/\/agora.xtec.cat\/ceipcassiacostal\/wp-json\/wp\/v2\/comments?post=18871"}],"version-history":[{"count":3,"href":"https:\/\/agora.xtec.cat\/ceipcassiacostal\/wp-json\/wp\/v2\/posts\/18871\/revisions"}],"predecessor-version":[{"id":19230,"href":"https:\/\/agora.xtec.cat\/ceipcassiacostal\/wp-json\/wp\/v2\/posts\/18871\/revisions\/19230"}],"wp:featuredmedia":[{"embeddable":true,"href":"https:\/\/agora.xtec.cat\/ceipcassiacostal\/wp-json\/wp\/v2\/media\/18960"}],"wp:attachment":[{"href":"https:\/\/agora.xtec.cat\/ceipcassiacostal\/wp-json\/wp\/v2\/media?parent=18871"}],"wp:term":[{"taxonomy":"category","embeddable":true,"href":"https:\/\/agora.xtec.cat\/ceipcassiacostal\/wp-json\/wp\/v2\/categories?post=18871"},{"taxonomy":"post_tag","embeddable":true,"href":"https:\/\/agora.xtec.cat\/ceipcassiacostal\/wp-json\/wp\/v2\/tags?post=18871"}],"curies":[{"name":"wp","href":"https:\/\/api.w.org\/{rel}","templated":true}]}}