{"id":18828,"date":"2020-06-10T16:51:13","date_gmt":"2020-06-10T14:51:13","guid":{"rendered":"http:\/\/agora.xtec.cat\/ceipcassiacostal\/?p=18828"},"modified":"2020-06-11T00:51:41","modified_gmt":"2020-06-10T22:51:41","slug":"aula-dacollida-i-les-parts-de-la-casa","status":"publish","type":"post","link":"https:\/\/agora.xtec.cat\/ceipcassiacostal\/general\/aula-dacollida-i-les-parts-de-la-casa\/","title":{"rendered":"Aula d&#8217;acollida i les parts de la casa!"},"content":{"rendered":"<p>Bon dia nens i nenes!!! Com esteu????<\/p>\n<p>Aquesta setmana parlarem de cases i pisos i de com s\u00f3n per dins. Les parts que hi han i qu\u00e8 hi ha a cadascuna d&#8217;elles.<\/p>\n<p>No us heu imaginat mai com us agradaria que fos la vostra casa????<\/p>\n<p>Doncs&#8230;&#8230;.Aquesta setmana farem d&#8217;arquitectes!!!<\/p>\n<p>Un o una arquitecta, \u00e9s aquella persona que dissenya tota una casa i decideix el nombre d&#8217;habitacions, banys, on estar\u00e0 la cuina i el menjador, si hi haur\u00e0 terrassa, balc\u00f3, garatge o piscina.<\/p>\n<p>Aquesta setmana dissenyareu la vostra pr\u00f2pia casa i posant totes les habitacions i parts de la casa que us agradaria que hi hagu\u00e9s. Podeu posar tot el que vulgueu i fer habitacions especials.<\/p>\n<p>Deixeu anar la vostra imaginaci\u00f3!!!<\/p>\n<p><a href=\"https:\/\/agora.xtec.cat\/ceipcassiacostal\/wp-content\/uploads\/usu719\/2020\/06\/casavuida2.jpg\"><img loading=\"lazy\" decoding=\"async\" class=\" wp-image-18830 alignnone alignleft\" src=\"https:\/\/agora.xtec.cat\/ceipcassiacostal\/wp-content\/uploads\/usu719\/2020\/06\/casavuida2.jpg\" alt=\"\" width=\"292\" height=\"194\" \/><\/a><\/p>\n<p>Recordeu que a la casa hi ha d&#8217;haver una cuina, un bany, un menjador i alguna habitaci\u00f3! A partir de qui&#8230;. IMAGINACI\u00d3!<\/p>\n<p>Us deixo un enlla\u00e7 amb alguns exemples on podreu trobar tamb\u00e9 el nom de totes les parts d&#8217;una casa i les coses que hi podem trobar.<\/p>\n<p><a href=\"http:\/\/www.auladecatala.com\/la-casa\/\">http:\/\/www.auladecatala.com\/la-casa\/<\/a><\/p>\n<p>tamb\u00e9 us adjunto la meva casa perfecta!!!! &lt;<\/p>\n<p>Bon dia nens i nenes!!! Com esteu????<\/p>\n<p>Aquesta setmana parlarem de cases i pisos i de com s\u00f3n per dins. Les parts que hi han i qu\u00e8 hi ha a cadascuna d&#8217;elles.<\/p>\n<p>No us heu imaginat mai com us agradaria que fos la vostra casa????<\/p>\n<p>Doncs&#8230;&#8230;.Aquesta setmana farem d&#8217;arquitectes!!!<\/p>\n<p>Un o una arquitecta, \u00e9s aquella persona que dissenya tota una casa i decideix el n\u00famero d&#8217;habitacions, banys, on estar\u00e0 la cuina i el menjador, si hi haur\u00e0 terrassa, balc\u00f3, garatge o piscina.<\/p>\n<p>Aquesta setmana dissenyareu la vostra pr\u00f2pia casa i posant totes la habitacions i parts de la casa que us agradaria que hi hagu\u00e9s. Podeu posar tot el que vulgueu i fer habitacions especials.<\/p>\n<p>Deixeu anar la vostra imaginaci\u00f3!!!<\/p>\n<p>La setmana vinent penjar\u00e9 algunes de les vostres propostes!!<\/p>\n","protected":false},"excerpt":{"rendered":"<p>Aquesta setmana parlarem de cases i pisos i de com s\u00f3n per dins. Les parts que hi han i qu\u00e8 hi ha a cadascuna d&#8217;elles.&hellip;  <a href=\"https:\/\/agora.xtec.cat\/ceipcassiacostal\/general\/aula-dacollida-i-les-parts-de-la-casa\/\" title=\"Read Aula d&#8217;acollida i les parts de la casa!\">Llegeix m\u00e9s\u00bb<\/a><\/p>\n","protected":false},"author":1,"featured_media":18829,"comment_status":"open","ping_status":"closed","sticky":false,"template":"","format":"standard","meta":{"_bbp_topic_count":0,"_bbp_reply_count":0,"_bbp_total_topic_count":0,"_bbp_total_reply_count":0,"_bbp_voice_count":0,"_bbp_anonymous_reply_count":0,"_bbp_topic_count_hidden":0,"_bbp_reply_count_hidden":0,"_bbp_forum_subforum_count":0,"footnotes":""},"categories":[12,13,14,15,1,201,4],"tags":[],"class_list":["post-18828","post","type-post","status-publish","format-standard","has-post-thumbnail","hentry","category-3r","category-4t","category-5e","category-6e","category-general","category-jo-em-quedo-a-casa-especial-confinament","category-portada"],"post_mailing_queue_ids":[],"_links":{"self":[{"href":"https:\/\/agora.xtec.cat\/ceipcassiacostal\/wp-json\/wp\/v2\/posts\/18828","targetHints":{"allow":["GET"]}}],"collection":[{"href":"https:\/\/agora.xtec.cat\/ceipcassiacostal\/wp-json\/wp\/v2\/posts"}],"about":[{"href":"https:\/\/agora.xtec.cat\/ceipcassiacostal\/wp-json\/wp\/v2\/types\/post"}],"author":[{"embeddable":true,"href":"https:\/\/agora.xtec.cat\/ceipcassiacostal\/wp-json\/wp\/v2\/users\/1"}],"replies":[{"embeddable":true,"href":"https:\/\/agora.xtec.cat\/ceipcassiacostal\/wp-json\/wp\/v2\/comments?post=18828"}],"version-history":[{"count":3,"href":"https:\/\/agora.xtec.cat\/ceipcassiacostal\/wp-json\/wp\/v2\/posts\/18828\/revisions"}],"predecessor-version":[{"id":18870,"href":"https:\/\/agora.xtec.cat\/ceipcassiacostal\/wp-json\/wp\/v2\/posts\/18828\/revisions\/18870"}],"wp:featuredmedia":[{"embeddable":true,"href":"https:\/\/agora.xtec.cat\/ceipcassiacostal\/wp-json\/wp\/v2\/media\/18829"}],"wp:attachment":[{"href":"https:\/\/agora.xtec.cat\/ceipcassiacostal\/wp-json\/wp\/v2\/media?parent=18828"}],"wp:term":[{"taxonomy":"category","embeddable":true,"href":"https:\/\/agora.xtec.cat\/ceipcassiacostal\/wp-json\/wp\/v2\/categories?post=18828"},{"taxonomy":"post_tag","embeddable":true,"href":"https:\/\/agora.xtec.cat\/ceipcassiacostal\/wp-json\/wp\/v2\/tags?post=18828"}],"curies":[{"name":"wp","href":"https:\/\/api.w.org\/{rel}","templated":true}]}}