{"id":18757,"date":"2020-06-08T21:00:55","date_gmt":"2020-06-08T19:00:55","guid":{"rendered":"http:\/\/agora.xtec.cat\/ceipcassiacostal\/?p=18757"},"modified":"2020-06-08T10:20:29","modified_gmt":"2020-06-08T08:20:29","slug":"1r-i-2n-plastica-a-casa-setmana-del-8-al-14-de-juny","status":"publish","type":"post","link":"https:\/\/agora.xtec.cat\/ceipcassiacostal\/general\/1r-i-2n-plastica-a-casa-setmana-del-8-al-14-de-juny\/","title":{"rendered":"1r i 2n: Pl\u00e0stica a casa! Setmana del 8 al 14 de juny"},"content":{"rendered":"<p style=\"text-align: justify;\"><span style=\"background-color: #99ccff; color: #ffffff; font-family: book antiqua, palatino, serif; font-size: 14pt;\"><strong>Benvolgudes fam\u00edlies de 1r i 2n,<\/strong><\/span><\/p>\n<p style=\"text-align: justify;\"><span style=\"font-family: book antiqua, palatino, serif; font-size: 14pt;\"><strong><span style=\"background-color: #ffff99; color: #00ccff;\">Aquesta setmana ser\u00e0 l&#8217;\u00faltima proposta de pl\u00e0stica del curs que us farem, coincidint amb el comen\u00e7ament de la jornada intensiva que haur\u00edem fet sense est\u00e0 confinats.\u00a0 Aquesta \u00e9s la nostra activitat:<br \/>\n<\/span><\/strong><\/span><\/p>\n<p style=\"text-align: justify;\"><span style=\"font-family: book antiqua, palatino, serif; font-size: 14pt;\"><strong><span style=\"background-color: #ffff99; color: #0000ff;\"><span style=\"background-color: #ffcc99;\">Heu de fer un petit experiment de colors: Agafar paper de cuina, pintar-lo amb retoladors per les puntes i posar-lo dins de dos gots d&#8217;aigua. Tamb\u00e9 podeu escoltar la can\u00e7\u00f3 de l&#8217;Arc de Sant Mart\u00ed del POT PETIT.<\/span><\/span> <\/strong><\/span><\/p>\n<p style=\"text-align: justify;\"><span style=\"font-family: book antiqua, palatino, serif; font-size: 14pt;\"><strong><a href=\"https:\/\/agora.xtec.cat\/ceipcassiacostal\/wp-content\/uploads\/usu719\/2020\/06\/rainbow_basic_bright.png\"><img loading=\"lazy\" decoding=\"async\" class=\" wp-image-18758 alignnone\" src=\"https:\/\/agora.xtec.cat\/ceipcassiacostal\/wp-content\/uploads\/usu719\/2020\/06\/rainbow_basic_bright.png\" alt=\"\" width=\"241\" height=\"124\" srcset=\"https:\/\/agora.xtec.cat\/ceipcassiacostal\/wp-content\/uploads\/usu719\/2020\/06\/rainbow_basic_bright.png 576w, https:\/\/agora.xtec.cat\/ceipcassiacostal\/wp-content\/uploads\/usu719\/2020\/06\/rainbow_basic_bright-300x154.png 300w\" sizes=\"auto, (max-width: 241px) 100vw, 241px\" \/><\/a><br \/>\n<\/strong><\/span><\/p>\n<p style=\"text-align: justify;\"><span style=\"font-family: book antiqua, palatino, serif; font-size: 14pt;\"><strong><span style=\"background-color: #ccffcc; color: #cc99ff;\">VOLEM VEURE EL RESULTAT FINAL!! \u00a0 <a style=\"background-color: #ccffcc; color: #cc99ff;\" href=\"https:\/\/agora.xtec.cat\/ceipcassiacostal\/wp-content\/uploads\/usu719\/2020\/06\/0687851cc6a9bb1213b5a12c9f8408ac.png\"><img loading=\"lazy\" decoding=\"async\" class=\"wp-image-18759 alignnone\" src=\"https:\/\/agora.xtec.cat\/ceipcassiacostal\/wp-content\/uploads\/usu719\/2020\/06\/0687851cc6a9bb1213b5a12c9f8408ac.png\" alt=\"\" width=\"49\" height=\"49\" srcset=\"https:\/\/agora.xtec.cat\/ceipcassiacostal\/wp-content\/uploads\/usu719\/2020\/06\/0687851cc6a9bb1213b5a12c9f8408ac.png 640w, https:\/\/agora.xtec.cat\/ceipcassiacostal\/wp-content\/uploads\/usu719\/2020\/06\/0687851cc6a9bb1213b5a12c9f8408ac-150x150.png 150w, https:\/\/agora.xtec.cat\/ceipcassiacostal\/wp-content\/uploads\/usu719\/2020\/06\/0687851cc6a9bb1213b5a12c9f8408ac-300x300.png 300w\" sizes=\"auto, (max-width: 49px) 100vw, 49px\" \/><\/a><\/span><br \/>\n<\/strong><\/span><\/p>\n<p style=\"text-align: justify;\"><span style=\"font-family: book antiqua, palatino, serif; font-size: 18pt; background-color: #ff99cc; color: #ffffff;\"><strong>RECORDEU SEMPRE: FEU VOLAR LA IMAGINACI\u00d3 ! ! !<\/strong><\/span><\/p>\n<p style=\"text-align: justify;\"><span style=\"font-size: 14pt; background-color: #cc99ff; color: #993366;\"><strong><span style=\"font-family: book antiqua, palatino, serif;\">Laura, Montse, Carme i Anna.<\/span> <\/strong><\/span><\/p>\n<div style=\"width: 640px;\" class=\"wp-video\"><!--[if lt IE 9]><script>document.createElement('video');<\/script><![endif]-->\n<video class=\"wp-video-shortcode\" id=\"video-18757-1\" width=\"640\" height=\"640\" preload=\"metadata\" controls=\"controls\"><source type=\"video\/mp4\" src=\"https:\/\/agora.xtec.cat\/ceipcassiacostal\/wp-content\/uploads\/usu719\/2020\/06\/VID-20200608-WA0003.mp4?_=1\" \/><a href=\"https:\/\/agora.xtec.cat\/ceipcassiacostal\/wp-content\/uploads\/usu719\/2020\/06\/VID-20200608-WA0003.mp4\">https:\/\/agora.xtec.cat\/ceipcassiacostal\/wp-content\/uploads\/usu719\/2020\/06\/VID-20200608-WA0003.mp4<\/a><\/video><\/div>\n<p><iframe loading=\"lazy\" title=\"El Pot Petit - Colors de l&#039;arc de Sant Mart\u00ed  (Videoclip oficial)\" width=\"500\" height=\"281\" src=\"https:\/\/www.youtube.com\/embed\/avpkt-PKu7Q?feature=oembed\" frameborder=\"0\" allow=\"accelerometer; autoplay; clipboard-write; encrypted-media; gyroscope; picture-in-picture; web-share\" referrerpolicy=\"strict-origin-when-cross-origin\" allowfullscreen><\/iframe><\/p>\n<p>&nbsp;<\/p>\n<p>&nbsp;<\/p>\n","protected":false},"excerpt":{"rendered":"<p>Benvolgudes fam\u00edlies de 1r i 2n,<br \/>\nAquesta setmana ser\u00e0 l&#8217;\u00faltima proposta de pl\u00e0stica del curs que us farem, coincidint amb el comen\u00e7ament de la jornada intensiva que haur\u00edem fet sense est\u00e0 confinats.\u00a0 Aquesta \u00e9s la nostra activitat:<\/p>\n<p>Heu de fer un petit experiment de colors: Agafar paper&hellip;  <a href=\"https:\/\/agora.xtec.cat\/ceipcassiacostal\/general\/1r-i-2n-plastica-a-casa-setmana-del-8-al-14-de-juny\/\" title=\"Read 1r i 2n: Pl\u00e0stica a casa! Setmana del 8 al 14 de juny\">Llegeix m\u00e9s\u00bb<\/a><\/p>\n","protected":false},"author":20,"featured_media":18766,"comment_status":"open","ping_status":"closed","sticky":false,"template":"","format":"standard","meta":{"_bbp_topic_count":0,"_bbp_reply_count":0,"_bbp_total_topic_count":0,"_bbp_total_reply_count":0,"_bbp_voice_count":0,"_bbp_anonymous_reply_count":0,"_bbp_topic_count_hidden":0,"_bbp_reply_count_hidden":0,"_bbp_forum_subforum_count":0,"footnotes":""},"categories":[10,11,1,201,4,5],"tags":[],"class_list":["post-18757","post","type-post","status-publish","format-standard","has-post-thumbnail","hentry","category-1r","category-2n","category-general","category-jo-em-quedo-a-casa-especial-confinament","category-portada","category-primaria"],"post_mailing_queue_ids":[],"_links":{"self":[{"href":"https:\/\/agora.xtec.cat\/ceipcassiacostal\/wp-json\/wp\/v2\/posts\/18757","targetHints":{"allow":["GET"]}}],"collection":[{"href":"https:\/\/agora.xtec.cat\/ceipcassiacostal\/wp-json\/wp\/v2\/posts"}],"about":[{"href":"https:\/\/agora.xtec.cat\/ceipcassiacostal\/wp-json\/wp\/v2\/types\/post"}],"author":[{"embeddable":true,"href":"https:\/\/agora.xtec.cat\/ceipcassiacostal\/wp-json\/wp\/v2\/users\/20"}],"replies":[{"embeddable":true,"href":"https:\/\/agora.xtec.cat\/ceipcassiacostal\/wp-json\/wp\/v2\/comments?post=18757"}],"version-history":[{"count":3,"href":"https:\/\/agora.xtec.cat\/ceipcassiacostal\/wp-json\/wp\/v2\/posts\/18757\/revisions"}],"predecessor-version":[{"id":18778,"href":"https:\/\/agora.xtec.cat\/ceipcassiacostal\/wp-json\/wp\/v2\/posts\/18757\/revisions\/18778"}],"wp:featuredmedia":[{"embeddable":true,"href":"https:\/\/agora.xtec.cat\/ceipcassiacostal\/wp-json\/wp\/v2\/media\/18766"}],"wp:attachment":[{"href":"https:\/\/agora.xtec.cat\/ceipcassiacostal\/wp-json\/wp\/v2\/media?parent=18757"}],"wp:term":[{"taxonomy":"category","embeddable":true,"href":"https:\/\/agora.xtec.cat\/ceipcassiacostal\/wp-json\/wp\/v2\/categories?post=18757"},{"taxonomy":"post_tag","embeddable":true,"href":"https:\/\/agora.xtec.cat\/ceipcassiacostal\/wp-json\/wp\/v2\/tags?post=18757"}],"curies":[{"name":"wp","href":"https:\/\/api.w.org\/{rel}","templated":true}]}}