{"id":10446,"date":"2019-03-04T23:30:58","date_gmt":"2019-03-04T22:30:58","guid":{"rendered":"http:\/\/agora.xtec.cat\/ceipcassiacostal\/?p=10446"},"modified":"2019-10-07T06:39:29","modified_gmt":"2019-10-07T04:39:29","slug":"vine-a-veure-les-danses-que-hem-apres-a-educacio-fisica","status":"publish","type":"post","link":"https:\/\/agora.xtec.cat\/ceipcassiacostal\/general\/vine-a-veure-les-danses-que-hem-apres-a-educacio-fisica\/","title":{"rendered":"Vine a veure les danses que hem apr\u00e8s a educaci\u00f3 f\u00edsica!"},"content":{"rendered":"<p style=\"text-align: center;\"><span style=\"font-size: 18pt;\">Ets familiar dels alumnes de 5\u00e8?<\/span><\/p>\n<p style=\"text-align: center;\"><span style=\"font-size: 18pt; color: #3366ff;\">Vine a compartir aquesta sessi\u00f3 amb nosaltres! <\/span><\/p>\n<p style=\"text-align: center;\"><span style=\"font-size: 18pt; color: #339966;\">T&#8217;esperem divendres 8 de mar\u00e7, a les <span style=\"text-decoration: underline;\">15:30<\/span>, a la nostra PISTA COBERTA! <\/span><strong>(entrada a les 15:25 per la porta principal)<\/strong><\/p>\n<p><a href=\"https:\/\/agora.xtec.cat\/ceipcassiacostal\/wp-content\/uploads\/usu719\/2019\/03\/dancing-in-family.png\"><img loading=\"lazy\" decoding=\"async\" class=\"wp-image-10448 aligncenter\" src=\"https:\/\/agora.xtec.cat\/ceipcassiacostal\/wp-content\/uploads\/usu719\/2019\/03\/dancing-in-family.png\" alt=\"\" width=\"514\" height=\"426\" srcset=\"https:\/\/agora.xtec.cat\/ceipcassiacostal\/wp-content\/uploads\/usu719\/2019\/03\/dancing-in-family.png 869w, https:\/\/agora.xtec.cat\/ceipcassiacostal\/wp-content\/uploads\/usu719\/2019\/03\/dancing-in-family-300x250.png 300w, https:\/\/agora.xtec.cat\/ceipcassiacostal\/wp-content\/uploads\/usu719\/2019\/03\/dancing-in-family-768x636.png 768w\" sizes=\"auto, (max-width: 514px) 100vw, 514px\" \/><\/a><\/p>\n<p>&nbsp;<\/p>\n<p>Els alumnes de 5\u00e8 us volem ensenyar dues danses que hem apr\u00e8s i que tenen relaci\u00f3 amb la dimensi\u00f3 3 d&#8217;educaci\u00f3 f\u00edsica: Expressi\u00f3 Corporal. Ser\u00e0 la sessi\u00f3 de cloenda del tema de danses i ballarem:<\/p>\n<p>\u2022 <strong><span style=\"color: #3366ff;\">\u201c<\/span><\/strong><span style=\"text-decoration: underline;\"><strong><span style=\"color: #3366ff; text-decoration: underline;\">BRANLE DU RAT<\/span><\/strong><\/span><strong><span style=\"color: #3366ff;\">\u201d<\/span><\/strong><\/p>\n<ul style=\"list-style-type: circle;\">\n<li>Or\u00edgen: <strong>Occit\u00e0nia<\/strong>: part del\u00a0sud de\u00a0Fran\u00e7a, <span style=\"text-decoration: underline;\"><strong>la\u00a0Vall d&#8217;Aran<\/strong><\/span>, les\u00a0valls occitanes del\u00a0Piemont a\u00a0It\u00e0lia i\u00a0M\u00f2naco.<\/li>\n<li>\u00c9s un ball molt senzill (en passos, no en velocitat) que vam comen\u00e7ar a aprendre a 4t i que <strong>es balla en l\u00ednea.<\/strong><\/li>\n<\/ul>\n<p>\u2022 \u201c<span style=\"text-decoration: underline; color: #3366ff;\"><strong>CIRCASSIAN CIRCLE<\/strong><\/span>\u201d<\/p>\n<ul style=\"list-style-type: circle;\">\n<li>Or\u00edgen: <strong>Illes brit\u00e0niques<\/strong>: Gran Bretanya,\u00a0Irlanda.<\/li>\n<li>Fem una adaptaci\u00f3 amb alguns passos b\u00e0sics d\u2019aquestes<strong> danses en rotllana.<\/strong><\/li>\n<\/ul>\n<p style=\"text-align: center;\">No \u00e9s una \u201cexhibici\u00f3 formal\u201d (ja que solament hem fet 6 sessions) sin\u00f3 una classe que volem compartir amb tots vosaltres.<\/p>\n<p style=\"text-align: center;\"><span style=\"font-size: 14pt;\"><strong>Us hi esperem a les 15:30 a la pista coberta!<\/strong><\/span><\/p>\n<p><a href=\"https:\/\/agora.xtec.cat\/ceipcassiacostal\/wp-content\/uploads\/usu719\/2019\/03\/dance-674750_960_720.jpg\"><img loading=\"lazy\" decoding=\"async\" class=\" wp-image-10447 aligncenter\" src=\"https:\/\/agora.xtec.cat\/ceipcassiacostal\/wp-content\/uploads\/usu719\/2019\/03\/dance-674750_960_720.jpg\" alt=\"\" width=\"445\" height=\"445\" srcset=\"https:\/\/agora.xtec.cat\/ceipcassiacostal\/wp-content\/uploads\/usu719\/2019\/03\/dance-674750_960_720.jpg 720w, https:\/\/agora.xtec.cat\/ceipcassiacostal\/wp-content\/uploads\/usu719\/2019\/03\/dance-674750_960_720-150x150.jpg 150w, https:\/\/agora.xtec.cat\/ceipcassiacostal\/wp-content\/uploads\/usu719\/2019\/03\/dance-674750_960_720-300x300.jpg 300w\" sizes=\"auto, (max-width: 445px) 100vw, 445px\" \/><\/a><\/p>\n<p>&nbsp;<\/p>\n","protected":false},"excerpt":{"rendered":"<p>Ets familiar dels alumnes de 5\u00e8? T&#8217;esperem divendres 8 de mar\u00e7, a les 15:30, a la nostra PISTA COBERTA! &hellip;  <a href=\"https:\/\/agora.xtec.cat\/ceipcassiacostal\/general\/vine-a-veure-les-danses-que-hem-apres-a-educacio-fisica\/\" title=\"Read Vine a veure les danses que hem apr\u00e8s a educaci\u00f3 f\u00edsica!\">Llegeix m\u00e9s\u00bb<\/a><\/p>\n","protected":false},"author":3,"featured_media":10447,"comment_status":"open","ping_status":"closed","sticky":false,"template":"","format":"standard","meta":{"_bbp_topic_count":0,"_bbp_reply_count":0,"_bbp_total_topic_count":0,"_bbp_total_reply_count":0,"_bbp_voice_count":0,"_bbp_anonymous_reply_count":0,"_bbp_topic_count_hidden":0,"_bbp_reply_count_hidden":0,"_bbp_forum_subforum_count":0,"footnotes":""},"categories":[14,181,1,4],"tags":[],"class_list":["post-10446","post","type-post","status-publish","format-standard","has-post-thumbnail","hentry","category-5e","category-educacio-fisica","category-general","category-portada"],"post_mailing_queue_ids":[],"_links":{"self":[{"href":"https:\/\/agora.xtec.cat\/ceipcassiacostal\/wp-json\/wp\/v2\/posts\/10446","targetHints":{"allow":["GET"]}}],"collection":[{"href":"https:\/\/agora.xtec.cat\/ceipcassiacostal\/wp-json\/wp\/v2\/posts"}],"about":[{"href":"https:\/\/agora.xtec.cat\/ceipcassiacostal\/wp-json\/wp\/v2\/types\/post"}],"author":[{"embeddable":true,"href":"https:\/\/agora.xtec.cat\/ceipcassiacostal\/wp-json\/wp\/v2\/users\/3"}],"replies":[{"embeddable":true,"href":"https:\/\/agora.xtec.cat\/ceipcassiacostal\/wp-json\/wp\/v2\/comments?post=10446"}],"version-history":[{"count":4,"href":"https:\/\/agora.xtec.cat\/ceipcassiacostal\/wp-json\/wp\/v2\/posts\/10446\/revisions"}],"predecessor-version":[{"id":10455,"href":"https:\/\/agora.xtec.cat\/ceipcassiacostal\/wp-json\/wp\/v2\/posts\/10446\/revisions\/10455"}],"wp:featuredmedia":[{"embeddable":true,"href":"https:\/\/agora.xtec.cat\/ceipcassiacostal\/wp-json\/wp\/v2\/media\/10447"}],"wp:attachment":[{"href":"https:\/\/agora.xtec.cat\/ceipcassiacostal\/wp-json\/wp\/v2\/media?parent=10446"}],"wp:term":[{"taxonomy":"category","embeddable":true,"href":"https:\/\/agora.xtec.cat\/ceipcassiacostal\/wp-json\/wp\/v2\/categories?post=10446"},{"taxonomy":"post_tag","embeddable":true,"href":"https:\/\/agora.xtec.cat\/ceipcassiacostal\/wp-json\/wp\/v2\/tags?post=10446"}],"curies":[{"name":"wp","href":"https:\/\/api.w.org\/{rel}","templated":true}]}}