{"id":10251,"date":"2019-02-21T12:44:13","date_gmt":"2019-02-21T11:44:13","guid":{"rendered":"http:\/\/agora.xtec.cat\/ceipcassiacostal\/?p=10251"},"modified":"2019-03-18T16:25:12","modified_gmt":"2019-03-18T15:25:12","slug":"consell-dalumnes-03-de-2018-19-dia-de-la-pau","status":"publish","type":"post","link":"https:\/\/agora.xtec.cat\/ceipcassiacostal\/general\/consell-dalumnes-03-de-2018-19-dia-de-la-pau\/","title":{"rendered":"Consell d\u2019alumnes 03 de 2018-19: dia de la PAU, pista coberta&#8230;"},"content":{"rendered":"<p>Aquest dilluns hem fet el Consell d&#8217;Alumnes n\u00famero 3. Hem fet la valoraci\u00f3 del Dia de la Pau, s&#8217;han explicat les consignes de Carnestoltes i algunes propostes de millora.<\/p>\n<h2>Valoraci\u00f3 del dia de la Pau:<\/h2>\n<p>A tothom li ha agradat molt m\u00e9s el dia de la pau aquest curs, en qu\u00e8 hem fet una can\u00e7\u00f3 per cicle en lloc d&#8217;una per tota l&#8217;escola.<\/p>\n<p><a href=\"https:\/\/agora.xtec.cat\/ceipcassiacostal\/wp-content\/uploads\/usu719\/2019\/02\/DIA-DE-LA-PAU-2019-3.jpg\"><img loading=\"lazy\" decoding=\"async\" class=\"size-large wp-image-10390\" src=\"https:\/\/agora.xtec.cat\/ceipcassiacostal\/wp-content\/uploads\/usu719\/2019\/02\/DIA-DE-LA-PAU-2019-3-1024x532.jpg\" alt=\"\" width=\"1024\" height=\"532\" srcset=\"https:\/\/agora.xtec.cat\/ceipcassiacostal\/wp-content\/uploads\/usu719\/2019\/02\/DIA-DE-LA-PAU-2019-3-1024x532.jpg 1024w, https:\/\/agora.xtec.cat\/ceipcassiacostal\/wp-content\/uploads\/usu719\/2019\/02\/DIA-DE-LA-PAU-2019-3-300x156.jpg 300w, https:\/\/agora.xtec.cat\/ceipcassiacostal\/wp-content\/uploads\/usu719\/2019\/02\/DIA-DE-LA-PAU-2019-3-768x399.jpg 768w, https:\/\/agora.xtec.cat\/ceipcassiacostal\/wp-content\/uploads\/usu719\/2019\/02\/DIA-DE-LA-PAU-2019-3.jpg 1540w\" sizes=\"auto, (max-width: 1024px) 100vw, 1024px\" \/><\/a><\/p>\n\n\t\t<style type=\"text\/css\">\n\t\t\t#gallery-1 {\n\t\t\t\tmargin: auto;\n\t\t\t}\n\t\t\t#gallery-1 .gallery-item {\n\t\t\t\tfloat: left;\n\t\t\t\tmargin-top: 10px;\n\t\t\t\ttext-align: center;\n\t\t\t\twidth: 33%;\n\t\t\t}\n\t\t\t#gallery-1 img {\n\t\t\t\tborder: 2px solid #cfcfcf;\n\t\t\t}\n\t\t\t#gallery-1 .gallery-caption {\n\t\t\t\tmargin-left: 0;\n\t\t\t}\n\t\t\t\/* see gallery_shortcode() in wp-includes\/media.php *\/\n\t\t<\/style>\n\t\t<div id='gallery-1' class='gallery galleryid-10251 gallery-columns-3 gallery-size-full'><dl class='gallery-item'>\n\t\t\t<dt class='gallery-icon landscape'>\n\t\t\t\t<a href='https:\/\/agora.xtec.cat\/ceipcassiacostal\/general\/consell-dalumnes-03-de-2018-19-dia-de-la-pau\/attachment\/oznor-2\/'><img loading=\"lazy\" decoding=\"async\" width=\"533\" height=\"400\" src=\"https:\/\/agora.xtec.cat\/ceipcassiacostal\/wp-content\/uploads\/usu719\/2019\/02\/DIA-DE-LA-PAU-2019-2.jpg\" class=\"attachment-full size-full\" alt=\"\" srcset=\"https:\/\/agora.xtec.cat\/ceipcassiacostal\/wp-content\/uploads\/usu719\/2019\/02\/DIA-DE-LA-PAU-2019-2.jpg 533w, https:\/\/agora.xtec.cat\/ceipcassiacostal\/wp-content\/uploads\/usu719\/2019\/02\/DIA-DE-LA-PAU-2019-2-300x225.jpg 300w, https:\/\/agora.xtec.cat\/ceipcassiacostal\/wp-content\/uploads\/usu719\/2019\/02\/DIA-DE-LA-PAU-2019-2-200x150.jpg 200w\" sizes=\"auto, (max-width: 533px) 100vw, 533px\" \/><\/a>\n\t\t\t<\/dt><\/dl><dl class='gallery-item'>\n\t\t\t<dt class='gallery-icon landscape'>\n\t\t\t\t<a href='https:\/\/agora.xtec.cat\/ceipcassiacostal\/general\/consell-dalumnes-03-de-2018-19-dia-de-la-pau\/attachment\/oznor-3\/'><img loading=\"lazy\" decoding=\"async\" width=\"533\" height=\"400\" src=\"https:\/\/agora.xtec.cat\/ceipcassiacostal\/wp-content\/uploads\/usu719\/2019\/02\/DIA-DE-LA-PAU-2019-5.jpg\" class=\"attachment-full size-full\" alt=\"\" srcset=\"https:\/\/agora.xtec.cat\/ceipcassiacostal\/wp-content\/uploads\/usu719\/2019\/02\/DIA-DE-LA-PAU-2019-5.jpg 533w, https:\/\/agora.xtec.cat\/ceipcassiacostal\/wp-content\/uploads\/usu719\/2019\/02\/DIA-DE-LA-PAU-2019-5-300x225.jpg 300w, https:\/\/agora.xtec.cat\/ceipcassiacostal\/wp-content\/uploads\/usu719\/2019\/02\/DIA-DE-LA-PAU-2019-5-200x150.jpg 200w\" sizes=\"auto, (max-width: 533px) 100vw, 533px\" \/><\/a>\n\t\t\t<\/dt><\/dl><dl class='gallery-item'>\n\t\t\t<dt class='gallery-icon landscape'>\n\t\t\t\t<a href='https:\/\/agora.xtec.cat\/ceipcassiacostal\/general\/consell-dalumnes-03-de-2018-19-dia-de-la-pau\/attachment\/oznor-4\/'><img loading=\"lazy\" decoding=\"async\" width=\"533\" height=\"400\" src=\"https:\/\/agora.xtec.cat\/ceipcassiacostal\/wp-content\/uploads\/usu719\/2019\/02\/DIA-DE-LA-PAU-2019-8.jpg\" class=\"attachment-full size-full\" alt=\"\" srcset=\"https:\/\/agora.xtec.cat\/ceipcassiacostal\/wp-content\/uploads\/usu719\/2019\/02\/DIA-DE-LA-PAU-2019-8.jpg 533w, https:\/\/agora.xtec.cat\/ceipcassiacostal\/wp-content\/uploads\/usu719\/2019\/02\/DIA-DE-LA-PAU-2019-8-300x225.jpg 300w, https:\/\/agora.xtec.cat\/ceipcassiacostal\/wp-content\/uploads\/usu719\/2019\/02\/DIA-DE-LA-PAU-2019-8-200x150.jpg 200w\" sizes=\"auto, (max-width: 533px) 100vw, 533px\" \/><\/a>\n\t\t\t<\/dt><\/dl><br style=\"clear: both\" \/>\n\t\t<\/div>\n\n<p style=\"text-align: center;\"><span style=\"color: #3366ff; font-family: arial black,sans-serif;\">Felicitem a tots els cantants, presentadors&#8230;\u00a0<\/span><\/p>\n<p style=\"text-align: center;\"><span style=\"color: #3366ff; font-family: arial black,sans-serif;\">i a les senyoretes de m\u00fasica, que s&#8217;han encarregat de preparar les can\u00e7ons.<\/span><\/p>\n<p>Hi ha un curs que demana fer una can\u00e7\u00f3 per curs, per\u00f2 es descarta la proposta, ja que, en tornar de les vacances de Nadal, solament hi ha dues o tres sessions de m\u00fasica per classe per preparar la can\u00e7\u00f3.<\/p>\n<h4>Propostes de millora del dia de la PAU:<\/h4>\n<ul>\n<li>Fer activitats tot el dia: p.e. jocs de diferents pa\u00efsos&#8230; a la tarda. Aquesta activitat ja s&#8217;havia fet algun curs.<\/li>\n<li>Fer algun assaig junts per cicle.<\/li>\n<li>Tornar a fer el minut de silenci.<\/li>\n<\/ul>\n<p>&nbsp;<\/p>\n<h2>Qu\u00e8 farem per Carnestoltes?<\/h2>\n<p><a href=\"https:\/\/agora.xtec.cat\/ceipcassiacostal\/wp-content\/uploads\/usu719\/2019\/02\/carnestoltes-2019.jpg\"><img loading=\"lazy\" decoding=\"async\" class=\"alignnone size-full wp-image-10388 aligncenter\" src=\"https:\/\/agora.xtec.cat\/ceipcassiacostal\/wp-content\/uploads\/usu719\/2019\/02\/carnestoltes-2019.jpg\" alt=\"\" width=\"578\" height=\"393\" srcset=\"https:\/\/agora.xtec.cat\/ceipcassiacostal\/wp-content\/uploads\/usu719\/2019\/02\/carnestoltes-2019.jpg 578w, https:\/\/agora.xtec.cat\/ceipcassiacostal\/wp-content\/uploads\/usu719\/2019\/02\/carnestoltes-2019-300x204.jpg 300w\" sizes=\"auto, (max-width: 578px) 100vw, 578px\" \/><\/a><\/p>\n<p>Hem explicat les <a href=\"https:\/\/agora.xtec.cat\/ceipcassiacostal\/general\/carnaval-2\/\" target=\"_blank\" rel=\"noopener\">consignes de carnestoltes<\/a> . L&#8217;escola passar\u00e0 aquesta setmana <a href=\"https:\/\/agora.xtec.cat\/ceipcassiacostal\/general\/carnaval-2\/\" target=\"_blank\" rel=\"noopener\">aquesta circular<\/a> a les fam\u00edlies.<\/p>\n<p>&nbsp;<\/p>\n<h2>Altres propostes de millora:<\/h2>\n<ul>\n<li>Un curs de 6\u00e8 proposa comprar m\u00e9s llibres de la col\u00b7lecci\u00f3 <a href=\"https:\/\/kalafatikalafate.wordpress.com\/\" target=\"_blank\" rel=\"noopener\">Kalafat<\/a>. <em>Es passar\u00e0 aquesta demanda a la comissi\u00f3 de biblioteca.<\/em><\/li>\n<li>Un curs de 5\u00e8 proposa fer alguna activitat amb els alumnes d&#8217;educaci\u00f3 infantil. <em>Els mestres implicats parlaran per acordar alguna activitat.<\/em><\/li>\n<li>Es parla sobre els nous espais de pati, ja que des de la setmana passada podem utilitzar la pista coberta.<\/li>\n<\/ul>\n\n\t\t<style type=\"text\/css\">\n\t\t\t#gallery-2 {\n\t\t\t\tmargin: auto;\n\t\t\t}\n\t\t\t#gallery-2 .gallery-item {\n\t\t\t\tfloat: left;\n\t\t\t\tmargin-top: 10px;\n\t\t\t\ttext-align: center;\n\t\t\t\twidth: 50%;\n\t\t\t}\n\t\t\t#gallery-2 img {\n\t\t\t\tborder: 2px solid #cfcfcf;\n\t\t\t}\n\t\t\t#gallery-2 .gallery-caption {\n\t\t\t\tmargin-left: 0;\n\t\t\t}\n\t\t\t\/* see gallery_shortcode() in wp-includes\/media.php *\/\n\t\t<\/style>\n\t\t<div id='gallery-2' class='gallery galleryid-10251 gallery-columns-2 gallery-size-full'><dl class='gallery-item'>\n\t\t\t<dt class='gallery-icon landscape'>\n\t\t\t\t<a href='https:\/\/agora.xtec.cat\/ceipcassiacostal\/general\/consell-dalumnes-03-de-2018-19-dia-de-la-pau\/attachment\/pista-coberta-1\/'><img loading=\"lazy\" decoding=\"async\" width=\"711\" height=\"400\" src=\"https:\/\/agora.xtec.cat\/ceipcassiacostal\/wp-content\/uploads\/usu719\/2019\/02\/pista-coberta-1.jpg\" class=\"attachment-full size-full\" alt=\"\" srcset=\"https:\/\/agora.xtec.cat\/ceipcassiacostal\/wp-content\/uploads\/usu719\/2019\/02\/pista-coberta-1.jpg 711w, https:\/\/agora.xtec.cat\/ceipcassiacostal\/wp-content\/uploads\/usu719\/2019\/02\/pista-coberta-1-300x169.jpg 300w\" sizes=\"auto, (max-width: 711px) 100vw, 711px\" \/><\/a>\n\t\t\t<\/dt><\/dl><dl class='gallery-item'>\n\t\t\t<dt class='gallery-icon landscape'>\n\t\t\t\t<a href='https:\/\/agora.xtec.cat\/ceipcassiacostal\/general\/consell-dalumnes-03-de-2018-19-dia-de-la-pau\/attachment\/pista-coberta-2\/'><img loading=\"lazy\" decoding=\"async\" width=\"711\" height=\"400\" src=\"https:\/\/agora.xtec.cat\/ceipcassiacostal\/wp-content\/uploads\/usu719\/2019\/02\/pista-coberta-2.jpg\" class=\"attachment-full size-full\" alt=\"\" srcset=\"https:\/\/agora.xtec.cat\/ceipcassiacostal\/wp-content\/uploads\/usu719\/2019\/02\/pista-coberta-2.jpg 711w, https:\/\/agora.xtec.cat\/ceipcassiacostal\/wp-content\/uploads\/usu719\/2019\/02\/pista-coberta-2-300x169.jpg 300w\" sizes=\"auto, (max-width: 711px) 100vw, 711px\" \/><\/a>\n\t\t\t<\/dt><\/dl><br style=\"clear: both\" \/>\n\t\t<\/div>\n\n<p>Es comenta que com que hi ha un cicle a cadascun dels espais:<\/p>\n<ul>\n<li>Ens podem posar d&#8217;acord en el joc i fer grups barrejats o<\/li>\n<li>Es pot fer la meitat de pista per un dels cursos i l&#8217;altra meitat per l&#8217;altre.<\/li>\n<\/ul>\n<p>Es recorda que hi ha l&#8217;espai de jocs tranquils, per alumnes de qualsevol dels cicles (lectura, parx\u00eds, escacs, cordes, xarranca, jocs de punteria, cursa de xapes&#8230;) i<\/p>\n<p>Que NO es pot menjar a la pista coberta (pavell\u00f3).<\/p>\n<p>&nbsp;<\/p>\n<h2>Tasques per la pr\u00f2xima reuni\u00f3 i dia:<\/h2>\n<ul>\n<li>Valorar les consignes i la sortida al parc (o activitat paral\u00b7lela els alumnes de 6\u00e8).<\/li>\n<li>Proposar consignes per al curs vinent (2019-20).<\/li>\n<li>Dir, si es vol, alguna activitat de les que es faran a les classes per Jornades Culturals.<\/li>\n<\/ul>\n<p>A m\u00e9s, explicarem algunes activitats de Sant Jordi\/ primavera.<\/p>\n<p><strong><span style=\"font-size: 14pt;\">Ens veiem dilluns, 25 de mar\u00e7!\u00a0<\/span><\/strong><\/p>\n","protected":false},"excerpt":{"rendered":"<p>Hem fet la valoraci\u00f3 del Dia de la Pau, s\u2019han explicat les consignes de Carnestoltes i algunes propostes de millora&hellip;  <a href=\"https:\/\/agora.xtec.cat\/ceipcassiacostal\/general\/consell-dalumnes-03-de-2018-19-dia-de-la-pau\/\" title=\"Read Consell d\u2019alumnes 03 de 2018-19: dia de la PAU, pista coberta&#8230;\">Llegeix m\u00e9s\u00bb<\/a><\/p>\n","protected":false},"author":1,"featured_media":10400,"comment_status":"open","ping_status":"closed","sticky":false,"template":"","format":"standard","meta":{"_bbp_topic_count":0,"_bbp_reply_count":0,"_bbp_total_topic_count":0,"_bbp_total_reply_count":0,"_bbp_voice_count":0,"_bbp_anonymous_reply_count":0,"_bbp_topic_count_hidden":0,"_bbp_reply_count_hidden":0,"_bbp_forum_subforum_count":0,"footnotes":""},"categories":[34,1,4],"tags":[],"class_list":["post-10251","post","type-post","status-publish","format-standard","has-post-thumbnail","hentry","category-consell-dalumnes","category-general","category-portada"],"post_mailing_queue_ids":[],"_links":{"self":[{"href":"https:\/\/agora.xtec.cat\/ceipcassiacostal\/wp-json\/wp\/v2\/posts\/10251","targetHints":{"allow":["GET"]}}],"collection":[{"href":"https:\/\/agora.xtec.cat\/ceipcassiacostal\/wp-json\/wp\/v2\/posts"}],"about":[{"href":"https:\/\/agora.xtec.cat\/ceipcassiacostal\/wp-json\/wp\/v2\/types\/post"}],"author":[{"embeddable":true,"href":"https:\/\/agora.xtec.cat\/ceipcassiacostal\/wp-json\/wp\/v2\/users\/1"}],"replies":[{"embeddable":true,"href":"https:\/\/agora.xtec.cat\/ceipcassiacostal\/wp-json\/wp\/v2\/comments?post=10251"}],"version-history":[{"count":3,"href":"https:\/\/agora.xtec.cat\/ceipcassiacostal\/wp-json\/wp\/v2\/posts\/10251\/revisions"}],"predecessor-version":[{"id":10421,"href":"https:\/\/agora.xtec.cat\/ceipcassiacostal\/wp-json\/wp\/v2\/posts\/10251\/revisions\/10421"}],"wp:featuredmedia":[{"embeddable":true,"href":"https:\/\/agora.xtec.cat\/ceipcassiacostal\/wp-json\/wp\/v2\/media\/10400"}],"wp:attachment":[{"href":"https:\/\/agora.xtec.cat\/ceipcassiacostal\/wp-json\/wp\/v2\/media?parent=10251"}],"wp:term":[{"taxonomy":"category","embeddable":true,"href":"https:\/\/agora.xtec.cat\/ceipcassiacostal\/wp-json\/wp\/v2\/categories?post=10251"},{"taxonomy":"post_tag","embeddable":true,"href":"https:\/\/agora.xtec.cat\/ceipcassiacostal\/wp-json\/wp\/v2\/tags?post=10251"}],"curies":[{"name":"wp","href":"https:\/\/api.w.org\/{rel}","templated":true}]}}