{"id":247,"count":11,"description":"<b>Programa de contractaci\u00f3 de t\u00e8cnics d\u2019integraci\u00f3 social i educadors socials<\/b>\r\n\r\n<span style=\"font-weight: 400;\">El centre <\/span><b>Cassi\u00e0 Costal<\/b><span style=\"font-weight: 400;\"> disposa de professionals d\u2019atenci\u00f3 educativa amb la finalitat de garantir l\u2019equitat en l\u2019acc\u00e9s a l\u2019educaci\u00f3: una <\/span><b>t\u00e8cnic\/a d\u2019integraci\u00f3 social.<\/b>\r\n\r\n<span style=\"font-weight: 400;\">La contractaci\u00f3 d\u2019aquest professional est\u00e0 cofinan\u00e7ada en un 40 % per la Uni\u00f3 Europea i la resta pel Departament d\u2019Educaci\u00f3 i Formaci\u00f3 Professional, fet que comporta complir unes mesures de publicitat i comunicaci\u00f3.<\/span>\r\n\r\n<span style=\"font-weight: 400;\">La incorporaci\u00f3 de t\u00e8cnics d\u2019integraci\u00f3 social <\/span><b>t\u00e9 com a objecte<\/b><span style=\"font-weight: 400;\"> suplementar amb professionals d'atenci\u00f3 educativa l'activitat que es presta en els centres educatius, amb la finalitat de garantir l'equitat en l'acc\u00e9s a l\u2019educaci\u00f3.<\/span>\r\n\r\n<span style=\"font-weight: 400;\">Els objectius del <\/span><b>Programa de t\u00e8cnics d\u2019integraci\u00f3 social i educadors socials<\/b><span style=\"font-weight: 400;\">, <\/span><b>cofinan\u00e7at per la Uni\u00f3 Europea<\/b><span style=\"font-weight: 400;\">, s\u00f3n:<\/span>\r\n<ul>\r\n \t<li style=\"font-weight: 400;\" aria-level=\"1\"><span style=\"font-weight: 400;\">Prevenir l\u2019abandonament prematur i el frac\u00e0s escolar.<\/span><\/li>\r\n \t<li style=\"font-weight: 400;\" aria-level=\"1\"><span style=\"font-weight: 400;\">Procurar el benestar emocional dels alumnes.<\/span><\/li>\r\n \t<li style=\"font-weight: 400;\" aria-level=\"1\"><span style=\"font-weight: 400;\">Facilitar una bona conviv\u00e8ncia en els centres educatius.<\/span><\/li>\r\n \t<li style=\"font-weight: 400;\" aria-level=\"1\"><span style=\"font-weight: 400;\">Contribuir a l\u2019orientaci\u00f3 dels alumnes.<\/span><\/li>\r\n \t<li style=\"font-weight: 400;\" aria-level=\"1\"><span style=\"font-weight: 400;\">Fomentar la implicaci\u00f3 de les fam\u00edlies.<\/span><\/li>\r\n \t<li style=\"font-weight: 400;\" aria-level=\"1\"><span style=\"font-weight: 400;\">Fomentar el vincle entre l\u2019escola i el seu entorn.<\/span><\/li>\r\n \t<li style=\"font-weight: 400;\" aria-level=\"1\"><span style=\"font-weight: 400;\">Contribuir al desenvolupament de plans d\u2019\u00e0mbit comunitari.<\/span><\/li>\r\n<\/ul>\r\n<span style=\"font-weight: 400;\">El resultat esperat del programa \u00e9s reduir l\u2019absentisme escolar i l\u2019abandonament prematur.\u00a0<\/span>\r\n\r\n<b><img class=\"wp-image-37691 aligncenter\" src=\"https:\/\/agora.xtec.cat\/ceipcassiacostal\/wp-content\/uploads\/usu719\/2025\/03\/logo-cofinancament-TIS.png\" alt=\"\" width=\"397\" height=\"106\" \/><\/b>","link":"https:\/\/agora.xtec.cat\/ceipcassiacostal\/categoria\/activitats-amb-families-programa-tis-i-pde\/","name":"Programa TIS i PdE\/ Fam\u00edlies","slug":"activitats-amb-families-programa-tis-i-pde","taxonomy":"category","parent":0,"meta":[],"_links":{"self":[{"href":"https:\/\/agora.xtec.cat\/ceipcassiacostal\/wp-json\/wp\/v2\/categories\/247","targetHints":{"allow":["GET"]}}],"collection":[{"href":"https:\/\/agora.xtec.cat\/ceipcassiacostal\/wp-json\/wp\/v2\/categories"}],"about":[{"href":"https:\/\/agora.xtec.cat\/ceipcassiacostal\/wp-json\/wp\/v2\/taxonomies\/category"}],"wp:post_type":[{"href":"https:\/\/agora.xtec.cat\/ceipcassiacostal\/wp-json\/wp\/v2\/posts?categories=247"}],"curies":[{"name":"wp","href":"https:\/\/api.w.org\/{rel}","templated":true}]}}