{"id":24,"count":152,"description":"<h1 style=\"text-align: left;\">Del BiblioCassi\u00e0\u00a0al Renova't BiblioCassi\u00e0!<\/h1>\r\n<p style=\"text-align: left;\">El 2022-2023, vam tenir el Bibliocassi\u00e0 en reformes. Vol\u00edem crear un espai m\u00e9s acollidor per tota la comunitat educativa.<img class=\"wp-image-31370 alignright\" src=\"https:\/\/agora.xtec.cat\/ceipcassiacostal\/wp-content\/uploads\/usu719\/2023\/11\/bibliovassia-1024x673.jpeg\" alt=\"\" width=\"266\" height=\"175\" \/><\/p>\r\n<p style=\"text-align: left;\">Hem jubilat en <span style=\"font-size: 14pt;\"><em>\"Llibre M\u00f3n\"<\/em><\/span> i \"en <span style=\"font-size: 14pt;\"><em>Trapella<\/em><\/span>\", les nostres antigu<span style=\"font-family: inherit; font-size: 1em;\">es mascotes.<\/span><\/p>\r\n<strong>El 24 d'octubre, l'Ajuntament de Girona ens dona la subvenci\u00f3 \"<a href=\"https:\/\/agora.xtec.cat\/ceipcassiacostal\/general\/lajuntament-de-girona-reconeix-lescola-cassia-costal-amb-la-subvencio-activa-la-biblioteca\/\"><span style=\"text-decoration: underline;\">Activa la Biblioteca<\/span><\/a>\" i el 10 de novembre de 2023 inaugurem la nova biblioteca.<\/strong>\r\n<p style=\"text-align: left;\">Esperem comptar amb la vostra col\u00b7laboraci\u00f3 per potenciar el gust per la lectura en els vostres fills i filles i poder compartir experi\u00e8ncies, lectures, autors... Moltes gr\u00e0cies!<\/p>\r\n<p style=\"text-align: left;\">El nostre blog est\u00e0 incl\u00f2s en el <a href=\"http:\/\/blocs.xtec.cat\/bibliotequesescolars\/\" target=\"_blank\" rel=\"noopener noreferrer\">Di<\/a><a href=\"http:\/\/blocs.xtec.cat\/bibliotequesescolars\/\" target=\"_blank\" rel=\"noopener noreferrer\">rectori de blogs i webs de les biblioteques escolars de Catalunya<\/a>. Aquesta iniciativa t\u00e9 un triple objectiu: difondre la pres\u00e8ncia de les biblioteques escolars a la xarxa, promoure\u2019n\u00a0 la dimensi\u00f3 virtual i donar a con\u00e8ixer les bones pr\u00e0ctiques.<\/p>\r\n<img class=\"alignnone size-full wp-image-35142 aligncenter\" src=\"https:\/\/agora.xtec.cat\/ceipcassiacostal\/wp-content\/uploads\/usu719\/2024\/07\/Dibuix-sense-titol-14.png\" alt=\"\" width=\"429\" height=\"96\" \/>\r\n<ul>\r\n \t<li><span style=\"color: #3366ff;\"><a style=\"color: #3366ff;\" href=\"https:\/\/web2.girona.cat\/biblioteques\/cat\/agenda.php\" target=\"_blank\" rel=\"noopener noreferrer\">Agenda d'activitats Biblioteques de Girona<\/a>.\u00a0 <\/span><\/li>\r\n<\/ul>","link":"https:\/\/agora.xtec.cat\/ceipcassiacostal\/categoria\/biblio\/","name":"Biblioteca","slug":"biblio","taxonomy":"category","parent":0,"meta":[],"_links":{"self":[{"href":"https:\/\/agora.xtec.cat\/ceipcassiacostal\/wp-json\/wp\/v2\/categories\/24","targetHints":{"allow":["GET"]}}],"collection":[{"href":"https:\/\/agora.xtec.cat\/ceipcassiacostal\/wp-json\/wp\/v2\/categories"}],"about":[{"href":"https:\/\/agora.xtec.cat\/ceipcassiacostal\/wp-json\/wp\/v2\/taxonomies\/category"}],"wp:post_type":[{"href":"https:\/\/agora.xtec.cat\/ceipcassiacostal\/wp-json\/wp\/v2\/posts?categories=24"}],"curies":[{"name":"wp","href":"https:\/\/api.w.org\/{rel}","templated":true}]}}