{"id":3842,"date":"2026-02-06T20:13:23","date_gmt":"2026-02-06T19:13:23","guid":{"rendered":"https:\/\/agora.xtec.cat\/ceipcascavell\/?p=3842"},"modified":"2026-02-24T20:23:37","modified_gmt":"2026-02-24T19:23:37","slug":"arribada-de-la-reina-carnestoltes-2026","status":"publish","type":"post","link":"https:\/\/agora.xtec.cat\/ceipcascavell\/portada-2\/arribada-de-la-reina-carnestoltes-2026\/","title":{"rendered":"Arribada de la reina Carnestoltes 2026"},"content":{"rendered":"<p style=\"text-align: justify;\" data-start=\"89\" data-end=\"253\">Ja \u00e9s aqu\u00ed la setmana m\u00e9s esbojarrada, acolorida i divertida de tot el curs! \ud83c\udf89<br data-start=\"168\" data-end=\"171\" \/>Prepareu-vos perqu\u00e8 l\u2019escola Cascavell es transforma\u2026 en un aut\u00e8ntic CIRC! \ud83e\udd39\u200d\u2640\ufe0f\ud83c\udfaa<\/p>\n<p style=\"text-align: justify;\" data-start=\"255\" data-end=\"491\">Aquest any, el fil conductor ens porta entre malabaristes, pallassos, venedores de crispetes, for\u00e7uts&#8230; capa\u00e7os de fer-nos obrir la boca de sorpresa. I com tota gran festa necessita una gran benvinguda, hem rebut com cal la Reina Carnestoltes!<\/p>\n<p style=\"text-align: justify;\" data-start=\"493\" data-end=\"903\">Representants de tota la comunitat educativa \u2014fam\u00edlies, alumnes, monitores, mestres i personal de l\u2019escola\u2014 ens hem reunit al pati per viure un dels moments m\u00e9s esperats: els tradicionals rodolins! \ud83c\udfa4\ud83d\ude04<br data-start=\"695\" data-end=\"698\" \/>Els alumnes de 6\u00e8 s\u2019han convertit en aut\u00e8ntics poetes de la disbauxa i han dedicat versos ben divertits a mestres i monitors. Hi ha hagut rialles, cares vermelles\u2026 i m\u00e9s d\u2019un \u201cai, ai, ai!\u201d entre el p\u00fablic! <a href=\"https:\/\/agora.xtec.cat\/ceipcascavell\/wp-content\/uploads\/usu963\/2026\/02\/IMG_20260211_192127.jpg\"><img loading=\"lazy\" decoding=\"async\" class=\" wp-image-3843 alignright\" src=\"https:\/\/agora.xtec.cat\/ceipcascavell\/wp-content\/uploads\/usu963\/2026\/02\/IMG_20260211_192127-300x300.jpg\" alt=\"\" width=\"342\" height=\"342\" srcset=\"https:\/\/agora.xtec.cat\/ceipcascavell\/wp-content\/uploads\/usu963\/2026\/02\/IMG_20260211_192127-300x300.jpg 300w, https:\/\/agora.xtec.cat\/ceipcascavell\/wp-content\/uploads\/usu963\/2026\/02\/IMG_20260211_192127-1024x1024.jpg 1024w, https:\/\/agora.xtec.cat\/ceipcascavell\/wp-content\/uploads\/usu963\/2026\/02\/IMG_20260211_192127-150x150.jpg 150w, https:\/\/agora.xtec.cat\/ceipcascavell\/wp-content\/uploads\/usu963\/2026\/02\/IMG_20260211_192127-768x768.jpg 768w, https:\/\/agora.xtec.cat\/ceipcascavell\/wp-content\/uploads\/usu963\/2026\/02\/IMG_20260211_192127-1536x1536.jpg 1536w, https:\/\/agora.xtec.cat\/ceipcascavell\/wp-content\/uploads\/usu963\/2026\/02\/IMG_20260211_192127.jpg 1564w\" sizes=\"auto, (max-width: 342px) 100vw, 342px\" \/><\/a><\/p>\n<p style=\"text-align: justify;\" data-start=\"905\" data-end=\"1148\">Tot seguit, els pregoners i pregoneres, amb molta solemnitat (i una mica de teatre \ud83d\ude09), ens han anunciat les consignes de la setmana. Atenci\u00f3, que la Reina Carnestoltes no perdona!<br data-start=\"1070\" data-end=\"1073\" \/>Dilluns\u2026 dimarts\u2026 dimecres\u2026 dijous\u2026 i, \u00e9s clar, divendres\u2026 la GRAN RUA! \ud83c\udfad\u2728<\/p>\n<p style=\"text-align: justify;\" data-start=\"1150\" data-end=\"1400\">I per acabar aquest primer dia com cal, no podia faltar una bona xocolatada!<\/p>\n<p style=\"text-align: justify;\" data-start=\"1150\" data-end=\"1400\">Gr\u00e0cies a la nostra empresa de confian\u00e7a, <a href=\"https:\/\/www.teno.cat\/es\/\">Teno<\/a>, hem pogut gaudir de melindros ben sucats amb xocolata mentre la m\u00fasica omplia el pati i els peus no podien parar quiets. \ud83c\udf6b\ud83c\udfb6<\/p>\n<p style=\"text-align: justify;\" data-start=\"1402\" data-end=\"1498\" data-is-last-node=\"\" data-is-only-node=\"\">Ara s\u00ed\u2026<br data-start=\"1409\" data-end=\"1412\" \/>Que comenci la festa!<br data-start=\"1433\" data-end=\"1436\" \/>Que comenci la disbauxa!<br data-start=\"1460\" data-end=\"1463\" \/>Que comenci el CARNESTOLTES! \ud83d\udc51\ud83c\udf89\ud83c\udfaa<\/p>\n<p data-start=\"1402\" data-end=\"1498\" data-is-last-node=\"\" data-is-only-node=\"\">\r\n\t<div class=\"slideshow_container slideshow_container_style-light\" style=\"height: 300px; \" data-slideshow-id=\"3847\" data-style-name=\"style-light\" data-style-version=\"2.3.1\" >\r\n\r\n\t\t\t\t\t<div class=\"slideshow_loading_icon\"><\/div>\r\n\t\t\r\n\t\t<div class=\"slideshow_content\" style=\"display: none;\">\r\n\r\n\t\t\t<div class=\"slideshow_view\">\r\n\t\t\t\t<div class=\"slideshow_slide slideshow_slide_image\">\r\n\t\t\t\t\t\t\t\t\t\t\t<img src=\"https:\/\/agora.xtec.cat\/ceipcascavell\/wp-content\/uploads\/usu963\/2026\/02\/IMG_9364_11zon-scaled.jpg\" alt=\"IMG_9364_11zon\" width=\"2560\" height=\"1920\" \/>\r\n\t\t\t\t\t\t\t\t\t\t<div class=\"slideshow_description_box slideshow_transparent\">\r\n\t\t\t\t\t\t<div class=\"slideshow_title\">IMG_9364_11zon<\/div>\t\t\t\t\t\t\t\t\t\t\t<\/div>\r\n\t\t\t\t<\/div>\r\n\r\n\t\t\t\t\t\t<div style=\"clear: both;\"><\/div><\/div><div class=\"slideshow_view\">\r\n\t\t\t\t<div class=\"slideshow_slide slideshow_slide_image\">\r\n\t\t\t\t\t\t\t\t\t\t\t<img src=\"https:\/\/agora.xtec.cat\/ceipcascavell\/wp-content\/uploads\/usu963\/2026\/02\/IMG_9360_11zon-scaled.jpg\" alt=\"IMG_9360_11zon\" width=\"2560\" height=\"1920\" \/>\r\n\t\t\t\t\t\t\t\t\t\t<div class=\"slideshow_description_box slideshow_transparent\">\r\n\t\t\t\t\t\t<div class=\"slideshow_title\">IMG_9360_11zon<\/div>\t\t\t\t\t\t\t\t\t\t\t<\/div>\r\n\t\t\t\t<\/div>\r\n\r\n\t\t\t\t\t\t<div style=\"clear: both;\"><\/div><\/div><div class=\"slideshow_view\">\r\n\t\t\t\t<div class=\"slideshow_slide slideshow_slide_image\">\r\n\t\t\t\t\t\t\t\t\t\t\t<img src=\"https:\/\/agora.xtec.cat\/ceipcascavell\/wp-content\/uploads\/usu963\/2026\/02\/IMG_9366_11zon-scaled.jpg\" alt=\"IMG_9366_11zon\" width=\"2560\" height=\"1920\" \/>\r\n\t\t\t\t\t\t\t\t\t\t<div class=\"slideshow_description_box slideshow_transparent\">\r\n\t\t\t\t\t\t<div class=\"slideshow_title\">IMG_9366_11zon<\/div>\t\t\t\t\t\t\t\t\t\t\t<\/div>\r\n\t\t\t\t<\/div>\r\n\r\n\t\t\t\t\t\t<div style=\"clear: both;\"><\/div><\/div><div class=\"slideshow_view\">\r\n\t\t\t\t<div class=\"slideshow_slide slideshow_slide_image\">\r\n\t\t\t\t\t\t\t\t\t\t\t<img src=\"https:\/\/agora.xtec.cat\/ceipcascavell\/wp-content\/uploads\/usu963\/2026\/02\/IMG_9358-scaled.jpg\" alt=\"IMG_9358\" width=\"2560\" height=\"1920\" \/>\r\n\t\t\t\t\t\t\t\t\t\t<div class=\"slideshow_description_box slideshow_transparent\">\r\n\t\t\t\t\t\t<div class=\"slideshow_title\">IMG_9358<\/div>\t\t\t\t\t\t\t\t\t\t\t<\/div>\r\n\t\t\t\t<\/div>\r\n\r\n\t\t\t\t\t\t<div style=\"clear: both;\"><\/div><\/div><div class=\"slideshow_view\">\r\n\t\t\t\t<div class=\"slideshow_slide slideshow_slide_image\">\r\n\t\t\t\t\t\t\t\t\t\t\t<img src=\"https:\/\/agora.xtec.cat\/ceipcascavell\/wp-content\/uploads\/usu963\/2026\/02\/IMG_9367-scaled.jpg\" alt=\"IMG_9367\" width=\"2560\" height=\"1920\" \/>\r\n\t\t\t\t\t\t\t\t\t\t<div class=\"slideshow_description_box slideshow_transparent\">\r\n\t\t\t\t\t\t<div class=\"slideshow_title\">IMG_9367<\/div>\t\t\t\t\t\t\t\t\t\t\t<\/div>\r\n\t\t\t\t<\/div>\r\n\r\n\t\t\t\t\t\t<div style=\"clear: both;\"><\/div><\/div>\r\n\t\t<\/div>\r\n\r\n\t\t<div class=\"slideshow_controlPanel slideshow_transparent\" style=\"display: none;\"><ul><li class=\"slideshow_togglePlay\" data-play-text=\"Visualitza\" data-pause-text=\"Pausa\"><\/li><\/ul><\/div>\r\n\r\n\t\t<div class=\"slideshow_button slideshow_previous slideshow_transparent\" role=\"button\" data-previous-text=\"Anterior\" style=\"display: none;\"><\/div>\r\n\t\t<div class=\"slideshow_button slideshow_next slideshow_transparent\" role=\"button\" data-next-text=\"Seg\u00fcent\" style=\"display: none;\"><\/div>\r\n\r\n\t\t<div class=\"slideshow_pagination\" style=\"display: none;\" data-go-to-text=\"V\u00e9s a la diapositiva\"><div class=\"slideshow_pagination_center\"><\/div><\/div>\r\n\r\n\t\t<!-- WordPress Slideshow Version 2.3.1 -->\r\n\r\n\t\t\t<\/div>\r\n\r\n<\/p>\n","protected":false},"excerpt":{"rendered":"<p>Ja \u00e9s aqu\u00ed la setmana m\u00e9s esbojarrada, acolorida i divertida de tot el curs! \ud83c\udf89Prepareu-vos perqu\u00e8 l\u2019escola Cascavell es transforma\u2026 en un aut\u00e8ntic CIRC! \ud83e\udd39\u200d\u2640\ufe0f\ud83c\udfaa Aquest any, el fil conductor ens porta entre malabaristes, pallassos, venedores de crispetes, for\u00e7uts&#8230; capa\u00e7os de fer-nos obrir la boca de sorpresa. I com tota gran festa necessita una gran [&hellip;]<\/p>\n","protected":false},"author":21,"featured_media":3855,"comment_status":"closed","ping_status":"closed","sticky":false,"template":"","format":"standard","meta":{"_bbp_topic_count":0,"_bbp_reply_count":0,"_bbp_total_topic_count":0,"_bbp_total_reply_count":0,"_bbp_voice_count":0,"_bbp_anonymous_reply_count":0,"_bbp_topic_count_hidden":0,"_bbp_reply_count_hidden":0,"_bbp_forum_subforum_count":0,"site-sidebar-layout":"default","site-content-layout":"","ast-site-content-layout":"default","site-content-style":"default","site-sidebar-style":"default","ast-global-header-display":"","ast-banner-title-visibility":"","ast-main-header-display":"","ast-hfb-above-header-display":"","ast-hfb-below-header-display":"","ast-hfb-mobile-header-display":"","site-post-title":"","ast-breadcrumbs-content":"","ast-featured-img":"","footer-sml-layout":"","theme-transparent-header-meta":"default","adv-header-id-meta":"","stick-header-meta":"","header-above-stick-meta":"","header-main-stick-meta":"","header-below-stick-meta":"","astra-migrate-meta-layouts":"set","ast-page-background-enabled":"default","ast-page-background-meta":{"desktop":{"background-color":"var(--ast-global-color-4)","background-image":"","background-repeat":"repeat","background-position":"center center","background-size":"auto","background-attachment":"scroll","background-type":"","background-media":"","overlay-type":"","overlay-color":"","overlay-opacity":"","overlay-gradient":""},"tablet":{"background-color":"","background-image":"","background-repeat":"repeat","background-position":"center center","background-size":"auto","background-attachment":"scroll","background-type":"","background-media":"","overlay-type":"","overlay-color":"","overlay-opacity":"","overlay-gradient":""},"mobile":{"background-color":"","background-image":"","background-repeat":"repeat","background-position":"center center","background-size":"auto","background-attachment":"scroll","background-type":"","background-media":"","overlay-type":"","overlay-color":"","overlay-opacity":"","overlay-gradient":""}},"ast-content-background-meta":{"desktop":{"background-color":"var(--ast-global-color-5)","background-image":"","background-repeat":"repeat","background-position":"center center","background-size":"auto","background-attachment":"scroll","background-type":"","background-media":"","overlay-type":"","overlay-color":"","overlay-opacity":"","overlay-gradient":""},"tablet":{"background-color":"var(--ast-global-color-5)","background-image":"","background-repeat":"repeat","background-position":"center center","background-size":"auto","background-attachment":"scroll","background-type":"","background-media":"","overlay-type":"","overlay-color":"","overlay-opacity":"","overlay-gradient":""},"mobile":{"background-color":"var(--ast-global-color-5)","background-image":"","background-repeat":"repeat","background-position":"center center","background-size":"auto","background-attachment":"scroll","background-type":"","background-media":"","overlay-type":"","overlay-color":"","overlay-opacity":"","overlay-gradient":""}},"footnotes":""},"categories":[2,1,4,5],"tags":[],"class_list":["post-3842","post","type-post","status-publish","format-standard","has-post-thumbnail","hentry","category-infantil","category-portada-2","category-portada","category-primaria"],"post_mailing_queue_ids":[],"_links":{"self":[{"href":"https:\/\/agora.xtec.cat\/ceipcascavell\/wp-json\/wp\/v2\/posts\/3842","targetHints":{"allow":["GET"]}}],"collection":[{"href":"https:\/\/agora.xtec.cat\/ceipcascavell\/wp-json\/wp\/v2\/posts"}],"about":[{"href":"https:\/\/agora.xtec.cat\/ceipcascavell\/wp-json\/wp\/v2\/types\/post"}],"author":[{"embeddable":true,"href":"https:\/\/agora.xtec.cat\/ceipcascavell\/wp-json\/wp\/v2\/users\/21"}],"replies":[{"embeddable":true,"href":"https:\/\/agora.xtec.cat\/ceipcascavell\/wp-json\/wp\/v2\/comments?post=3842"}],"version-history":[{"count":3,"href":"https:\/\/agora.xtec.cat\/ceipcascavell\/wp-json\/wp\/v2\/posts\/3842\/revisions"}],"predecessor-version":[{"id":3854,"href":"https:\/\/agora.xtec.cat\/ceipcascavell\/wp-json\/wp\/v2\/posts\/3842\/revisions\/3854"}],"wp:featuredmedia":[{"embeddable":true,"href":"https:\/\/agora.xtec.cat\/ceipcascavell\/wp-json\/wp\/v2\/media\/3855"}],"wp:attachment":[{"href":"https:\/\/agora.xtec.cat\/ceipcascavell\/wp-json\/wp\/v2\/media?parent=3842"}],"wp:term":[{"taxonomy":"category","embeddable":true,"href":"https:\/\/agora.xtec.cat\/ceipcascavell\/wp-json\/wp\/v2\/categories?post=3842"},{"taxonomy":"post_tag","embeddable":true,"href":"https:\/\/agora.xtec.cat\/ceipcascavell\/wp-json\/wp\/v2\/tags?post=3842"}],"curies":[{"name":"wp","href":"https:\/\/api.w.org\/{rel}","templated":true}]}}