{"id":3607,"date":"2025-03-04T16:20:36","date_gmt":"2025-03-04T15:20:36","guid":{"rendered":"https:\/\/agora.xtec.cat\/ceipcascavell\/?p=3607"},"modified":"2025-03-18T16:53:47","modified_gmt":"2025-03-18T15:53:47","slug":"llega-el-carnaval-al-cascavell","status":"publish","type":"post","link":"https:\/\/agora.xtec.cat\/ceipcascavell\/portada-2\/llega-el-carnaval-al-cascavell\/","title":{"rendered":"Llega el Carnaval al Cascavell!"},"content":{"rendered":"<p><span style=\"font-weight: 400;\">Durante las \u00faltimas semanas hemos estado preparando los disfraces de carnaval. <a href=\"https:\/\/agora.xtec.cat\/ceipcascavell\/wp-content\/uploads\/usu963\/2025\/03\/PHOTO-2025-03-11-09-00-07-2.jpg\"><img loading=\"lazy\" decoding=\"async\" class=\" wp-image-3610 alignright\" src=\"https:\/\/agora.xtec.cat\/ceipcascavell\/wp-content\/uploads\/usu963\/2025\/03\/PHOTO-2025-03-11-09-00-07-2-225x300.jpg\" alt=\"\" width=\"167\" height=\"223\" srcset=\"https:\/\/agora.xtec.cat\/ceipcascavell\/wp-content\/uploads\/usu963\/2025\/03\/PHOTO-2025-03-11-09-00-07-2-225x300.jpg 225w, https:\/\/agora.xtec.cat\/ceipcascavell\/wp-content\/uploads\/usu963\/2025\/03\/PHOTO-2025-03-11-09-00-07-2.jpg 480w\" sizes=\"auto, (max-width: 167px) 100vw, 167px\" \/><\/a><\/span><span style=\"font-weight: 400;\">El d\u00eda que lleg\u00f3 la reina de carnaval no pudimos salir al patio porque estaba lloviendo y\u00a0 tuvimos que comer chocolate en la clase. <\/span><\/p>\n<ul>\n<li><span style=\"font-weight: 400;\">El lunes nos dej\u00f3 escoger nuestro disfraz favorito. <\/span><\/li>\n<li><span style=\"font-weight: 400;\">El martes trajimos la ropa de un familiar. <\/span><\/li>\n<li><span style=\"font-weight: 400;\">El mi\u00e9rcoles vinimos con nuestro pijama. <\/span><\/li>\n<li><span style=\"font-weight: 400;\">El jueves con un peinado divertido. <\/span><\/li>\n<li><span style=\"font-weight: 400;\">El viernes cada clase se disfraz\u00f3 de un arte. <\/span><\/li>\n<\/ul>\n<p><span style=\"font-weight: 400;\">Finalmente, hicimos una r\u00faa por el barrio y acabamos bailando todos juntos. Por la tarde cada clase hizo unos talleres relacionados con el carnaval: pintar m\u00e1scaras, hacer juegos y sopa de letras\u2026 Fue una semana muy divertida.<\/span><\/p>\n\r\n\t<div class=\"slideshow_container slideshow_container_style-light\" style=\"height: 300px; \" data-slideshow-id=\"3613\" data-style-name=\"style-light\" data-style-version=\"2.3.1\" >\r\n\r\n\t\t\t\t\t<div class=\"slideshow_loading_icon\"><\/div>\r\n\t\t\r\n\t\t<div class=\"slideshow_content\" style=\"display: none;\">\r\n\r\n\t\t\t<div class=\"slideshow_view\">\r\n\t\t\t\t<div class=\"slideshow_slide slideshow_slide_image\">\r\n\t\t\t\t\t\t\t\t\t\t\t<img src=\"https:\/\/agora.xtec.cat\/ceipcascavell\/wp-content\/uploads\/usu963\/2025\/03\/PHOTO-2025-03-11-09-00-07-1.jpg\" alt=\"PHOTO-2025-03-11-09-00-07 (1)\" width=\"480\" height=\"640\" \/>\r\n\t\t\t\t\t\t\t\t\t\t<div class=\"slideshow_description_box slideshow_transparent\">\r\n\t\t\t\t\t\t<div class=\"slideshow_title\">PHOTO-2025-03-11-09-00-07 (1)<\/div>\t\t\t\t\t\t\t\t\t\t\t<\/div>\r\n\t\t\t\t<\/div>\r\n\r\n\t\t\t\t\t\t<div style=\"clear: both;\"><\/div><\/div><div class=\"slideshow_view\">\r\n\t\t\t\t<div class=\"slideshow_slide slideshow_slide_image\">\r\n\t\t\t\t\t\t\t\t\t\t\t<img src=\"https:\/\/agora.xtec.cat\/ceipcascavell\/wp-content\/uploads\/usu963\/2025\/03\/PHOTO-2025-03-11-09-00-07.jpg\" alt=\"PHOTO-2025-03-11-09-00-07\" width=\"480\" height=\"640\" \/>\r\n\t\t\t\t\t\t\t\t\t\t<div class=\"slideshow_description_box slideshow_transparent\">\r\n\t\t\t\t\t\t<div class=\"slideshow_title\">PHOTO-2025-03-11-09-00-07<\/div>\t\t\t\t\t\t\t\t\t\t\t<\/div>\r\n\t\t\t\t<\/div>\r\n\r\n\t\t\t\t\t\t<div style=\"clear: both;\"><\/div><\/div><div class=\"slideshow_view\">\r\n\t\t\t\t<div class=\"slideshow_slide slideshow_slide_image\">\r\n\t\t\t\t\t\t\t\t\t\t\t<img src=\"https:\/\/agora.xtec.cat\/ceipcascavell\/wp-content\/uploads\/usu963\/2025\/03\/PHOTO-2025-03-11-12-56-00-1.jpg\" alt=\"PHOTO-2025-03-11-12-56-00 (1)\" width=\"1600\" height=\"1200\" \/>\r\n\t\t\t\t\t\t\t\t\t\t<div class=\"slideshow_description_box slideshow_transparent\">\r\n\t\t\t\t\t\t<div class=\"slideshow_title\">PHOTO-2025-03-11-12-56-00 (1)<\/div>\t\t\t\t\t\t\t\t\t\t\t<\/div>\r\n\t\t\t\t<\/div>\r\n\r\n\t\t\t\t\t\t<div style=\"clear: both;\"><\/div><\/div><div class=\"slideshow_view\">\r\n\t\t\t\t<div class=\"slideshow_slide slideshow_slide_image\">\r\n\t\t\t\t\t\t\t\t\t\t\t<img src=\"https:\/\/agora.xtec.cat\/ceipcascavell\/wp-content\/uploads\/usu963\/2025\/03\/IMG_20250228_172739_083.jpg\" alt=\"IMG_20250228_172739_083\" width=\"1280\" height=\"960\" \/>\r\n\t\t\t\t\t\t\t\t\t\t<div class=\"slideshow_description_box slideshow_transparent\">\r\n\t\t\t\t\t\t<div class=\"slideshow_title\">IMG_20250228_172739_083<\/div>\t\t\t\t\t\t\t\t\t\t\t<\/div>\r\n\t\t\t\t<\/div>\r\n\r\n\t\t\t\t\t\t<div style=\"clear: both;\"><\/div><\/div><div class=\"slideshow_view\">\r\n\t\t\t\t<div class=\"slideshow_slide slideshow_slide_image\">\r\n\t\t\t\t\t\t\t\t\t\t\t<img src=\"https:\/\/agora.xtec.cat\/ceipcascavell\/wp-content\/uploads\/usu963\/2025\/03\/IMG_20250228_172739_762.jpg\" alt=\"IMG_20250228_172739_762\" width=\"960\" height=\"1280\" \/>\r\n\t\t\t\t\t\t\t\t\t\t<div class=\"slideshow_description_box slideshow_transparent\">\r\n\t\t\t\t\t\t<div class=\"slideshow_title\">IMG_20250228_172739_762<\/div>\t\t\t\t\t\t\t\t\t\t\t<\/div>\r\n\t\t\t\t<\/div>\r\n\r\n\t\t\t\t\t\t<div style=\"clear: both;\"><\/div><\/div><div class=\"slideshow_view\">\r\n\t\t\t\t<div class=\"slideshow_slide slideshow_slide_image\">\r\n\t\t\t\t\t\t\t\t\t\t\t<img src=\"https:\/\/agora.xtec.cat\/ceipcascavell\/wp-content\/uploads\/usu963\/2025\/03\/IMG-20250318-WA0009.jpg\" alt=\"IMG-20250318-WA0009\" width=\"2048\" height=\"1536\" \/>\r\n\t\t\t\t\t\t\t\t\t\t<div class=\"slideshow_description_box slideshow_transparent\">\r\n\t\t\t\t\t\t<div class=\"slideshow_title\">IMG-20250318-WA0009<\/div>\t\t\t\t\t\t\t\t\t\t\t<\/div>\r\n\t\t\t\t<\/div>\r\n\r\n\t\t\t\t\t\t<div style=\"clear: both;\"><\/div><\/div><div class=\"slideshow_view\">\r\n\t\t\t\t<div class=\"slideshow_slide slideshow_slide_image\">\r\n\t\t\t\t\t\t\t\t\t\t\t<img src=\"https:\/\/agora.xtec.cat\/ceipcascavell\/wp-content\/uploads\/usu963\/2025\/03\/IMG-20250318-WA0010.jpg\" alt=\"IMG-20250318-WA0010\" width=\"2048\" height=\"1536\" \/>\r\n\t\t\t\t\t\t\t\t\t\t<div class=\"slideshow_description_box slideshow_transparent\">\r\n\t\t\t\t\t\t<div class=\"slideshow_title\">IMG-20250318-WA0010<\/div>\t\t\t\t\t\t\t\t\t\t\t<\/div>\r\n\t\t\t\t<\/div>\r\n\r\n\t\t\t\t\t\t<div style=\"clear: both;\"><\/div><\/div><div class=\"slideshow_view\">\r\n\t\t\t\t<div class=\"slideshow_slide slideshow_slide_image\">\r\n\t\t\t\t\t\t\t\t\t\t\t<img src=\"https:\/\/agora.xtec.cat\/ceipcascavell\/wp-content\/uploads\/usu963\/2025\/03\/PHOTO-2025-03-11-09-00-07-2.jpg\" alt=\"PHOTO-2025-03-11-09-00-07 (2)\" width=\"480\" height=\"640\" \/>\r\n\t\t\t\t\t\t\t\t\t\t<div class=\"slideshow_description_box slideshow_transparent\">\r\n\t\t\t\t\t\t<div class=\"slideshow_title\">PHOTO-2025-03-11-09-00-07 (2)<\/div>\t\t\t\t\t\t\t\t\t\t\t<\/div>\r\n\t\t\t\t<\/div>\r\n\r\n\t\t\t\t\t\t<div style=\"clear: both;\"><\/div><\/div>\r\n\t\t<\/div>\r\n\r\n\t\t<div class=\"slideshow_controlPanel slideshow_transparent\" style=\"display: none;\"><ul><li class=\"slideshow_togglePlay\" data-play-text=\"Visualitza\" data-pause-text=\"Pausa\"><\/li><\/ul><\/div>\r\n\r\n\t\t<div class=\"slideshow_button slideshow_previous slideshow_transparent\" role=\"button\" data-previous-text=\"Anterior\" style=\"display: none;\"><\/div>\r\n\t\t<div class=\"slideshow_button slideshow_next slideshow_transparent\" role=\"button\" data-next-text=\"Seg\u00fcent\" style=\"display: none;\"><\/div>\r\n\r\n\t\t<div class=\"slideshow_pagination\" style=\"display: none;\" data-go-to-text=\"V\u00e9s a la diapositiva\"><div class=\"slideshow_pagination_center\"><\/div><\/div>\r\n\r\n\t\t<!-- WordPress Slideshow Version 2.3.1 -->\r\n\r\n\t\t\t<\/div>\r\n\r\n\n","protected":false},"excerpt":{"rendered":"<p>Durante las \u00faltimas semanas hemos estado preparando los disfraces de carnaval. El d\u00eda que lleg\u00f3 la reina de carnaval no pudimos salir al patio porque estaba lloviendo y\u00a0 tuvimos que comer chocolate en la clase. El lunes nos dej\u00f3 escoger nuestro disfraz favorito. El martes trajimos la ropa de un familiar. El mi\u00e9rcoles vinimos con [&hellip;]<\/p>\n","protected":false},"author":21,"featured_media":3609,"comment_status":"open","ping_status":"closed","sticky":false,"template":"","format":"standard","meta":{"_bbp_topic_count":0,"_bbp_reply_count":0,"_bbp_total_topic_count":0,"_bbp_total_reply_count":0,"_bbp_voice_count":0,"_bbp_anonymous_reply_count":0,"_bbp_topic_count_hidden":0,"_bbp_reply_count_hidden":0,"_bbp_forum_subforum_count":0,"site-sidebar-layout":"default","site-content-layout":"","ast-site-content-layout":"","site-content-style":"default","site-sidebar-style":"default","ast-global-header-display":"","ast-banner-title-visibility":"","ast-main-header-display":"","ast-hfb-above-header-display":"","ast-hfb-below-header-display":"","ast-hfb-mobile-header-display":"","site-post-title":"","ast-breadcrumbs-content":"","ast-featured-img":"","footer-sml-layout":"","theme-transparent-header-meta":"","adv-header-id-meta":"","stick-header-meta":"","header-above-stick-meta":"","header-main-stick-meta":"","header-below-stick-meta":"","astra-migrate-meta-layouts":"default","ast-page-background-enabled":"default","ast-page-background-meta":{"desktop":{"background-color":"var(--ast-global-color-4)","background-image":"","background-repeat":"repeat","background-position":"center center","background-size":"auto","background-attachment":"scroll","background-type":"","background-media":"","overlay-type":"","overlay-color":"","overlay-opacity":"","overlay-gradient":""},"tablet":{"background-color":"","background-image":"","background-repeat":"repeat","background-position":"center center","background-size":"auto","background-attachment":"scroll","background-type":"","background-media":"","overlay-type":"","overlay-color":"","overlay-opacity":"","overlay-gradient":""},"mobile":{"background-color":"","background-image":"","background-repeat":"repeat","background-position":"center center","background-size":"auto","background-attachment":"scroll","background-type":"","background-media":"","overlay-type":"","overlay-color":"","overlay-opacity":"","overlay-gradient":""}},"ast-content-background-meta":{"desktop":{"background-color":"var(--ast-global-color-5)","background-image":"","background-repeat":"repeat","background-position":"center center","background-size":"auto","background-attachment":"scroll","background-type":"","background-media":"","overlay-type":"","overlay-color":"","overlay-opacity":"","overlay-gradient":""},"tablet":{"background-color":"var(--ast-global-color-5)","background-image":"","background-repeat":"repeat","background-position":"center center","background-size":"auto","background-attachment":"scroll","background-type":"","background-media":"","overlay-type":"","overlay-color":"","overlay-opacity":"","overlay-gradient":""},"mobile":{"background-color":"var(--ast-global-color-5)","background-image":"","background-repeat":"repeat","background-position":"center center","background-size":"auto","background-attachment":"scroll","background-type":"","background-media":"","overlay-type":"","overlay-color":"","overlay-opacity":"","overlay-gradient":""}},"footnotes":""},"categories":[1,4,5],"tags":[],"class_list":["post-3607","post","type-post","status-publish","format-standard","has-post-thumbnail","hentry","category-portada-2","category-portada","category-primaria"],"post_mailing_queue_ids":[],"_links":{"self":[{"href":"https:\/\/agora.xtec.cat\/ceipcascavell\/wp-json\/wp\/v2\/posts\/3607","targetHints":{"allow":["GET"]}}],"collection":[{"href":"https:\/\/agora.xtec.cat\/ceipcascavell\/wp-json\/wp\/v2\/posts"}],"about":[{"href":"https:\/\/agora.xtec.cat\/ceipcascavell\/wp-json\/wp\/v2\/types\/post"}],"author":[{"embeddable":true,"href":"https:\/\/agora.xtec.cat\/ceipcascavell\/wp-json\/wp\/v2\/users\/21"}],"replies":[{"embeddable":true,"href":"https:\/\/agora.xtec.cat\/ceipcascavell\/wp-json\/wp\/v2\/comments?post=3607"}],"version-history":[{"count":2,"href":"https:\/\/agora.xtec.cat\/ceipcascavell\/wp-json\/wp\/v2\/posts\/3607\/revisions"}],"predecessor-version":[{"id":3623,"href":"https:\/\/agora.xtec.cat\/ceipcascavell\/wp-json\/wp\/v2\/posts\/3607\/revisions\/3623"}],"wp:featuredmedia":[{"embeddable":true,"href":"https:\/\/agora.xtec.cat\/ceipcascavell\/wp-json\/wp\/v2\/media\/3609"}],"wp:attachment":[{"href":"https:\/\/agora.xtec.cat\/ceipcascavell\/wp-json\/wp\/v2\/media?parent=3607"}],"wp:term":[{"taxonomy":"category","embeddable":true,"href":"https:\/\/agora.xtec.cat\/ceipcascavell\/wp-json\/wp\/v2\/categories?post=3607"},{"taxonomy":"post_tag","embeddable":true,"href":"https:\/\/agora.xtec.cat\/ceipcascavell\/wp-json\/wp\/v2\/tags?post=3607"}],"curies":[{"name":"wp","href":"https:\/\/api.w.org\/{rel}","templated":true}]}}