{"id":3560,"date":"2025-01-31T11:58:40","date_gmt":"2025-01-31T10:58:40","guid":{"rendered":"https:\/\/agora.xtec.cat\/ceipcascavell\/?p=3560"},"modified":"2025-02-25T13:01:44","modified_gmt":"2025-02-25T12:01:44","slug":"cafe-tertulia-un-lloc-per-dir-la-teva","status":"publish","type":"post","link":"https:\/\/agora.xtec.cat\/ceipcascavell\/portada-2\/cafe-tertulia-un-lloc-per-dir-la-teva\/","title":{"rendered":"Caf\u00e8 tert\u00falia: un lloc per dir la teva"},"content":{"rendered":"<p style=\"text-align: justify;\"><span style=\"font-weight: 400;\">El passat dimecres 29 de gener de 2025 vam iniciar les trobades del Caf\u00e8 Tert\u00falia a la Biblioteca de l\u2019Escola Cascavell. <a href=\"https:\/\/agora.xtec.cat\/ceipcascavell\/wp-content\/uploads\/usu963\/2025\/01\/IMG_7953_1_11zon-scaled.jpg\"><img loading=\"lazy\" decoding=\"async\" class=\"size-medium wp-image-3593 alignright\" src=\"https:\/\/agora.xtec.cat\/ceipcascavell\/wp-content\/uploads\/usu963\/2025\/01\/IMG_7953_1_11zon-225x300.jpg\" alt=\"\" width=\"225\" height=\"300\" srcset=\"https:\/\/agora.xtec.cat\/ceipcascavell\/wp-content\/uploads\/usu963\/2025\/01\/IMG_7953_1_11zon-225x300.jpg 225w, https:\/\/agora.xtec.cat\/ceipcascavell\/wp-content\/uploads\/usu963\/2025\/01\/IMG_7953_1_11zon-768x1024.jpg 768w, https:\/\/agora.xtec.cat\/ceipcascavell\/wp-content\/uploads\/usu963\/2025\/01\/IMG_7953_1_11zon-1152x1536.jpg 1152w, https:\/\/agora.xtec.cat\/ceipcascavell\/wp-content\/uploads\/usu963\/2025\/01\/IMG_7953_1_11zon-1536x2048.jpg 1536w, https:\/\/agora.xtec.cat\/ceipcascavell\/wp-content\/uploads\/usu963\/2025\/01\/IMG_7953_1_11zon-scaled.jpg 1920w\" sizes=\"auto, (max-width: 225px) 100vw, 225px\" \/><\/a><\/span><\/p>\n<p style=\"text-align: justify;\"><span style=\"font-weight: 400;\">Els <\/span><b>Espais de Caf\u00e8 Tert\u00falia<\/b><span style=\"font-weight: 400;\"> s\u00f3n una iniciativa creada des de la necessitat verbalitzada per les fam\u00edlies del centre per afavorir la comunicaci\u00f3 i el di\u00e0leg entre les persones participants de la comunitat d\u2019aprenentatge (fam\u00edlies, T\u00e8cnica d\u2019Integraci\u00f3 Social i formadors), amb l&#8217;objectiu de compartir experi\u00e8ncies, dubtes i inquietuds relacionades amb l\u2019educaci\u00f3 dels vostres fills i filles. Aquests espais s\u00f3n molt m\u00e9s que una simple reuni\u00f3; s\u00f3n punts de trobada on ens podem expressar-se lliurement i, alhora, enriquir-nos dels coneixements i experi\u00e8ncies d\u2019altres iguals i professionals de l\u2019educaci\u00f3.<\/span><\/p>\n<p style=\"text-align: justify;\"><span style=\"font-weight: 400;\">Les tem\u00e0tiques es trien segons les necessitats verbalitzades per les pr\u00f2pies fam\u00edlies. Aix\u00ed, cada trobada s\u2019adapta als interessos i dubtes concrets de les persones participants, abordant aspectes clau com l\u2019\u00fas del catal\u00e0,<\/span> <span style=\"font-weight: 400;\">les transicions escolars i\/o d\u2019etapa, l\u2019\u00fas i l\u2019acc\u00e9s a les pantalles i les xarxes socials en els menors, les rutines i els h\u00e0bits dels nostres fills i filles, l\u2019alimentaci\u00f3, la gesti\u00f3 emocional i la relaci\u00f3 entre els iguals. L&#8217;objectiu \u00e9s crear un espai dist\u00e8s, din\u00e0mic on totes les persones assistents puguin trobar respostes i noves perspectives per aplicar en el seu dia a dia.\u00a0<\/span><\/p>\n<p style=\"text-align: justify;\"><span style=\"font-weight: 400;\">Aquest darrer dimecres vam crear un mapa del territori gegant per poder con\u00e8ixer quines entitats, associacions i institucions ens rodegen i que podem sol\u00b7licitar o realitzar en aquests espais.<\/span><\/p>\n","protected":false},"excerpt":{"rendered":"<p>El passat dimecres 29 de gener de 2025 vam iniciar les trobades del Caf\u00e8 Tert\u00falia a la Biblioteca de l\u2019Escola Cascavell. Els Espais de Caf\u00e8 Tert\u00falia s\u00f3n una iniciativa creada des de la necessitat verbalitzada per les fam\u00edlies del centre per afavorir la comunicaci\u00f3 i el di\u00e0leg entre les persones participants de la comunitat d\u2019aprenentatge [&hellip;]<\/p>\n","protected":false},"author":21,"featured_media":3592,"comment_status":"closed","ping_status":"closed","sticky":false,"template":"","format":"standard","meta":{"_bbp_topic_count":0,"_bbp_reply_count":0,"_bbp_total_topic_count":0,"_bbp_total_reply_count":0,"_bbp_voice_count":0,"_bbp_anonymous_reply_count":0,"_bbp_topic_count_hidden":0,"_bbp_reply_count_hidden":0,"_bbp_forum_subforum_count":0,"site-sidebar-layout":"default","site-content-layout":"","ast-site-content-layout":"","site-content-style":"default","site-sidebar-style":"default","ast-global-header-display":"","ast-banner-title-visibility":"","ast-main-header-display":"","ast-hfb-above-header-display":"","ast-hfb-below-header-display":"","ast-hfb-mobile-header-display":"","site-post-title":"","ast-breadcrumbs-content":"","ast-featured-img":"","footer-sml-layout":"","theme-transparent-header-meta":"","adv-header-id-meta":"","stick-header-meta":"","header-above-stick-meta":"","header-main-stick-meta":"","header-below-stick-meta":"","astra-migrate-meta-layouts":"default","ast-page-background-enabled":"default","ast-page-background-meta":{"desktop":{"background-color":"var(--ast-global-color-4)","background-image":"","background-repeat":"repeat","background-position":"center center","background-size":"auto","background-attachment":"scroll","background-type":"","background-media":"","overlay-type":"","overlay-color":"","overlay-opacity":"","overlay-gradient":""},"tablet":{"background-color":"","background-image":"","background-repeat":"repeat","background-position":"center center","background-size":"auto","background-attachment":"scroll","background-type":"","background-media":"","overlay-type":"","overlay-color":"","overlay-opacity":"","overlay-gradient":""},"mobile":{"background-color":"","background-image":"","background-repeat":"repeat","background-position":"center center","background-size":"auto","background-attachment":"scroll","background-type":"","background-media":"","overlay-type":"","overlay-color":"","overlay-opacity":"","overlay-gradient":""}},"ast-content-background-meta":{"desktop":{"background-color":"var(--ast-global-color-5)","background-image":"","background-repeat":"repeat","background-position":"center center","background-size":"auto","background-attachment":"scroll","background-type":"","background-media":"","overlay-type":"","overlay-color":"","overlay-opacity":"","overlay-gradient":""},"tablet":{"background-color":"var(--ast-global-color-5)","background-image":"","background-repeat":"repeat","background-position":"center center","background-size":"auto","background-attachment":"scroll","background-type":"","background-media":"","overlay-type":"","overlay-color":"","overlay-opacity":"","overlay-gradient":""},"mobile":{"background-color":"var(--ast-global-color-5)","background-image":"","background-repeat":"repeat","background-position":"center center","background-size":"auto","background-attachment":"scroll","background-type":"","background-media":"","overlay-type":"","overlay-color":"","overlay-opacity":"","overlay-gradient":""}},"footnotes":""},"categories":[1,4],"tags":[],"class_list":["post-3560","post","type-post","status-publish","format-standard","has-post-thumbnail","hentry","category-portada-2","category-portada"],"post_mailing_queue_ids":[],"_links":{"self":[{"href":"https:\/\/agora.xtec.cat\/ceipcascavell\/wp-json\/wp\/v2\/posts\/3560","targetHints":{"allow":["GET"]}}],"collection":[{"href":"https:\/\/agora.xtec.cat\/ceipcascavell\/wp-json\/wp\/v2\/posts"}],"about":[{"href":"https:\/\/agora.xtec.cat\/ceipcascavell\/wp-json\/wp\/v2\/types\/post"}],"author":[{"embeddable":true,"href":"https:\/\/agora.xtec.cat\/ceipcascavell\/wp-json\/wp\/v2\/users\/21"}],"replies":[{"embeddable":true,"href":"https:\/\/agora.xtec.cat\/ceipcascavell\/wp-json\/wp\/v2\/comments?post=3560"}],"version-history":[{"count":3,"href":"https:\/\/agora.xtec.cat\/ceipcascavell\/wp-json\/wp\/v2\/posts\/3560\/revisions"}],"predecessor-version":[{"id":3594,"href":"https:\/\/agora.xtec.cat\/ceipcascavell\/wp-json\/wp\/v2\/posts\/3560\/revisions\/3594"}],"wp:featuredmedia":[{"embeddable":true,"href":"https:\/\/agora.xtec.cat\/ceipcascavell\/wp-json\/wp\/v2\/media\/3592"}],"wp:attachment":[{"href":"https:\/\/agora.xtec.cat\/ceipcascavell\/wp-json\/wp\/v2\/media?parent=3560"}],"wp:term":[{"taxonomy":"category","embeddable":true,"href":"https:\/\/agora.xtec.cat\/ceipcascavell\/wp-json\/wp\/v2\/categories?post=3560"},{"taxonomy":"post_tag","embeddable":true,"href":"https:\/\/agora.xtec.cat\/ceipcascavell\/wp-json\/wp\/v2\/tags?post=3560"}],"curies":[{"name":"wp","href":"https:\/\/api.w.org\/{rel}","templated":true}]}}