{"id":3507,"date":"2024-10-31T19:26:26","date_gmt":"2024-10-31T18:26:26","guid":{"rendered":"https:\/\/agora.xtec.cat\/ceipcascavell\/?p=3507"},"modified":"2024-11-10T20:34:53","modified_gmt":"2024-11-10T19:34:53","slug":"castanyada-2024","status":"publish","type":"post","link":"https:\/\/agora.xtec.cat\/ceipcascavell\/portada-2\/castanyada-2024\/","title":{"rendered":"Castanyada 2024"},"content":{"rendered":"<p style=\"text-align: justify;\" data-pm-slice=\"1 1 []\">Ja ha arribat la tardor!, amb ella les castanyes, els panellets, els moniatos i&#8230; el &#8220;tunnel of terror&#8221;.<a href=\"https:\/\/agora.xtec.cat\/ceipcascavell\/wp-content\/uploads\/usu963\/2024\/11\/IMG_6770_2_11zon-scaled.jpg\"><img loading=\"lazy\" decoding=\"async\" class=\" wp-image-3508 alignright\" src=\"https:\/\/agora.xtec.cat\/ceipcascavell\/wp-content\/uploads\/usu963\/2024\/11\/IMG_6770_2_11zon-225x300.jpg\" alt=\"\" width=\"152\" height=\"203\" srcset=\"https:\/\/agora.xtec.cat\/ceipcascavell\/wp-content\/uploads\/usu963\/2024\/11\/IMG_6770_2_11zon-225x300.jpg 225w, https:\/\/agora.xtec.cat\/ceipcascavell\/wp-content\/uploads\/usu963\/2024\/11\/IMG_6770_2_11zon-768x1024.jpg 768w, https:\/\/agora.xtec.cat\/ceipcascavell\/wp-content\/uploads\/usu963\/2024\/11\/IMG_6770_2_11zon-1152x1536.jpg 1152w, https:\/\/agora.xtec.cat\/ceipcascavell\/wp-content\/uploads\/usu963\/2024\/11\/IMG_6770_2_11zon-1536x2048.jpg 1536w, https:\/\/agora.xtec.cat\/ceipcascavell\/wp-content\/uploads\/usu963\/2024\/11\/IMG_6770_2_11zon-scaled.jpg 1920w\" sizes=\"auto, (max-width: 152px) 100vw, 152px\" \/><\/a><\/p>\n<p style=\"text-align: justify;\">Tota la comunitat col\u00b7labora perqu\u00e8 el dia 30 ho tinguem tot preparat i puguem gaudir tots junts de la primera festa de l&#8217;escola.<\/p>\n<p style=\"text-align: justify;\">Des de l&#8217;\u00e0rea d&#8217;angl\u00e8s s&#8217;ha treballat expressions i vocabulari per crear el terror\u00edfic t\u00fanel del terror on nom\u00e9s aquells alumnes m\u00e9s intr\u00e8pids decidiran entrar.<\/p>\n<p style=\"text-align: justify;\">Tamb\u00e9 s&#8217;han fet tallers molt diversos on la participaci\u00f3 de diverses fam\u00edlies han fet que els infants mostressin m\u00e9s entusiasme. Moltes gr\u00e0cies per venir a tallar castanyes i fer panellets!<\/p>\n<p style=\"text-align: justify;\">Una de les novetats d&#8217;aquest any, ha sigut el primer concurs de <u>Disfressa el teu moniato<\/u>. La creativitat i originalitat dels infants, han fet sorprendre a m\u00e9s d&#8217;un i una.<a href=\"https:\/\/agora.xtec.cat\/ceipcascavell\/wp-content\/uploads\/usu963\/2024\/11\/IMG_7879_10_11zon-scaled.jpg\"><img loading=\"lazy\" decoding=\"async\" class=\" wp-image-3518 alignleft\" src=\"https:\/\/agora.xtec.cat\/ceipcascavell\/wp-content\/uploads\/usu963\/2024\/11\/IMG_7879_10_11zon-225x300.jpg\" alt=\"\" width=\"130\" height=\"174\" srcset=\"https:\/\/agora.xtec.cat\/ceipcascavell\/wp-content\/uploads\/usu963\/2024\/11\/IMG_7879_10_11zon-225x300.jpg 225w, https:\/\/agora.xtec.cat\/ceipcascavell\/wp-content\/uploads\/usu963\/2024\/11\/IMG_7879_10_11zon-768x1024.jpg 768w, https:\/\/agora.xtec.cat\/ceipcascavell\/wp-content\/uploads\/usu963\/2024\/11\/IMG_7879_10_11zon-1152x1536.jpg 1152w, https:\/\/agora.xtec.cat\/ceipcascavell\/wp-content\/uploads\/usu963\/2024\/11\/IMG_7879_10_11zon-1536x2048.jpg 1536w, https:\/\/agora.xtec.cat\/ceipcascavell\/wp-content\/uploads\/usu963\/2024\/11\/IMG_7879_10_11zon-scaled.jpg 1920w\" sizes=\"auto, (max-width: 130px) 100vw, 130px\" \/><\/a><\/p>\n<p style=\"text-align: justify;\">A la tarda, la participaci\u00f3 del nostre AFA, disfressats de castanyers i castanyeres, han col\u00b7laborat en la repartici\u00f3 de les bon\u00edssimes castanyes i panellets. Cuinats per la nostra fabulosa cuinera! Els infants van cantar i ballar. Mentrestant, les fam\u00edlies van votar en el concurs. Quina gran festa!<\/p>\n<p style=\"text-align: justify;\">Moltes gr\u00e0cies a tothom que ha participat i animem aquells\/es que no ho han fet, a fer-ho a la seg\u00fcent!<\/p>\n<p>Deixem algunes imatges.<\/p>\n","protected":false},"excerpt":{"rendered":"<p>Ja ha arribat la tardor!, amb ella les castanyes, els panellets, els moniatos i&#8230; el &#8220;tunnel of terror&#8221;. Tota la comunitat col\u00b7labora perqu\u00e8 el dia 30 ho tinguem tot preparat i puguem gaudir tots junts de la primera festa de l&#8217;escola. Des de l&#8217;\u00e0rea d&#8217;angl\u00e8s s&#8217;ha treballat expressions i vocabulari per crear el terror\u00edfic t\u00fanel [&hellip;]<\/p>\n","protected":false},"author":21,"featured_media":3511,"comment_status":"open","ping_status":"closed","sticky":false,"template":"","format":"standard","meta":{"_bbp_topic_count":0,"_bbp_reply_count":0,"_bbp_total_topic_count":0,"_bbp_total_reply_count":0,"_bbp_voice_count":0,"_bbp_anonymous_reply_count":0,"_bbp_topic_count_hidden":0,"_bbp_reply_count_hidden":0,"_bbp_forum_subforum_count":0,"site-sidebar-layout":"default","site-content-layout":"","ast-site-content-layout":"","site-content-style":"default","site-sidebar-style":"default","ast-global-header-display":"","ast-banner-title-visibility":"","ast-main-header-display":"","ast-hfb-above-header-display":"","ast-hfb-below-header-display":"","ast-hfb-mobile-header-display":"","site-post-title":"","ast-breadcrumbs-content":"","ast-featured-img":"","footer-sml-layout":"","theme-transparent-header-meta":"","adv-header-id-meta":"","stick-header-meta":"","header-above-stick-meta":"","header-main-stick-meta":"","header-below-stick-meta":"","astra-migrate-meta-layouts":"default","ast-page-background-enabled":"default","ast-page-background-meta":{"desktop":{"background-color":"var(--ast-global-color-4)","background-image":"","background-repeat":"repeat","background-position":"center center","background-size":"auto","background-attachment":"scroll","background-type":"","background-media":"","overlay-type":"","overlay-color":"","overlay-opacity":"","overlay-gradient":""},"tablet":{"background-color":"","background-image":"","background-repeat":"repeat","background-position":"center center","background-size":"auto","background-attachment":"scroll","background-type":"","background-media":"","overlay-type":"","overlay-color":"","overlay-opacity":"","overlay-gradient":""},"mobile":{"background-color":"","background-image":"","background-repeat":"repeat","background-position":"center center","background-size":"auto","background-attachment":"scroll","background-type":"","background-media":"","overlay-type":"","overlay-color":"","overlay-opacity":"","overlay-gradient":""}},"ast-content-background-meta":{"desktop":{"background-color":"var(--ast-global-color-5)","background-image":"","background-repeat":"repeat","background-position":"center center","background-size":"auto","background-attachment":"scroll","background-type":"","background-media":"","overlay-type":"","overlay-color":"","overlay-opacity":"","overlay-gradient":""},"tablet":{"background-color":"var(--ast-global-color-5)","background-image":"","background-repeat":"repeat","background-position":"center center","background-size":"auto","background-attachment":"scroll","background-type":"","background-media":"","overlay-type":"","overlay-color":"","overlay-opacity":"","overlay-gradient":""},"mobile":{"background-color":"var(--ast-global-color-5)","background-image":"","background-repeat":"repeat","background-position":"center center","background-size":"auto","background-attachment":"scroll","background-type":"","background-media":"","overlay-type":"","overlay-color":"","overlay-opacity":"","overlay-gradient":""}},"footnotes":""},"categories":[1,4,5],"tags":[],"class_list":["post-3507","post","type-post","status-publish","format-standard","has-post-thumbnail","hentry","category-portada-2","category-portada","category-primaria"],"post_mailing_queue_ids":[],"_links":{"self":[{"href":"https:\/\/agora.xtec.cat\/ceipcascavell\/wp-json\/wp\/v2\/posts\/3507","targetHints":{"allow":["GET"]}}],"collection":[{"href":"https:\/\/agora.xtec.cat\/ceipcascavell\/wp-json\/wp\/v2\/posts"}],"about":[{"href":"https:\/\/agora.xtec.cat\/ceipcascavell\/wp-json\/wp\/v2\/types\/post"}],"author":[{"embeddable":true,"href":"https:\/\/agora.xtec.cat\/ceipcascavell\/wp-json\/wp\/v2\/users\/21"}],"replies":[{"embeddable":true,"href":"https:\/\/agora.xtec.cat\/ceipcascavell\/wp-json\/wp\/v2\/comments?post=3507"}],"version-history":[{"count":1,"href":"https:\/\/agora.xtec.cat\/ceipcascavell\/wp-json\/wp\/v2\/posts\/3507\/revisions"}],"predecessor-version":[{"id":3521,"href":"https:\/\/agora.xtec.cat\/ceipcascavell\/wp-json\/wp\/v2\/posts\/3507\/revisions\/3521"}],"wp:featuredmedia":[{"embeddable":true,"href":"https:\/\/agora.xtec.cat\/ceipcascavell\/wp-json\/wp\/v2\/media\/3511"}],"wp:attachment":[{"href":"https:\/\/agora.xtec.cat\/ceipcascavell\/wp-json\/wp\/v2\/media?parent=3507"}],"wp:term":[{"taxonomy":"category","embeddable":true,"href":"https:\/\/agora.xtec.cat\/ceipcascavell\/wp-json\/wp\/v2\/categories?post=3507"},{"taxonomy":"post_tag","embeddable":true,"href":"https:\/\/agora.xtec.cat\/ceipcascavell\/wp-json\/wp\/v2\/tags?post=3507"}],"curies":[{"name":"wp","href":"https:\/\/api.w.org\/{rel}","templated":true}]}}