{"id":6894,"date":"2024-04-26T10:21:49","date_gmt":"2024-04-26T08:21:49","guid":{"rendered":"https:\/\/agora.xtec.cat\/ceipcarmeguaschidarne\/?p=6894"},"modified":"2024-04-27T10:30:29","modified_gmt":"2024-04-27T08:30:29","slug":"premis-maria-verdaguer","status":"publish","type":"post","link":"https:\/\/agora.xtec.cat\/ceipcarmeguaschidarne\/general\/premis-maria-verdaguer\/","title":{"rendered":"Premis Maria Verdaguer"},"content":{"rendered":"<p>L&#8217;Abril i en Marcel de 1r, la Txell de 2n, la Irene i l&#8217;Abril de 4t, la Inga de 5\u00e8 i l&#8217;Arlet, la Vilma i la Bruna de 6\u00e8 han guanyat el premi Maria Verdaguer de recitaci\u00f3 de poesia que organitza cada any \u00d2mnium Cultural de l&#8217;Alt Empord\u00e0.<\/p>\n<p>Moltes felicitats! Ens sentim molt orgullosos de vosaltres, i molt agra\u00efts de com heu representat la nostra escola.<\/p>\n<p><a href=\"https:\/\/agora.xtec.cat\/ceipcarmeguaschidarne\/wp-content\/uploads\/usu1597\/2024\/04\/WhatsApp-Image-2024-04-25-at-17.11.16.jpeg\"><img loading=\"lazy\" decoding=\"async\" class=\"alignnone size-large wp-image-6895\" src=\"https:\/\/agora.xtec.cat\/ceipcarmeguaschidarne\/wp-content\/uploads\/usu1597\/2024\/04\/WhatsApp-Image-2024-04-25-at-17.11.16-821x1024.jpeg\" alt=\"\" width=\"821\" height=\"1024\" srcset=\"https:\/\/agora.xtec.cat\/ceipcarmeguaschidarne\/wp-content\/uploads\/usu1597\/2024\/04\/WhatsApp-Image-2024-04-25-at-17.11.16-821x1024.jpeg 821w, https:\/\/agora.xtec.cat\/ceipcarmeguaschidarne\/wp-content\/uploads\/usu1597\/2024\/04\/WhatsApp-Image-2024-04-25-at-17.11.16-240x300.jpeg 240w, https:\/\/agora.xtec.cat\/ceipcarmeguaschidarne\/wp-content\/uploads\/usu1597\/2024\/04\/WhatsApp-Image-2024-04-25-at-17.11.16-768x958.jpeg 768w, https:\/\/agora.xtec.cat\/ceipcarmeguaschidarne\/wp-content\/uploads\/usu1597\/2024\/04\/WhatsApp-Image-2024-04-25-at-17.11.16.jpeg 1083w\" sizes=\"auto, (max-width: 821px) 100vw, 821px\" \/><\/a><\/p>\n","protected":false},"excerpt":{"rendered":"<p>L&#8217;Abril i en Marcel de 1r, la Txell de 2n, la Irene i l&#8217;Abril de 4t, la Inga de 5\u00e8 i l&#8217;Arlet, la Vilma i la Bruna de 6\u00e8 han guanyat el premi Maria Verdaguer de recitaci\u00f3 de poesia que organitza cada any \u00d2mnium Cultural&hellip;  <a href=\"https:\/\/agora.xtec.cat\/ceipcarmeguaschidarne\/general\/premis-maria-verdaguer\/\" title=\"Read Premis Maria Verdaguer\">Llegeix m\u00e9s\u00bb<\/a><\/p>\n","protected":false},"author":1,"featured_media":6895,"comment_status":"open","ping_status":"closed","sticky":false,"template":"","format":"standard","meta":{"_bbp_topic_count":0,"_bbp_reply_count":0,"_bbp_total_topic_count":0,"_bbp_total_reply_count":0,"_bbp_voice_count":0,"_bbp_anonymous_reply_count":0,"_bbp_topic_count_hidden":0,"_bbp_reply_count_hidden":0,"_bbp_forum_subforum_count":0,"footnotes":""},"categories":[1,4,146],"tags":[],"class_list":["post-6894","post","type-post","status-publish","format-standard","has-post-thumbnail","hentry","category-general","category-portada","category-primaria"],"post_mailing_queue_ids":[],"_links":{"self":[{"href":"https:\/\/agora.xtec.cat\/ceipcarmeguaschidarne\/wp-json\/wp\/v2\/posts\/6894","targetHints":{"allow":["GET"]}}],"collection":[{"href":"https:\/\/agora.xtec.cat\/ceipcarmeguaschidarne\/wp-json\/wp\/v2\/posts"}],"about":[{"href":"https:\/\/agora.xtec.cat\/ceipcarmeguaschidarne\/wp-json\/wp\/v2\/types\/post"}],"author":[{"embeddable":true,"href":"https:\/\/agora.xtec.cat\/ceipcarmeguaschidarne\/wp-json\/wp\/v2\/users\/1"}],"replies":[{"embeddable":true,"href":"https:\/\/agora.xtec.cat\/ceipcarmeguaschidarne\/wp-json\/wp\/v2\/comments?post=6894"}],"version-history":[{"count":3,"href":"https:\/\/agora.xtec.cat\/ceipcarmeguaschidarne\/wp-json\/wp\/v2\/posts\/6894\/revisions"}],"predecessor-version":[{"id":6901,"href":"https:\/\/agora.xtec.cat\/ceipcarmeguaschidarne\/wp-json\/wp\/v2\/posts\/6894\/revisions\/6901"}],"wp:featuredmedia":[{"embeddable":true,"href":"https:\/\/agora.xtec.cat\/ceipcarmeguaschidarne\/wp-json\/wp\/v2\/media\/6895"}],"wp:attachment":[{"href":"https:\/\/agora.xtec.cat\/ceipcarmeguaschidarne\/wp-json\/wp\/v2\/media?parent=6894"}],"wp:term":[{"taxonomy":"category","embeddable":true,"href":"https:\/\/agora.xtec.cat\/ceipcarmeguaschidarne\/wp-json\/wp\/v2\/categories?post=6894"},{"taxonomy":"post_tag","embeddable":true,"href":"https:\/\/agora.xtec.cat\/ceipcarmeguaschidarne\/wp-json\/wp\/v2\/tags?post=6894"}],"curies":[{"name":"wp","href":"https:\/\/api.w.org\/{rel}","templated":true}]}}