{"id":989,"date":"2016-01-19T11:37:50","date_gmt":"2016-01-19T10:37:50","guid":{"rendered":"http:\/\/agora.xtec.cat\/ceipcarlesbuigas\/?p=989"},"modified":"2016-01-21T15:34:31","modified_gmt":"2016-01-21T14:34:31","slug":"divendres-22-de-gener-a-les-19h-propera-reunio-de-lampa","status":"publish","type":"post","link":"https:\/\/agora.xtec.cat\/ceipcarlesbuigas\/afi\/divendres-22-de-gener-a-les-19h-propera-reunio-de-lampa\/","title":{"rendered":"Divendres, 22 de gener a les 19h.  &#8211; Propera reuni\u00f3 de l&#8217;AMPA"},"content":{"rendered":"<p>Us informem que el proper divendres 22 de\u00a0gener hi ha reuni\u00f3 de l&#8217;ampa a les 19:00 h.<\/p>\n<p><u>L&#8217;ordre del dia ser\u00e0 el seg\u00fcent:<a href=\"http:\/\/agora.xtec.cat\/ceipcarlesbuigas\/wp-content\/uploads\/usu15\/2015\/12\/acta_ampa_post.jpg\"><img loading=\"lazy\" decoding=\"async\" class=\"alignnone size-full wp-image-856\" src=\"http:\/\/agora.xtec.cat\/ceipcarlesbuigas\/wp-content\/uploads\/usu15\/2015\/12\/acta_ampa_post.jpg\" alt=\"Acta Assamblea Ampa\" width=\"460\" height=\"200\" srcset=\"https:\/\/agora.xtec.cat\/ceipcarlesbuigas\/wp-content\/uploads\/usu15\/2015\/12\/acta_ampa_post.jpg 460w, https:\/\/agora.xtec.cat\/ceipcarlesbuigas\/wp-content\/uploads\/usu15\/2015\/12\/acta_ampa_post-300x130.jpg 300w\" sizes=\"auto, (max-width: 460px) 100vw, 460px\" \/><\/a><\/u><\/p>\n<ol>\n<li>Organitzaci\u00f3 de Carnaval.<\/li>\n<li>Seguiment de les accions realitzades amb el tema dels gats<\/li>\n<li>Organitzaci\u00f3 i propostes d&#8217;activitats culturals: La llum<\/li>\n<li>Organitzaci\u00f3 festa fi de curs<\/li>\n<li>Seguiment\u00a0 de l&#8217;\u00fas del m\u00f2bil de l&#8217;AMPA<\/li>\n<li>Implantaci\u00f3 del nou protocol de\u00a0pagament d&#8217;activitats extraescolars.<\/li>\n<li>Precs i preguntes<\/li>\n<\/ol>\n<p><b>Esperem comptar amb la vostra assist\u00e8ncia!<\/b><\/p>\n<p>Us recordem que el divendres 22 \u00e9s l&#8217;\u00faltim dia per encarregar el DVD de la cantada. Preu: 3 \u20ac. Cal passar per l&#8217;AMPA per encarregar-lo.<\/p>\n","protected":false},"excerpt":{"rendered":"<p>Us informem que el proper divendres 22 de\u00a0gener hi ha reuni\u00f3 de l&#8217;ampa a les 19:00 h. L&#8217;ordre del dia ser\u00e0 el seg\u00fcent: Organitzaci\u00f3 de Carnaval. Seguiment de les accions realitzades amb el tema dels gats Organitzaci\u00f3 i propostes d&#8217;activitats culturals: La llum Organitzaci\u00f3 festa fi de curs Seguiment\u00a0 de l&#8217;\u00fas del m\u00f2bil de l&#8217;AMPA [&hellip;]<\/p>\n","protected":false},"author":4,"featured_media":0,"comment_status":"open","ping_status":"open","sticky":false,"template":"","format":"standard","meta":{"_bbp_topic_count":0,"_bbp_reply_count":0,"_bbp_total_topic_count":0,"_bbp_total_reply_count":0,"_bbp_voice_count":0,"_bbp_anonymous_reply_count":0,"_bbp_topic_count_hidden":0,"_bbp_reply_count_hidden":0,"_bbp_forum_subforum_count":0,"site-sidebar-layout":"default","site-content-layout":"","ast-site-content-layout":"","site-content-style":"default","site-sidebar-style":"default","ast-global-header-display":"","ast-banner-title-visibility":"","ast-main-header-display":"","ast-hfb-above-header-display":"","ast-hfb-below-header-display":"","ast-hfb-mobile-header-display":"","site-post-title":"","ast-breadcrumbs-content":"","ast-featured-img":"","footer-sml-layout":"","theme-transparent-header-meta":"","adv-header-id-meta":"","stick-header-meta":"","header-above-stick-meta":"","header-main-stick-meta":"","header-below-stick-meta":"","astra-migrate-meta-layouts":"default","ast-page-background-enabled":"default","ast-page-background-meta":{"desktop":{"background-color":"var(--ast-global-color-4)","background-image":"","background-repeat":"repeat","background-position":"center center","background-size":"auto","background-attachment":"scroll","background-type":"","background-media":"","overlay-type":"","overlay-color":"","overlay-opacity":"","overlay-gradient":""},"tablet":{"background-color":"","background-image":"","background-repeat":"repeat","background-position":"center center","background-size":"auto","background-attachment":"scroll","background-type":"","background-media":"","overlay-type":"","overlay-color":"","overlay-opacity":"","overlay-gradient":""},"mobile":{"background-color":"","background-image":"","background-repeat":"repeat","background-position":"center center","background-size":"auto","background-attachment":"scroll","background-type":"","background-media":"","overlay-type":"","overlay-color":"","overlay-opacity":"","overlay-gradient":""}},"ast-content-background-meta":{"desktop":{"background-color":"var(--ast-global-color-5)","background-image":"","background-repeat":"repeat","background-position":"center center","background-size":"auto","background-attachment":"scroll","background-type":"","background-media":"","overlay-type":"","overlay-color":"","overlay-opacity":"","overlay-gradient":""},"tablet":{"background-color":"var(--ast-global-color-5)","background-image":"","background-repeat":"repeat","background-position":"center center","background-size":"auto","background-attachment":"scroll","background-type":"","background-media":"","overlay-type":"","overlay-color":"","overlay-opacity":"","overlay-gradient":""},"mobile":{"background-color":"var(--ast-global-color-5)","background-image":"","background-repeat":"repeat","background-position":"center center","background-size":"auto","background-attachment":"scroll","background-type":"","background-media":"","overlay-type":"","overlay-color":"","overlay-opacity":"","overlay-gradient":""}},"footnotes":""},"categories":[7],"tags":[],"class_list":["post-989","post","type-post","status-publish","format-standard","hentry","category-afi"],"post_mailing_queue_ids":[],"_links":{"self":[{"href":"https:\/\/agora.xtec.cat\/ceipcarlesbuigas\/wp-json\/wp\/v2\/posts\/989","targetHints":{"allow":["GET"]}}],"collection":[{"href":"https:\/\/agora.xtec.cat\/ceipcarlesbuigas\/wp-json\/wp\/v2\/posts"}],"about":[{"href":"https:\/\/agora.xtec.cat\/ceipcarlesbuigas\/wp-json\/wp\/v2\/types\/post"}],"author":[{"embeddable":true,"href":"https:\/\/agora.xtec.cat\/ceipcarlesbuigas\/wp-json\/wp\/v2\/users\/4"}],"replies":[{"embeddable":true,"href":"https:\/\/agora.xtec.cat\/ceipcarlesbuigas\/wp-json\/wp\/v2\/comments?post=989"}],"version-history":[{"count":1,"href":"https:\/\/agora.xtec.cat\/ceipcarlesbuigas\/wp-json\/wp\/v2\/posts\/989\/revisions"}],"predecessor-version":[{"id":990,"href":"https:\/\/agora.xtec.cat\/ceipcarlesbuigas\/wp-json\/wp\/v2\/posts\/989\/revisions\/990"}],"wp:attachment":[{"href":"https:\/\/agora.xtec.cat\/ceipcarlesbuigas\/wp-json\/wp\/v2\/media?parent=989"}],"wp:term":[{"taxonomy":"category","embeddable":true,"href":"https:\/\/agora.xtec.cat\/ceipcarlesbuigas\/wp-json\/wp\/v2\/categories?post=989"},{"taxonomy":"post_tag","embeddable":true,"href":"https:\/\/agora.xtec.cat\/ceipcarlesbuigas\/wp-json\/wp\/v2\/tags?post=989"}],"curies":[{"name":"wp","href":"https:\/\/api.w.org\/{rel}","templated":true}]}}