{"id":772,"date":"2018-01-23T16:24:27","date_gmt":"2018-01-23T15:24:27","guid":{"rendered":"http:\/\/agora.xtec.cat\/ceipcansalvi\/?p=772"},"modified":"2018-01-23T16:34:02","modified_gmt":"2018-01-23T15:34:02","slug":"mascares-carnaval","status":"publish","type":"post","link":"https:\/\/agora.xtec.cat\/ceipcansalvi\/general\/mascares-carnaval\/","title":{"rendered":"M\u00c0SCARES CARNAVAL"},"content":{"rendered":"<p>Pares i mares,<br \/>\nA l\u2019escola ja hem comen\u00e7at a preparar el Carnaval i ens agradaria molt que ens ajudessiu a guarnir l\u2019escola per a l\u2019ocasi\u00f3.Us animem a elaborar una m\u00e0scara, amb la t\u00e8cnica i format que vulgueu per penjar-la i\/o exposar-la.<\/p>\n<p>Aqu\u00ed teniu una petita mostra per si us serveix de font d&#8217;inspiraci\u00f3&#8230;<\/p>\n<p><img loading=\"lazy\" decoding=\"async\" class=\"irc_mi aligncenter\" src=\"https:\/\/s-media-cache-ak0.pinimg.com\/originals\/74\/49\/c6\/7449c65a25fc87552da3b0c0ead010ab.jpg\" alt=\"Resultat d'imatges de MANUALIDAD MASCARA\" width=\"312\" height=\"390\" border=\"0\" \/><\/p>\n<p><img loading=\"lazy\" decoding=\"async\" class=\"irc_mi alignleft\" src=\"https:\/\/s-media-cache-ak0.pinimg.com\/originals\/bb\/c5\/2e\/bbc52e90e9cb7c8c3dd648b9773d3cba.jpg\" alt=\"Resultat d'imatges de MAscaras manualidad\" width=\"251\" height=\"393\" border=\"0\" \/><\/p>\n<p><img loading=\"lazy\" decoding=\"async\" class=\"irc_mi aligncenter\" src=\"https:\/\/s-media-cache-ak0.pinimg.com\/originals\/88\/09\/91\/8809913ff656cb6b5de05f644d68f0ec.jpg\" alt=\"Resultat d'imatges de MAscaras manualidad\" width=\"320\" height=\"303\" \/><\/p>\n<p>&nbsp;<\/p>\n<p>&nbsp;<\/p>\n<p>Recordeu que la m\u00e0scara ha d\u2019estar marcada amb el nom del nen\/a i el curs.<\/p>\n<p>L\u2019\u00faltim dia per a portar-la \u00e9s el 31 de gener, ja que aquell dia les comen\u00e7arem a penjar.<\/p>\n<p><strong>MOLTES GR\u00c0CIES PER LA VOSTRA COL\u00b7LABORACI\u00d3!!<\/strong><\/p>\n","protected":false},"excerpt":{"rendered":"<p>Pares i mares,<br \/>\nA l\u2019escola ja hem comen\u00e7at a preparar el Carnaval i ens agradaria molt que ens ajudessiu a guarnir l\u2019escola per a l\u2019ocasi\u00f3.Us animem a elaborar una m\u00e0scara, amb la t\u00e8cnica i format que vulgueu per penjar-la i\/o exposar-la.<br \/>\nAqu\u00ed teniu una petita mostra per&hellip;  <a href=\"https:\/\/agora.xtec.cat\/ceipcansalvi\/general\/mascares-carnaval\/\" title=\"Read M\u00c0SCARES CARNAVAL\">Llegeix m\u00e9s\u00bb<\/a><\/p>\n","protected":false},"author":1,"featured_media":775,"comment_status":"closed","ping_status":"closed","sticky":false,"template":"","format":"standard","meta":{"_bbp_topic_count":0,"_bbp_reply_count":0,"_bbp_total_topic_count":0,"_bbp_total_reply_count":0,"_bbp_voice_count":0,"_bbp_anonymous_reply_count":0,"_bbp_topic_count_hidden":0,"_bbp_reply_count_hidden":0,"_bbp_forum_subforum_count":0,"footnotes":""},"categories":[1,4],"tags":[],"class_list":["post-772","post","type-post","status-publish","format-standard","has-post-thumbnail","hentry","category-general","category-portada"],"post_mailing_queue_ids":[],"_links":{"self":[{"href":"https:\/\/agora.xtec.cat\/ceipcansalvi\/wp-json\/wp\/v2\/posts\/772","targetHints":{"allow":["GET"]}}],"collection":[{"href":"https:\/\/agora.xtec.cat\/ceipcansalvi\/wp-json\/wp\/v2\/posts"}],"about":[{"href":"https:\/\/agora.xtec.cat\/ceipcansalvi\/wp-json\/wp\/v2\/types\/post"}],"author":[{"embeddable":true,"href":"https:\/\/agora.xtec.cat\/ceipcansalvi\/wp-json\/wp\/v2\/users\/1"}],"replies":[{"embeddable":true,"href":"https:\/\/agora.xtec.cat\/ceipcansalvi\/wp-json\/wp\/v2\/comments?post=772"}],"version-history":[{"count":2,"href":"https:\/\/agora.xtec.cat\/ceipcansalvi\/wp-json\/wp\/v2\/posts\/772\/revisions"}],"predecessor-version":[{"id":774,"href":"https:\/\/agora.xtec.cat\/ceipcansalvi\/wp-json\/wp\/v2\/posts\/772\/revisions\/774"}],"wp:featuredmedia":[{"embeddable":true,"href":"https:\/\/agora.xtec.cat\/ceipcansalvi\/wp-json\/wp\/v2\/media\/775"}],"wp:attachment":[{"href":"https:\/\/agora.xtec.cat\/ceipcansalvi\/wp-json\/wp\/v2\/media?parent=772"}],"wp:term":[{"taxonomy":"category","embeddable":true,"href":"https:\/\/agora.xtec.cat\/ceipcansalvi\/wp-json\/wp\/v2\/categories?post=772"},{"taxonomy":"post_tag","embeddable":true,"href":"https:\/\/agora.xtec.cat\/ceipcansalvi\/wp-json\/wp\/v2\/tags?post=772"}],"curies":[{"name":"wp","href":"https:\/\/api.w.org\/{rel}","templated":true}]}}