{"id":731,"date":"2018-01-12T10:26:45","date_gmt":"2018-01-12T09:26:45","guid":{"rendered":"http:\/\/agora.xtec.cat\/ceipcansalvi\/?p=731"},"modified":"2018-01-15T10:33:18","modified_gmt":"2018-01-15T09:33:18","slug":"colonies","status":"publish","type":"post","link":"https:\/\/agora.xtec.cat\/ceipcansalvi\/portada\/colonies\/","title":{"rendered":"COL\u00d2NIES"},"content":{"rendered":"<p>Us informem que un cop fet el recompte, han sortit totes les col\u00f2nies d&#8217;aquest curs!!!<\/p>\n<div class=\"separator\"><img loading=\"lazy\" decoding=\"async\" class=\"aligncenter\" src=\"http:\/\/agora.xtec.cat\/zer-riuiserra\/wp-content\/uploads\/usu446\/2017\/11\/COL%C3%92NIES.png\" alt=\"http:\/\/agora.xtec.cat\/zer-riuiserra\/wp-content\/uploads\/usu446\/2017\/11\/COL%C3%92NIES.png\" width=\"320\" height=\"320\" \/><\/div>\n<div class=\"separator\"><\/div>\n<p>per tant:<\/p>\n<p>Els alumnes de:<\/p>\n<ul>\n<li>P5 aniran a Cal Ganxo, els dies 10 i 11 de maig.<\/li>\n<li>2n aniran a Can Grau, els dies 15 i 16 de mar\u00e7.<\/li>\n<li>4t aniran a Cal Pons, els dies 23, 24 i 25 de maig.<\/li>\n<li>6\u00e8 aniran a Cala Montjoi, els dies 21, 22 i 23 de maig.<\/li>\n<\/ul>\n<p>Recordeu que a mesura que s&#8217;acostin les dates ja us farem arribar m\u00e9s informaci\u00f3 i es far\u00e0 la reuni\u00f3 per a cada curs.<\/p>\n<p>Moltes gr\u00e0cies pel vostre inter\u00e8s!<\/p>\n","protected":false},"excerpt":{"rendered":"<p>Us informem que un cop fet el recompte, han sortit totes les col\u00f2nies d&#8217;aquest curs!!!<\/p>\n<p>per tant:<br \/>\nEls alumnes de:<\/p>\n<ul>\n<li>P5 aniran a Cal Ganxo, els dies 10 i 11 de maig.<\/li>\n<li>2n aniran a Can Grau, els dies 15 i 16 de mar\u00e7.<\/li>\n<li>4t aniran a Cal Pons, els&hellip;  <a href=\"https:\/\/agora.xtec.cat\/ceipcansalvi\/portada\/colonies\/\" title=\"Read COL\u00d2NIES\">Llegeix m\u00e9s\u00bb<\/a><br \/>\n","protected":false},"author":1,"featured_media":734,"comment_status":"closed","ping_status":"closed","sticky":false,"template":"","format":"standard","meta":{"_bbp_topic_count":0,"_bbp_reply_count":0,"_bbp_total_topic_count":0,"_bbp_total_reply_count":0,"_bbp_voice_count":0,"_bbp_anonymous_reply_count":0,"_bbp_topic_count_hidden":0,"_bbp_reply_count_hidden":0,"_bbp_forum_subforum_count":0,"footnotes":""},"categories":[4],"tags":[],"class_list":["post-731","post","type-post","status-publish","format-standard","has-post-thumbnail","hentry","category-portada"],"post_mailing_queue_ids":[],"_links":{"self":[{"href":"https:\/\/agora.xtec.cat\/ceipcansalvi\/wp-json\/wp\/v2\/posts\/731","targetHints":{"allow":["GET"]}}],"collection":[{"href":"https:\/\/agora.xtec.cat\/ceipcansalvi\/wp-json\/wp\/v2\/posts"}],"about":[{"href":"https:\/\/agora.xtec.cat\/ceipcansalvi\/wp-json\/wp\/v2\/types\/post"}],"author":[{"embeddable":true,"href":"https:\/\/agora.xtec.cat\/ceipcansalvi\/wp-json\/wp\/v2\/users\/1"}],"replies":[{"embeddable":true,"href":"https:\/\/agora.xtec.cat\/ceipcansalvi\/wp-json\/wp\/v2\/comments?post=731"}],"version-history":[{"count":1,"href":"https:\/\/agora.xtec.cat\/ceipcansalvi\/wp-json\/wp\/v2\/posts\/731\/revisions"}],"predecessor-version":[{"id":732,"href":"https:\/\/agora.xtec.cat\/ceipcansalvi\/wp-json\/wp\/v2\/posts\/731\/revisions\/732"}],"wp:featuredmedia":[{"embeddable":true,"href":"https:\/\/agora.xtec.cat\/ceipcansalvi\/wp-json\/wp\/v2\/media\/734"}],"wp:attachment":[{"href":"https:\/\/agora.xtec.cat\/ceipcansalvi\/wp-json\/wp\/v2\/media?parent=731"}],"wp:term":[{"taxonomy":"category","embeddable":true,"href":"https:\/\/agora.xtec.cat\/ceipcansalvi\/wp-json\/wp\/v2\/categories?post=731"},{"taxonomy":"post_tag","embeddable":true,"href":"https:\/\/agora.xtec.cat\/ceipcansalvi\/wp-json\/wp\/v2\/tags?post=731"}],"curies":[{"name":"wp","href":"https:\/\/api.w.org\/{rel}","templated":true}]}}