{"id":589,"date":"2017-11-04T23:23:55","date_gmt":"2017-11-04T22:23:55","guid":{"rendered":"http:\/\/agora.xtec.cat\/ceipcansalvi\/?p=589"},"modified":"2017-12-06T23:30:27","modified_gmt":"2017-12-06T22:30:27","slug":"apadrinament-lector","status":"publish","type":"post","link":"https:\/\/agora.xtec.cat\/ceipcansalvi\/portada\/apadrinament-lector\/","title":{"rendered":"APADRINAMENT LECTOR"},"content":{"rendered":"<p>El passat dijous, vem iniciar l&#8217;apadrinament lector entre els alumnes de 1r i els de 6\u00e8. Com que era la primera presa de contacte, les tutores van preparar una activitat molt especial a la pista de l&#8217;escola.<\/p>\n<p class=\"post-body entry-content\" style=\"text-align: justify;\">Aqu\u00ed teniu algunes imatges del moment en qu\u00e8 els fillols coneixen els seus padrins.<\/p>\n<p class=\"post-body entry-content\" style=\"text-align: justify;\">Si voleu m\u00e9s informaci\u00f3 la podreu trobar al bloc d&#8217;aquests nivells, i de ben segur que els vostres fills i filles us en podran donar m\u00e9s detalls!!<\/p>\n<h5 class=\"post-body entry-content\" style=\"text-align: center;\"><a href=\"https:\/\/1.bp.blogspot.com\/-9doFwzmOHWg\/Wf2RyJJPPfI\/AAAAAAAABuY\/sJMYupURWbQfJC8_Dh1sx-iCzoVmcCdKQCLcBGAs\/s1600\/IMG-20171104-WA0007%255B1%255D.jpg\"><img loading=\"lazy\" decoding=\"async\" class=\"aligncenter\" src=\"https:\/\/1.bp.blogspot.com\/-9doFwzmOHWg\/Wf2RyJJPPfI\/AAAAAAAABuY\/sJMYupURWbQfJC8_Dh1sx-iCzoVmcCdKQCLcBGAs\/s400\/IMG-20171104-WA0007%255B1%255D.jpg\" width=\"400\" height=\"300\" border=\"0\" data-original-height=\"1200\" data-original-width=\"1600\" \/><\/a><\/h5>\n<div class=\"separator\"><a href=\"https:\/\/4.bp.blogspot.com\/-rN43zawdSlc\/Wf2RrmkmKxI\/AAAAAAAABuU\/px3XlqHpNmMP12_k8iA_vQT-PblfhS15ACLcBGAs\/s1600\/IMG-20171104-WA0005%255B1%255D.jpg\"><img loading=\"lazy\" decoding=\"async\" class=\"aligncenter\" src=\"https:\/\/4.bp.blogspot.com\/-rN43zawdSlc\/Wf2RrmkmKxI\/AAAAAAAABuU\/px3XlqHpNmMP12_k8iA_vQT-PblfhS15ACLcBGAs\/s400\/IMG-20171104-WA0005%255B1%255D.jpg\" width=\"400\" height=\"300\" border=\"0\" data-original-height=\"1200\" data-original-width=\"1600\" \/><\/a><\/div>\n<h3 class=\"post-body entry-content\" style=\"text-align: center;\"><\/h3>\n<div class=\"separator\">\n<p><a href=\"https:\/\/4.bp.blogspot.com\/-GbyxftON2HU\/Wf2RahI0WUI\/AAAAAAAABuM\/dbRrR-GGQwY-59YpnPZqpgMoWTXXPzK9ACLcBGAs\/s1600\/IMG-20171104-WA0002%255B1%255D.jpg\"><img loading=\"lazy\" decoding=\"async\" class=\"aligncenter\" src=\"https:\/\/4.bp.blogspot.com\/-GbyxftON2HU\/Wf2RahI0WUI\/AAAAAAAABuM\/dbRrR-GGQwY-59YpnPZqpgMoWTXXPzK9ACLcBGAs\/s400\/IMG-20171104-WA0002%255B1%255D.jpg\" width=\"400\" height=\"300\" border=\"0\" data-original-height=\"1200\" data-original-width=\"1600\" \/><\/a><\/p>\n<h4 id=\"post-body-2833802824954255079\" class=\"post-body entry-content\"><img loading=\"lazy\" decoding=\"async\" class=\"aligncenter\" src=\"https:\/\/4.bp.blogspot.com\/-hescWdSLkDI\/Wf2RS-VBxCI\/AAAAAAAABuI\/nsC8pJOjSRE_dBuyFc1c8se5SkaohtMaACLcBGAs\/s400\/IMG-20171104-WA0001%255B1%255D.jpg\" width=\"400\" height=\"300\" border=\"0\" data-original-height=\"1200\" data-original-width=\"1600\" \/><\/h4>\n<\/div>\n<h3 class=\"post-body entry-content\" style=\"text-align: center;\"><\/h3>\n<div class=\"separator\"><a href=\"https:\/\/3.bp.blogspot.com\/-2g6QqAihyho\/Wf2QhZ0FruI\/AAAAAAAABuA\/AYiDAGFpYNU_vXwWSb2ZuIs2fPLJij5EwCEwYBhgL\/s1600\/IMG-20171102-WA0017%255B1%255D.jpg\"><img loading=\"lazy\" decoding=\"async\" class=\"aligncenter\" src=\"https:\/\/3.bp.blogspot.com\/-2g6QqAihyho\/Wf2QhZ0FruI\/AAAAAAAABuA\/AYiDAGFpYNU_vXwWSb2ZuIs2fPLJij5EwCEwYBhgL\/s400\/IMG-20171102-WA0017%255B1%255D.jpg\" width=\"421\" height=\"237\" border=\"0\" data-original-height=\"900\" data-original-width=\"1600\" \/><\/a><\/div>\n<h3 class=\"post-body entry-content\" style=\"text-align: center;\"><span style=\"color: #33cccc;\"> Endavant amb la lectura!!<\/span><\/h3>\n","protected":false},"excerpt":{"rendered":"<p>El passat dijous, vem iniciar l&#8217;apadrinament lector entre els alumnes de 1r i els de 6\u00e8. Com que era la primera presa de contacte, les tutores van preparar una activitat molt especial a la pista de l&#8217;escola.<br \/>\nAqu\u00ed teniu algunes imatges del moment en qu\u00e8 els&hellip;  <a href=\"https:\/\/agora.xtec.cat\/ceipcansalvi\/portada\/apadrinament-lector\/\" title=\"Read APADRINAMENT LECTOR\">Llegeix m\u00e9s\u00bb<\/a><\/p>\n","protected":false},"author":1,"featured_media":590,"comment_status":"closed","ping_status":"closed","sticky":false,"template":"","format":"standard","meta":{"_bbp_topic_count":0,"_bbp_reply_count":0,"_bbp_total_topic_count":0,"_bbp_total_reply_count":0,"_bbp_voice_count":0,"_bbp_anonymous_reply_count":0,"_bbp_topic_count_hidden":0,"_bbp_reply_count_hidden":0,"_bbp_forum_subforum_count":0,"footnotes":""},"categories":[10,15,4,5],"tags":[62],"class_list":["post-589","post","type-post","status-publish","format-standard","has-post-thumbnail","hentry","category-1r","category-6e","category-portada","category-primaria","tag-apadrinament-lector"],"post_mailing_queue_ids":[],"_links":{"self":[{"href":"https:\/\/agora.xtec.cat\/ceipcansalvi\/wp-json\/wp\/v2\/posts\/589","targetHints":{"allow":["GET"]}}],"collection":[{"href":"https:\/\/agora.xtec.cat\/ceipcansalvi\/wp-json\/wp\/v2\/posts"}],"about":[{"href":"https:\/\/agora.xtec.cat\/ceipcansalvi\/wp-json\/wp\/v2\/types\/post"}],"author":[{"embeddable":true,"href":"https:\/\/agora.xtec.cat\/ceipcansalvi\/wp-json\/wp\/v2\/users\/1"}],"replies":[{"embeddable":true,"href":"https:\/\/agora.xtec.cat\/ceipcansalvi\/wp-json\/wp\/v2\/comments?post=589"}],"version-history":[{"count":2,"href":"https:\/\/agora.xtec.cat\/ceipcansalvi\/wp-json\/wp\/v2\/posts\/589\/revisions"}],"predecessor-version":[{"id":592,"href":"https:\/\/agora.xtec.cat\/ceipcansalvi\/wp-json\/wp\/v2\/posts\/589\/revisions\/592"}],"wp:featuredmedia":[{"embeddable":true,"href":"https:\/\/agora.xtec.cat\/ceipcansalvi\/wp-json\/wp\/v2\/media\/590"}],"wp:attachment":[{"href":"https:\/\/agora.xtec.cat\/ceipcansalvi\/wp-json\/wp\/v2\/media?parent=589"}],"wp:term":[{"taxonomy":"category","embeddable":true,"href":"https:\/\/agora.xtec.cat\/ceipcansalvi\/wp-json\/wp\/v2\/categories?post=589"},{"taxonomy":"post_tag","embeddable":true,"href":"https:\/\/agora.xtec.cat\/ceipcansalvi\/wp-json\/wp\/v2\/tags?post=589"}],"curies":[{"name":"wp","href":"https:\/\/api.w.org\/{rel}","templated":true}]}}