{"id":580,"date":"2017-11-04T23:11:28","date_gmt":"2017-11-04T22:11:28","guid":{"rendered":"http:\/\/agora.xtec.cat\/ceipcansalvi\/?p=580"},"modified":"2017-12-14T20:08:43","modified_gmt":"2017-12-14T19:08:43","slug":"inici-ambients","status":"publish","type":"post","link":"https:\/\/agora.xtec.cat\/ceipcansalvi\/infantil\/inici-ambients\/","title":{"rendered":"INICI AMBIENTS"},"content":{"rendered":"<p><span style=\"color: #33cccc;\">SEGUIM AMB NOVETATS I ESTRENES!<\/span><\/p>\n<div id=\"post-body-4719850950531496824\" class=\"post-body entry-content\">\n<div style=\"text-align: justify;\"><\/div>\n<p style=\"text-align: justify;\">Aquest divendres a la tarda, vem iniciar la tanda d&#8217;ambients!! Tots en ten\u00edem moltes ganes, i com acostuma a passar en aquestes ocasions ten\u00edem una mica de nervis, per\u00f2 com era d&#8217;esperar va anar super b\u00e9! i els nostres nens i nenes van gaudir molt\u00edssim!<\/p>\n<p style=\"text-align: justify;\">A m\u00e9s, aquest curs estem d&#8217;enhorabona, ja que tenim tres nous ambients!<\/p>\n<p style=\"text-align: justify;\">&#8211; Ambient Multisensorial<\/p>\n<p style=\"text-align: justify;\">&#8211; Ambient del Relax<\/p>\n<p style=\"text-align: justify;\">&#8211; Ambient del Supermarket<\/p>\n<p style=\"text-align: justify;\">Com veureu, hem creat un apartat espec\u00edfic dels ambients en aquest bloc, on mica en mica us anirem penjant m\u00e9s informaci\u00f3 i imatges de les descobertes que anem fent a les sessions dels ambients.<\/p>\n<p style=\"text-align: justify;\">De moment, us deixem fotos de l&#8217;ambient del relax i de l&#8217;ambient multisensorial!<\/p>\n<div class=\"separator\"><a href=\"https:\/\/4.bp.blogspot.com\/-J31uguyv69c\/Wf2UdVxYwhI\/AAAAAAAABuk\/nbQDOmh_N4Ewj2paPN7L_Ip5lcQFx6WPwCLcBGAs\/s1600\/IMG-20171103-WA0005%255B1%255D.jpg\"><img loading=\"lazy\" decoding=\"async\" class=\"alignleft\" src=\"https:\/\/4.bp.blogspot.com\/-J31uguyv69c\/Wf2UdVxYwhI\/AAAAAAAABuk\/nbQDOmh_N4Ewj2paPN7L_Ip5lcQFx6WPwCLcBGAs\/s400\/IMG-20171103-WA0005%255B1%255D.jpg\" width=\"262\" height=\"350\" border=\"0\" data-original-height=\"1600\" data-original-width=\"1200\" \/><\/a><\/div>\n<\/div>\n<div class=\"separator\"><\/div>\n<div id=\"post-body-4719850950531496824\" class=\"post-body entry-content\">\n<div class=\"separator\"><\/div>\n<div class=\"separator\"><a href=\"https:\/\/2.bp.blogspot.com\/-l0lV9uyq7kQ\/Wf2WEZjSUCI\/AAAAAAAABvI\/dTV3v-6oFu0bWWDeImF87osBHvsyIbeIwCLcBGAs\/s1600\/IMG-20171103-WA0024%255B1%255D.jpg\"><img loading=\"lazy\" decoding=\"async\" class=\"\" src=\"https:\/\/2.bp.blogspot.com\/-l0lV9uyq7kQ\/Wf2WEZjSUCI\/AAAAAAAABvI\/dTV3v-6oFu0bWWDeImF87osBHvsyIbeIwCLcBGAs\/s400\/IMG-20171103-WA0024%255B1%255D.jpg\" width=\"260\" height=\"347\" border=\"0\" data-original-height=\"1600\" data-original-width=\"1200\" \/>\u00a0<\/a><\/div>\n<div class=\"separator\"><\/div>\n<div class=\"separator\"><\/div>\n<div class=\"separator\" style=\"text-align: center;\"><\/div>\n<div class=\"separator\" style=\"text-align: center;\"><strong><span style=\"color: #33cccc;\">\u00a0<\/span><\/strong><\/div>\n<\/div>\n","protected":false},"excerpt":{"rendered":"<p>SEGUIM AMB NOVETATS I ESTRENES!<\/p>\n<p>Aquest divendres a la tarda, vem iniciar la tanda d&#8217;ambients!! Tots en ten\u00edem moltes ganes, i com acostuma a passar en aquestes ocasions ten\u00edem una mica de nervis, per\u00f2 com era d&#8217;esperar va anar super b\u00e9! i els nostres nens i&hellip;  <a href=\"https:\/\/agora.xtec.cat\/ceipcansalvi\/infantil\/inici-ambients\/\" title=\"Read INICI AMBIENTS\">Llegeix m\u00e9s\u00bb<\/a><\/p>\n","protected":false},"author":1,"featured_media":583,"comment_status":"open","ping_status":"closed","sticky":false,"template":"","format":"standard","meta":{"_bbp_topic_count":0,"_bbp_reply_count":0,"_bbp_total_topic_count":0,"_bbp_total_reply_count":0,"_bbp_voice_count":0,"_bbp_anonymous_reply_count":0,"_bbp_topic_count_hidden":0,"_bbp_reply_count_hidden":0,"_bbp_forum_subforum_count":0,"footnotes":""},"categories":[2,3,8,9,4],"tags":[61],"class_list":["post-580","post","type-post","status-publish","format-standard","has-post-thumbnail","hentry","category-infantil","category-p3","category-p4","category-p5","category-portada","tag-ambients"],"post_mailing_queue_ids":[],"_links":{"self":[{"href":"https:\/\/agora.xtec.cat\/ceipcansalvi\/wp-json\/wp\/v2\/posts\/580","targetHints":{"allow":["GET"]}}],"collection":[{"href":"https:\/\/agora.xtec.cat\/ceipcansalvi\/wp-json\/wp\/v2\/posts"}],"about":[{"href":"https:\/\/agora.xtec.cat\/ceipcansalvi\/wp-json\/wp\/v2\/types\/post"}],"author":[{"embeddable":true,"href":"https:\/\/agora.xtec.cat\/ceipcansalvi\/wp-json\/wp\/v2\/users\/1"}],"replies":[{"embeddable":true,"href":"https:\/\/agora.xtec.cat\/ceipcansalvi\/wp-json\/wp\/v2\/comments?post=580"}],"version-history":[{"count":3,"href":"https:\/\/agora.xtec.cat\/ceipcansalvi\/wp-json\/wp\/v2\/posts\/580\/revisions"}],"predecessor-version":[{"id":588,"href":"https:\/\/agora.xtec.cat\/ceipcansalvi\/wp-json\/wp\/v2\/posts\/580\/revisions\/588"}],"wp:featuredmedia":[{"embeddable":true,"href":"https:\/\/agora.xtec.cat\/ceipcansalvi\/wp-json\/wp\/v2\/media\/583"}],"wp:attachment":[{"href":"https:\/\/agora.xtec.cat\/ceipcansalvi\/wp-json\/wp\/v2\/media?parent=580"}],"wp:term":[{"taxonomy":"category","embeddable":true,"href":"https:\/\/agora.xtec.cat\/ceipcansalvi\/wp-json\/wp\/v2\/categories?post=580"},{"taxonomy":"post_tag","embeddable":true,"href":"https:\/\/agora.xtec.cat\/ceipcansalvi\/wp-json\/wp\/v2\/tags?post=580"}],"curies":[{"name":"wp","href":"https:\/\/api.w.org\/{rel}","templated":true}]}}