{"id":519,"date":"2017-12-04T20:24:36","date_gmt":"2017-12-04T19:24:36","guid":{"rendered":"http:\/\/agora.xtec.cat\/ceipcansalvi\/?p=519"},"modified":"2017-12-06T22:11:19","modified_gmt":"2017-12-06T21:11:19","slug":"programacio-dactivitats-escola-can-salvi","status":"publish","type":"post","link":"https:\/\/agora.xtec.cat\/ceipcansalvi\/portada\/programacio-dactivitats-escola-can-salvi\/","title":{"rendered":"PROGRAMACI\u00d3 D&#8217;ACTIVITATS ESCOLA CAN SALVI"},"content":{"rendered":"<p><a href=\"https:\/\/www.dropbox.com\/s\/dklkcle4324uno4\/ACTIVITATS%20HIVERN.pdf?dl=0\">Aqu\u00ed teniu les activitats programades per aquests dies&#8230;<\/a><\/p>\n<p style=\"text-align: justify;\"><img decoding=\"async\" class=\"CSS_LIGHTBOX_SCALED_IMAGE_IMG aligncenter\" src=\"http:\/\/cdn3.dibujos.net\/dibujos\/pintar\/tio-de-navidad-colorear.jpg\" \/><\/p>\n<p style=\"text-align: justify;\">Un any m\u00e9s s\u2019acosten unes dates molt especials. Us expliquem les diferents activitats que farem a l\u00b4escola amb els vostres fills i filles:<\/p>\n<p style=\"text-align: justify;\"><span style=\"color: #00ccff;\"><strong><em>5 de desembre: <\/em><\/strong><\/span><strong><em>ARRIDADA EL TI\u00d3 A L\u2019ESCOLA<\/em><\/strong>.\u00a0 Pels alumnes d\u2019Educaci\u00f3 Infantil i Cicle Inicial.<\/p>\n<p style=\"text-align: justify;\"><span style=\"color: #00ccff;\"><strong><em>18 de desembre: <\/em><\/strong><\/span><strong><em>CONCERT D\u00b4HIVERN PER A LES FAM\u00cdLIES AL TEATRE N\u00daRIA ESPERT<\/em><\/strong><\/p>\n<p style=\"padding-left: 30px; text-align: justify;\"><u><strong>EDUCACI\u00d3 INFANTIL <\/strong><\/u>(P3-P5) :\u00a0 Actuaran a les <strong>9:15h <\/strong>i hauran d\u2019anar amb les fam\u00edlies directament al Teatre N\u00faria Espert a les 9:00h del mat\u00ed (es prega m\u00e0xima puntualitat).<\/p>\n<p style=\"padding-left: 30px; text-align: justify;\"><u><strong>CICLE INICIAL<\/strong><\/u> (1r-2n): Actuaran a les <strong>10:30h.<\/strong><\/p>\n<p style=\"padding-left: 30px; text-align: justify;\"><u><strong>CICLE MITJ\u00c0<\/strong><\/u> (3r-4t): Actuaran a les <strong>11:30h\u00a0 <\/strong>els alumnes es recolliran directament el Teatre un cop acabada l\u2019actuaci\u00f3. Els alumnes de menjador tornaran a l\u2019escola amb els mestres.<\/p>\n<p style=\"padding-left: 30px; text-align: justify;\"><u><strong>CICLE SUPERIOR<\/strong><\/u> (5\u00e8-6\u00e8): Actuaran a les <strong>15:15h <\/strong>i hauran d\u2019anar amb les fam\u00edlies directament al Teatre N\u00faria Espert \u00a0a les 15:00h (es prega m\u00e0xima puntualitat). Els alumnes que es quedin al menjador aniran amb les mestres. Un cop acaba l\u2019actuaci\u00f3 podreu recollir els vostres fills\/es al teatre.<\/p>\n<p style=\"text-align: justify;\"><strong>INFORMACI\u00d3 IMPORTANT: <\/strong><\/p>\n<p style=\"text-align: justify;\">Cada fam\u00edlia rebr\u00e0 <strong>dues entrades per fill\/a<\/strong> per anar al concert. Aquestes s\u00f3n transferibles i es graparan el dia <strong>13 de desembre a la tarda<\/strong> a l\u00b4agenda del nen\/a. (Important estar al cas d\u00b4agafar-les el mateix dia ja que no es proporcionaran de noves en cas de p\u00e8rdua ).<\/p>\n<p style=\"text-align: justify;\">El dia del concert les fam\u00edlies hauran d\u00b4estar preparades \u00a010 minuts abans de l\u00b4actuaci\u00f3 dels seus fills. \u00c9s important establir una filera per entrar ordenadament. Es prega m\u00e0xima puntualitat i us recordem que <strong><u>NO es podr\u00e0 sortir del teatre fins que no hagi acabat el torn d\u00b4actuacions del vostre cicle<\/u><\/strong>. Un cop hagin entrat totes les fam\u00edlies convidades, s\u00b4obrir\u00e0 una entrada lliure fins a completar l\u00b4aforament.<\/p>\n<p style=\"text-align: justify;\"><strong><em><span style=\"color: #00ccff;\">20 de desembre:<\/span>\u00a0 <\/em><\/strong><strong>ENTREGA DELS \u00c0LBUMS A EDUCACI\u00d3 INFANTIL I ELS INFORMES A PRIM\u00c0RIA<em>. <\/em><\/strong><\/p>\n<p style=\"text-align: justify;\"><span style=\"color: #00ccff;\"><strong><em>21 de desembre<\/em><\/strong><strong><em>: <\/em><\/strong><\/span><strong><em>DIA NO LECTIU I L\u2019ESCOLA ROMANDR\u00c0 TANCADA. <\/em><\/strong><\/p>\n<p style=\"text-align: justify;\"><strong><em><span style=\"color: #00ccff;\">22 de desembre:<\/span> XOCOLATADA , TI\u00d3 I AMIC INVISIBLE. <\/em><\/strong>L\u00b4AMPA\u00a0 ens convidar\u00e0\u00a0 a la \u00a0xocolatada i a m\u00e9s els nens d\u00b4Educaci\u00f3 Infantil i Cicle Inicial faran cagar el ti\u00f3 , mentre que els de cicle mitj\u00e0 i superior faran l&#8217;amic invisible.<\/p>\n","protected":false},"excerpt":{"rendered":"<p><a href=\"https:\/\/www.dropbox.com\/s\/dklkcle4324uno4\/ACTIVITATS%20HIVERN.pdf?dl=0\">Aqu\u00ed teniu les activitats programades per aquests dies&#8230;<\/a><\/p>\n<p>Un any m\u00e9s s\u2019acosten unes dates molt especials. Us expliquem les diferents activitats que farem a l\u00b4escola amb els vostres fills i filles:<br \/>\n5 de desembre: ARRIDADA EL TI\u00d3 A L\u2019ESCOLA.\u00a0 Pels alumnes d\u2019Educaci\u00f3 Infantil i Cicle Inicial.<br \/>\n18&hellip;  <a href=\"https:\/\/agora.xtec.cat\/ceipcansalvi\/portada\/programacio-dactivitats-escola-can-salvi\/\" title=\"Read PROGRAMACI\u00d3 D&#8217;ACTIVITATS ESCOLA CAN SALVI\">Llegeix m\u00e9s\u00bb<\/a><\/p>\n","protected":false},"author":1,"featured_media":522,"comment_status":"closed","ping_status":"closed","sticky":false,"template":"","format":"standard","meta":{"_bbp_topic_count":0,"_bbp_reply_count":0,"_bbp_total_topic_count":0,"_bbp_total_reply_count":0,"_bbp_voice_count":0,"_bbp_anonymous_reply_count":0,"_bbp_topic_count_hidden":0,"_bbp_reply_count_hidden":0,"_bbp_forum_subforum_count":0,"footnotes":""},"categories":[4],"tags":[],"class_list":["post-519","post","type-post","status-publish","format-standard","has-post-thumbnail","hentry","category-portada"],"post_mailing_queue_ids":[],"_links":{"self":[{"href":"https:\/\/agora.xtec.cat\/ceipcansalvi\/wp-json\/wp\/v2\/posts\/519","targetHints":{"allow":["GET"]}}],"collection":[{"href":"https:\/\/agora.xtec.cat\/ceipcansalvi\/wp-json\/wp\/v2\/posts"}],"about":[{"href":"https:\/\/agora.xtec.cat\/ceipcansalvi\/wp-json\/wp\/v2\/types\/post"}],"author":[{"embeddable":true,"href":"https:\/\/agora.xtec.cat\/ceipcansalvi\/wp-json\/wp\/v2\/users\/1"}],"replies":[{"embeddable":true,"href":"https:\/\/agora.xtec.cat\/ceipcansalvi\/wp-json\/wp\/v2\/comments?post=519"}],"version-history":[{"count":3,"href":"https:\/\/agora.xtec.cat\/ceipcansalvi\/wp-json\/wp\/v2\/posts\/519\/revisions"}],"predecessor-version":[{"id":531,"href":"https:\/\/agora.xtec.cat\/ceipcansalvi\/wp-json\/wp\/v2\/posts\/519\/revisions\/531"}],"wp:featuredmedia":[{"embeddable":true,"href":"https:\/\/agora.xtec.cat\/ceipcansalvi\/wp-json\/wp\/v2\/media\/522"}],"wp:attachment":[{"href":"https:\/\/agora.xtec.cat\/ceipcansalvi\/wp-json\/wp\/v2\/media?parent=519"}],"wp:term":[{"taxonomy":"category","embeddable":true,"href":"https:\/\/agora.xtec.cat\/ceipcansalvi\/wp-json\/wp\/v2\/categories?post=519"},{"taxonomy":"post_tag","embeddable":true,"href":"https:\/\/agora.xtec.cat\/ceipcansalvi\/wp-json\/wp\/v2\/tags?post=519"}],"curies":[{"name":"wp","href":"https:\/\/api.w.org\/{rel}","templated":true}]}}