{"id":3264,"date":"2026-02-06T09:00:06","date_gmt":"2026-02-06T08:00:06","guid":{"rendered":"https:\/\/agora.xtec.cat\/ceipcansalvi\/?p=3264"},"modified":"2026-04-23T10:04:00","modified_gmt":"2026-04-23T08:04:00","slug":"portes-obertes-preinscripcio-curs-26-27","status":"publish","type":"post","link":"https:\/\/agora.xtec.cat\/ceipcansalvi\/general\/portes-obertes-preinscripcio-curs-26-27\/","title":{"rendered":"PORTES OBERTES preinscripci\u00f3 curs 26-27"},"content":{"rendered":"<p>&nbsp;<\/p>\n<p><strong style=\"color: #ff0000; font-family: inherit; font-size: 1em;\">INFORMACI\u00d3 SOBRE LA PREINSCRIPCI\u00d3 CURS 26-27<\/strong><\/p>\n<ul>\n<li><strong><a href=\"https:\/\/drive.google.com\/file\/d\/1ioCI0vR0w5eUPGCSL3FDOvy9S6oUOjNZ\/view\" target=\"_blank\" rel=\"noopener\">Resoluci\u00f3 Preinscripci\u00f3<\/a><\/strong><\/li>\n<li><strong>03 de mar\u00e7 \u2013\u00a0<a href=\"http:\/\/Calendari Preinscripci\u00f3 i Matr\u00edcula Criteris Preinscripci\u00f3 Resoluci\u00f3 Preinscripci\u00f3 03 de mar\u00e7 \u2013 Oferta definitiva 15 d\u2019abril \u2013 Publicaci\u00f3 de la puntuaci\u00f3 provisional 23 d\u2019abril \u2013 Llista amb puntuaci\u00f3 definitiva 28 d\u2019abril \u2013 n\u00famero de desempat 29 d\u2019abril \u2013 Llista amb puntuaci\u00f3 ordenada definitiva 10 de juny \u2013 Llista d\u2019admesos 10 de juny \u2013 Llista d\u2019espera 22 de juny \u2013 30 de juny- Matriculaci\u00f3\">Oferta definitiva<\/a><\/strong><\/li>\n<li><strong>15 d\u2019abril \u2013 <a href=\"https:\/\/drive.google.com\/file\/d\/1x8-d_I4-cNfVKI-sNEnlDInA2OfLoGEM\/view?usp=sharing\">Publicaci\u00f3 de la puntuaci\u00f3 provisional\u00a0<\/a><\/strong><\/li>\n<li><strong>23 d\u2019abril \u2013<\/strong>\u00a0<a href=\"https:\/\/drive.google.com\/file\/d\/1FMz_mGce8VTEtGQQF4MJx-uFwmKkBj7m\/view?usp=sharing\"><strong>Llista amb puntuaci\u00f3 definitiva<\/strong><\/a><\/li>\n<li><strong>28 d\u2019abril \u2013 n\u00famero de desempat<\/strong><\/li>\n<li><strong>29 d\u2019abril \u2013 Llista amb puntuaci\u00f3 ordenada definitiva<\/strong><\/li>\n<li><strong>10 de juny \u2013 Llista d\u2019admesos<\/strong><\/li>\n<li><strong>10 de juny \u2013<\/strong>\u00a0<strong>Llista d\u2019espera<\/strong><\/li>\n<li><strong>22 de juny \u2013 30 de juny- Matriculaci\u00f3<\/strong><\/li>\n<\/ul>\n<p>&nbsp;<\/p>\n<p>&#8230;&#8230;&#8230;&#8230;&#8230;&#8230;&#8230;&#8230;&#8230;&#8230;&#8230;&#8230;&#8230;&#8230;&#8230;&#8230;&#8230;&#8230;&#8230;&#8230;&#8230;&#8230;&#8230;&#8230;&#8230;&#8230;&#8230;&#8230;&#8230;&#8230;&#8230;&#8230;&#8230;&#8230;&#8230;&#8230;&#8230;&#8230;&#8230;&#8230;&#8230;&#8230;&#8230;&#8230;&#8230;&#8230;&#8230;&#8230;..<\/p>\n<p>Benvingudes fam\u00edlies,<\/p>\n<p>us volem informar que les nostres PORTES OBERTES seran:<\/p>\n<p>DIMARTS 24 de febrer a les 15.15h i DILLUNS 2 de mar\u00e7 a les 15.15h.<\/p>\n<p>CAL APUNTAR-SE EN AQUEST FORMULARI\u00a0 \u00a0<a href=\"https:\/\/forms.gle\/ZU85HBZG5hHSrjuw8\"><strong>LINK<\/strong><\/a>, per poder organitzar-nos, gr\u00e0cies!<\/p>\n<p><a href=\"https:\/\/agora.xtec.cat\/ceipcansalvi\/wp-content\/uploads\/usu1749\/2026\/02\/2.jpg\"><img loading=\"lazy\" decoding=\"async\" class=\"aligncenter wp-image-3266 size-medium\" src=\"https:\/\/agora.xtec.cat\/ceipcansalvi\/wp-content\/uploads\/usu1749\/2026\/02\/2-212x300.jpg\" alt=\"\" width=\"212\" height=\"300\" srcset=\"https:\/\/agora.xtec.cat\/ceipcansalvi\/wp-content\/uploads\/usu1749\/2026\/02\/2-212x300.jpg 212w, https:\/\/agora.xtec.cat\/ceipcansalvi\/wp-content\/uploads\/usu1749\/2026\/02\/2-724x1024.jpg 724w, https:\/\/agora.xtec.cat\/ceipcansalvi\/wp-content\/uploads\/usu1749\/2026\/02\/2-768x1086.jpg 768w, https:\/\/agora.xtec.cat\/ceipcansalvi\/wp-content\/uploads\/usu1749\/2026\/02\/2-1086x1536.jpg 1086w, https:\/\/agora.xtec.cat\/ceipcansalvi\/wp-content\/uploads\/usu1749\/2026\/02\/2-1448x2048.jpg 1448w, https:\/\/agora.xtec.cat\/ceipcansalvi\/wp-content\/uploads\/usu1749\/2026\/02\/2.jpg 1587w\" sizes=\"auto, (max-width: 212px) 100vw, 212px\" \/><\/a><\/p>\n<p><!--a=1--><\/p>\n","protected":false},"excerpt":{"rendered":"<p>&nbsp;<br \/>\nINFORMACI\u00d3 SOBRE LA PREINSCRIPCI\u00d3 CURS 26-27<\/p>\n<ul>\n<li><a href=\"https:\/\/drive.google.com\/file\/d\/1ioCI0vR0w5eUPGCSL3FDOvy9S6oUOjNZ\/view\" target=\"_blank\" rel=\"noopener\">Resoluci\u00f3 Preinscripci\u00f3<\/a><\/li>\n<li>03 de mar\u00e7 \u2013\u00a0<a href=\"http:\/\/Calendari Preinscripci\u00f3 i Matr\u00edcula Criteris Preinscripci\u00f3 Resoluci\u00f3 Preinscripci\u00f3 03 de mar\u00e7 \u2013 Oferta definitiva 15 d\u2019abril \u2013 Publicaci\u00f3 de la puntuaci\u00f3 provisional 23 d\u2019abril \u2013 Llista amb puntuaci\u00f3 definitiva 28 d\u2019abril \u2013&hellip;  <a href=\"https:\/\/agora.xtec.cat\/ceipcansalvi\/general\/portes-obertes-preinscripcio-curs-26-27\/\" title=\"Read PORTES OBERTES preinscripci\u00f3 curs 26-27\">Llegeix m\u00e9s\u00bb<\/a><br \/>\n","protected":false},"author":1,"featured_media":0,"comment_status":"open","ping_status":"open","sticky":true,"template":"","format":"standard","meta":{"_bbp_topic_count":0,"_bbp_reply_count":0,"_bbp_total_topic_count":0,"_bbp_total_reply_count":0,"_bbp_voice_count":0,"_bbp_anonymous_reply_count":0,"_bbp_topic_count_hidden":0,"_bbp_reply_count_hidden":0,"_bbp_forum_subforum_count":0,"footnotes":""},"categories":[1,4],"tags":[],"class_list":["post-3264","post","type-post","status-publish","format-standard","hentry","category-general","category-portada"],"post_mailing_queue_ids":[],"_links":{"self":[{"href":"https:\/\/agora.xtec.cat\/ceipcansalvi\/wp-json\/wp\/v2\/posts\/3264","targetHints":{"allow":["GET"]}}],"collection":[{"href":"https:\/\/agora.xtec.cat\/ceipcansalvi\/wp-json\/wp\/v2\/posts"}],"about":[{"href":"https:\/\/agora.xtec.cat\/ceipcansalvi\/wp-json\/wp\/v2\/types\/post"}],"author":[{"embeddable":true,"href":"https:\/\/agora.xtec.cat\/ceipcansalvi\/wp-json\/wp\/v2\/users\/1"}],"replies":[{"embeddable":true,"href":"https:\/\/agora.xtec.cat\/ceipcansalvi\/wp-json\/wp\/v2\/comments?post=3264"}],"version-history":[{"count":6,"href":"https:\/\/agora.xtec.cat\/ceipcansalvi\/wp-json\/wp\/v2\/posts\/3264\/revisions"}],"predecessor-version":[{"id":3278,"href":"https:\/\/agora.xtec.cat\/ceipcansalvi\/wp-json\/wp\/v2\/posts\/3264\/revisions\/3278"}],"wp:attachment":[{"href":"https:\/\/agora.xtec.cat\/ceipcansalvi\/wp-json\/wp\/v2\/media?parent=3264"}],"wp:term":[{"taxonomy":"category","embeddable":true,"href":"https:\/\/agora.xtec.cat\/ceipcansalvi\/wp-json\/wp\/v2\/categories?post=3264"},{"taxonomy":"post_tag","embeddable":true,"href":"https:\/\/agora.xtec.cat\/ceipcansalvi\/wp-json\/wp\/v2\/tags?post=3264"}],"curies":[{"name":"wp","href":"https:\/\/api.w.org\/{rel}","templated":true}]}}