{"id":3240,"date":"2025-11-25T15:52:00","date_gmt":"2025-11-25T14:52:00","guid":{"rendered":"https:\/\/agora.xtec.cat\/ceipcansalvi\/?p=3240"},"modified":"2025-11-25T15:52:00","modified_gmt":"2025-11-25T14:52:00","slug":"la-castanyada-al-can-salvi-2","status":"publish","type":"post","link":"https:\/\/agora.xtec.cat\/ceipcansalvi\/general\/la-castanyada-al-can-salvi-2\/","title":{"rendered":"LA CASTANYADA AL CAN SALVI"},"content":{"rendered":"<p data-start=\"0\" data-end=\"190\"><strong>El Dia de la Castanyera va ser molt especial a l\u2019Escola Can Salvi.<\/strong><br data-start=\"66\" data-end=\"69\" \/>Des de primera hora del mat\u00ed, tota l\u2019escola es va omplir d\u2019ambient de tardor, d\u2019oloreta de castanyes i de ganes de festa.<\/p>\n<p data-start=\"192\" data-end=\"587\">Al mat\u00ed, els infants d\u2019Educaci\u00f3 Infantil i de Cicle Inicial van preparar una c\u00e0lida benvinguda a les castanyeres. Van aprendre i assajar danses t\u00edpiques de la Castanyada, que despr\u00e9s van ballar amb molta il\u00b7lusi\u00f3 davant d\u2019elles. Les castanyeres, molt contentes, van seguir els passos, van somriure i van compartir aquest moment tan especial amb els m\u00e9s petits, que s\u2019havien preparat durant dies.<\/p>\n<p data-start=\"589\" data-end=\"1037\">Mentrestant, els alumnes de Cicle Mitj\u00e0 i de Cicle Superior van sortir de l\u2019escola per fer activitats relacionades amb la tardor a l\u2019entorn. Alguns grups van anar al bosc, on van poder observar els colors de les fulles, recollir elements de la natura i fer jocs i din\u00e0miques a l\u2019aire lliure. Altres van anar a un parc a prop de l\u2019escola, on van gaudir d\u2019activitats esportives, jocs cooperatius i moments de conviv\u00e8ncia amb els companys i companyes.<\/p>\n<p data-start=\"1039\" data-end=\"1314\">A la tarda, l\u2019ambient festiu va continuar. Les castanyeres de l\u2019AMPA van arribar carregades de castanyes torrades, que van repartir entre els nens i nenes de l\u2019escola. Amb el conet de paper a la m\u00e0 i les castanyes calentes, tothom va poder gaudir d\u2019una estona molt agradable.<\/p>\n<p data-start=\"1316\" data-end=\"1548\">Els alumnes de Cicle Mitj\u00e0 i Superior van veure una pel\u00b7l\u00edcula relacionada amb la tardor o la Castanyada, acompanyada de crispetes, com si fossin al cinema. Va ser un moment de calma i alhora de conviv\u00e8ncia, ideal per tancar el dia.<\/p>\n<p data-start=\"1550\" data-end=\"1921\">A Cicle Inicial, a la tarda, es va organitzar una gimcana a la pista de l\u2019escola, amb proves divertides i cooperatives: curses, jocs de pista, reptes per equips\u2026 Els infants s\u2019ho van passar d\u2019all\u00f2 m\u00e9s b\u00e9, corrent, rient i treballant plegats. A Infantil, van tornar a oferir les danses a les castanyeres, que van acomiadar-se dels m\u00e9s petits amb molta alegria i agra\u00efment.<\/p>\n<p data-start=\"1923\" data-end=\"2111\" data-is-last-node=\"\" data-is-only-node=\"\">En resum, va ser <strong data-start=\"1940\" data-end=\"1969\">un gran dia de Castanyada<\/strong> a l\u2019Escola Can Salvi, ple de tradici\u00f3, joc, conviv\u00e8ncia i experi\u00e8ncies compartides que de ben segur els nens i nenes recordaran amb il\u00b7lusi\u00f3.<\/p>\n<p data-start=\"1923\" data-end=\"2111\" data-is-last-node=\"\" data-is-only-node=\"\"><a href=\"https:\/\/agora.xtec.cat\/ceipcansalvi\/wp-content\/uploads\/usu1749\/2025\/11\/59eec8eb-4c6a-4128-8d7b-78dd94655be9.jpg\"><img loading=\"lazy\" decoding=\"async\" class=\"aligncenter size-medium wp-image-3245\" src=\"https:\/\/agora.xtec.cat\/ceipcansalvi\/wp-content\/uploads\/usu1749\/2025\/11\/59eec8eb-4c6a-4128-8d7b-78dd94655be9-225x300.jpg\" alt=\"\" width=\"225\" height=\"300\" srcset=\"https:\/\/agora.xtec.cat\/ceipcansalvi\/wp-content\/uploads\/usu1749\/2025\/11\/59eec8eb-4c6a-4128-8d7b-78dd94655be9-225x300.jpg 225w, https:\/\/agora.xtec.cat\/ceipcansalvi\/wp-content\/uploads\/usu1749\/2025\/11\/59eec8eb-4c6a-4128-8d7b-78dd94655be9-768x1024.jpg 768w, https:\/\/agora.xtec.cat\/ceipcansalvi\/wp-content\/uploads\/usu1749\/2025\/11\/59eec8eb-4c6a-4128-8d7b-78dd94655be9-1152x1536.jpg 1152w, https:\/\/agora.xtec.cat\/ceipcansalvi\/wp-content\/uploads\/usu1749\/2025\/11\/59eec8eb-4c6a-4128-8d7b-78dd94655be9.jpg 1500w\" sizes=\"auto, (max-width: 225px) 100vw, 225px\" \/><\/a> <a href=\"https:\/\/agora.xtec.cat\/ceipcansalvi\/wp-content\/uploads\/usu1749\/2025\/11\/d5a97958-0d26-478b-bbe9-17a2aad65988.jpg\"><img loading=\"lazy\" decoding=\"async\" class=\"aligncenter size-medium wp-image-3250\" src=\"https:\/\/agora.xtec.cat\/ceipcansalvi\/wp-content\/uploads\/usu1749\/2025\/11\/d5a97958-0d26-478b-bbe9-17a2aad65988-300x225.jpg\" alt=\"\" width=\"300\" height=\"225\" srcset=\"https:\/\/agora.xtec.cat\/ceipcansalvi\/wp-content\/uploads\/usu1749\/2025\/11\/d5a97958-0d26-478b-bbe9-17a2aad65988-300x225.jpg 300w, https:\/\/agora.xtec.cat\/ceipcansalvi\/wp-content\/uploads\/usu1749\/2025\/11\/d5a97958-0d26-478b-bbe9-17a2aad65988-1024x768.jpg 1024w, https:\/\/agora.xtec.cat\/ceipcansalvi\/wp-content\/uploads\/usu1749\/2025\/11\/d5a97958-0d26-478b-bbe9-17a2aad65988-768x576.jpg 768w, https:\/\/agora.xtec.cat\/ceipcansalvi\/wp-content\/uploads\/usu1749\/2025\/11\/d5a97958-0d26-478b-bbe9-17a2aad65988-1536x1152.jpg 1536w, https:\/\/agora.xtec.cat\/ceipcansalvi\/wp-content\/uploads\/usu1749\/2025\/11\/d5a97958-0d26-478b-bbe9-17a2aad65988-200x150.jpg 200w, https:\/\/agora.xtec.cat\/ceipcansalvi\/wp-content\/uploads\/usu1749\/2025\/11\/d5a97958-0d26-478b-bbe9-17a2aad65988.jpg 2048w\" sizes=\"auto, (max-width: 300px) 100vw, 300px\" \/><\/a> <a href=\"https:\/\/agora.xtec.cat\/ceipcansalvi\/wp-content\/uploads\/usu1749\/2025\/11\/2da36e6d-ec90-459d-bacf-0f7312a40c09.jpg\"><img loading=\"lazy\" decoding=\"async\" class=\"aligncenter size-medium wp-image-3241\" src=\"https:\/\/agora.xtec.cat\/ceipcansalvi\/wp-content\/uploads\/usu1749\/2025\/11\/2da36e6d-ec90-459d-bacf-0f7312a40c09-225x300.jpg\" alt=\"\" width=\"225\" height=\"300\" srcset=\"https:\/\/agora.xtec.cat\/ceipcansalvi\/wp-content\/uploads\/usu1749\/2025\/11\/2da36e6d-ec90-459d-bacf-0f7312a40c09-225x300.jpg 225w, https:\/\/agora.xtec.cat\/ceipcansalvi\/wp-content\/uploads\/usu1749\/2025\/11\/2da36e6d-ec90-459d-bacf-0f7312a40c09-768x1024.jpg 768w, https:\/\/agora.xtec.cat\/ceipcansalvi\/wp-content\/uploads\/usu1749\/2025\/11\/2da36e6d-ec90-459d-bacf-0f7312a40c09-1152x1536.jpg 1152w, https:\/\/agora.xtec.cat\/ceipcansalvi\/wp-content\/uploads\/usu1749\/2025\/11\/2da36e6d-ec90-459d-bacf-0f7312a40c09.jpg 1536w\" sizes=\"auto, (max-width: 225px) 100vw, 225px\" \/><\/a> <a href=\"https:\/\/agora.xtec.cat\/ceipcansalvi\/wp-content\/uploads\/usu1749\/2025\/11\/cbc2058f-46c8-47f3-873a-f7d3d213bcb4.jpg\"><img loading=\"lazy\" decoding=\"async\" class=\"aligncenter size-medium wp-image-3249\" src=\"https:\/\/agora.xtec.cat\/ceipcansalvi\/wp-content\/uploads\/usu1749\/2025\/11\/cbc2058f-46c8-47f3-873a-f7d3d213bcb4-225x300.jpg\" alt=\"\" width=\"225\" height=\"300\" srcset=\"https:\/\/agora.xtec.cat\/ceipcansalvi\/wp-content\/uploads\/usu1749\/2025\/11\/cbc2058f-46c8-47f3-873a-f7d3d213bcb4-225x300.jpg 225w, https:\/\/agora.xtec.cat\/ceipcansalvi\/wp-content\/uploads\/usu1749\/2025\/11\/cbc2058f-46c8-47f3-873a-f7d3d213bcb4-768x1024.jpg 768w, https:\/\/agora.xtec.cat\/ceipcansalvi\/wp-content\/uploads\/usu1749\/2025\/11\/cbc2058f-46c8-47f3-873a-f7d3d213bcb4-1152x1536.jpg 1152w, https:\/\/agora.xtec.cat\/ceipcansalvi\/wp-content\/uploads\/usu1749\/2025\/11\/cbc2058f-46c8-47f3-873a-f7d3d213bcb4.jpg 1200w\" sizes=\"auto, (max-width: 225px) 100vw, 225px\" \/><\/a> <a href=\"https:\/\/agora.xtec.cat\/ceipcansalvi\/wp-content\/uploads\/usu1749\/2025\/11\/cb741066-2bfe-4688-96f9-63d924db0db4.jpg\"><img loading=\"lazy\" decoding=\"async\" class=\"aligncenter size-medium wp-image-3248\" src=\"https:\/\/agora.xtec.cat\/ceipcansalvi\/wp-content\/uploads\/usu1749\/2025\/11\/cb741066-2bfe-4688-96f9-63d924db0db4-225x300.jpg\" alt=\"\" width=\"225\" height=\"300\" srcset=\"https:\/\/agora.xtec.cat\/ceipcansalvi\/wp-content\/uploads\/usu1749\/2025\/11\/cb741066-2bfe-4688-96f9-63d924db0db4-225x300.jpg 225w, https:\/\/agora.xtec.cat\/ceipcansalvi\/wp-content\/uploads\/usu1749\/2025\/11\/cb741066-2bfe-4688-96f9-63d924db0db4-768x1024.jpg 768w, https:\/\/agora.xtec.cat\/ceipcansalvi\/wp-content\/uploads\/usu1749\/2025\/11\/cb741066-2bfe-4688-96f9-63d924db0db4-1152x1536.jpg 1152w, https:\/\/agora.xtec.cat\/ceipcansalvi\/wp-content\/uploads\/usu1749\/2025\/11\/cb741066-2bfe-4688-96f9-63d924db0db4.jpg 1536w\" sizes=\"auto, (max-width: 225px) 100vw, 225px\" \/><\/a> <a href=\"https:\/\/agora.xtec.cat\/ceipcansalvi\/wp-content\/uploads\/usu1749\/2025\/11\/620970ef-a0e9-4268-8998-56f9e2fa3296.jpg\"><img loading=\"lazy\" decoding=\"async\" class=\"aligncenter size-medium wp-image-3247\" src=\"https:\/\/agora.xtec.cat\/ceipcansalvi\/wp-content\/uploads\/usu1749\/2025\/11\/620970ef-a0e9-4268-8998-56f9e2fa3296-225x300.jpg\" alt=\"\" width=\"225\" height=\"300\" srcset=\"https:\/\/agora.xtec.cat\/ceipcansalvi\/wp-content\/uploads\/usu1749\/2025\/11\/620970ef-a0e9-4268-8998-56f9e2fa3296-225x300.jpg 225w, https:\/\/agora.xtec.cat\/ceipcansalvi\/wp-content\/uploads\/usu1749\/2025\/11\/620970ef-a0e9-4268-8998-56f9e2fa3296-768x1024.jpg 768w, https:\/\/agora.xtec.cat\/ceipcansalvi\/wp-content\/uploads\/usu1749\/2025\/11\/620970ef-a0e9-4268-8998-56f9e2fa3296-1152x1536.jpg 1152w, https:\/\/agora.xtec.cat\/ceipcansalvi\/wp-content\/uploads\/usu1749\/2025\/11\/620970ef-a0e9-4268-8998-56f9e2fa3296.jpg 1200w\" sizes=\"auto, (max-width: 225px) 100vw, 225px\" \/><\/a> <a href=\"https:\/\/agora.xtec.cat\/ceipcansalvi\/wp-content\/uploads\/usu1749\/2025\/11\/5034ffb0-b3cc-4ad0-a78b-9a8f652d9aa8.jpg\"><img loading=\"lazy\" decoding=\"async\" class=\"aligncenter size-medium wp-image-3246\" src=\"https:\/\/agora.xtec.cat\/ceipcansalvi\/wp-content\/uploads\/usu1749\/2025\/11\/5034ffb0-b3cc-4ad0-a78b-9a8f652d9aa8-225x300.jpg\" alt=\"\" width=\"225\" height=\"300\" srcset=\"https:\/\/agora.xtec.cat\/ceipcansalvi\/wp-content\/uploads\/usu1749\/2025\/11\/5034ffb0-b3cc-4ad0-a78b-9a8f652d9aa8-225x300.jpg 225w, https:\/\/agora.xtec.cat\/ceipcansalvi\/wp-content\/uploads\/usu1749\/2025\/11\/5034ffb0-b3cc-4ad0-a78b-9a8f652d9aa8-768x1024.jpg 768w, https:\/\/agora.xtec.cat\/ceipcansalvi\/wp-content\/uploads\/usu1749\/2025\/11\/5034ffb0-b3cc-4ad0-a78b-9a8f652d9aa8-1152x1536.jpg 1152w, https:\/\/agora.xtec.cat\/ceipcansalvi\/wp-content\/uploads\/usu1749\/2025\/11\/5034ffb0-b3cc-4ad0-a78b-9a8f652d9aa8.jpg 1200w\" sizes=\"auto, (max-width: 225px) 100vw, 225px\" \/><\/a> <a href=\"https:\/\/agora.xtec.cat\/ceipcansalvi\/wp-content\/uploads\/usu1749\/2025\/11\/40e2e072-8d24-4aa3-a57f-0437e9022039.jpg\"><img loading=\"lazy\" decoding=\"async\" class=\"aligncenter size-medium wp-image-3244\" src=\"https:\/\/agora.xtec.cat\/ceipcansalvi\/wp-content\/uploads\/usu1749\/2025\/11\/40e2e072-8d24-4aa3-a57f-0437e9022039-225x300.jpg\" alt=\"\" width=\"225\" height=\"300\" srcset=\"https:\/\/agora.xtec.cat\/ceipcansalvi\/wp-content\/uploads\/usu1749\/2025\/11\/40e2e072-8d24-4aa3-a57f-0437e9022039-225x300.jpg 225w, https:\/\/agora.xtec.cat\/ceipcansalvi\/wp-content\/uploads\/usu1749\/2025\/11\/40e2e072-8d24-4aa3-a57f-0437e9022039-768x1024.jpg 768w, https:\/\/agora.xtec.cat\/ceipcansalvi\/wp-content\/uploads\/usu1749\/2025\/11\/40e2e072-8d24-4aa3-a57f-0437e9022039-1152x1536.jpg 1152w, https:\/\/agora.xtec.cat\/ceipcansalvi\/wp-content\/uploads\/usu1749\/2025\/11\/40e2e072-8d24-4aa3-a57f-0437e9022039.jpg 1536w\" sizes=\"auto, (max-width: 225px) 100vw, 225px\" \/><\/a> <a href=\"https:\/\/agora.xtec.cat\/ceipcansalvi\/wp-content\/uploads\/usu1749\/2025\/11\/8bc9b9b0-814c-4cf9-9b81-59fc2fa14fbe.jpg\"><img loading=\"lazy\" decoding=\"async\" class=\"aligncenter size-medium wp-image-3243\" src=\"https:\/\/agora.xtec.cat\/ceipcansalvi\/wp-content\/uploads\/usu1749\/2025\/11\/8bc9b9b0-814c-4cf9-9b81-59fc2fa14fbe-300x225.jpg\" alt=\"\" width=\"300\" height=\"225\" srcset=\"https:\/\/agora.xtec.cat\/ceipcansalvi\/wp-content\/uploads\/usu1749\/2025\/11\/8bc9b9b0-814c-4cf9-9b81-59fc2fa14fbe-300x225.jpg 300w, https:\/\/agora.xtec.cat\/ceipcansalvi\/wp-content\/uploads\/usu1749\/2025\/11\/8bc9b9b0-814c-4cf9-9b81-59fc2fa14fbe-1024x768.jpg 1024w, https:\/\/agora.xtec.cat\/ceipcansalvi\/wp-content\/uploads\/usu1749\/2025\/11\/8bc9b9b0-814c-4cf9-9b81-59fc2fa14fbe-768x576.jpg 768w, https:\/\/agora.xtec.cat\/ceipcansalvi\/wp-content\/uploads\/usu1749\/2025\/11\/8bc9b9b0-814c-4cf9-9b81-59fc2fa14fbe-1536x1152.jpg 1536w, https:\/\/agora.xtec.cat\/ceipcansalvi\/wp-content\/uploads\/usu1749\/2025\/11\/8bc9b9b0-814c-4cf9-9b81-59fc2fa14fbe-200x150.jpg 200w, https:\/\/agora.xtec.cat\/ceipcansalvi\/wp-content\/uploads\/usu1749\/2025\/11\/8bc9b9b0-814c-4cf9-9b81-59fc2fa14fbe.jpg 1600w\" sizes=\"auto, (max-width: 300px) 100vw, 300px\" \/><\/a> <a href=\"https:\/\/agora.xtec.cat\/ceipcansalvi\/wp-content\/uploads\/usu1749\/2025\/11\/5ab9a21a-888e-494a-934a-eb7bfb53d7b8.jpg\"><img loading=\"lazy\" decoding=\"async\" class=\"aligncenter size-thumbnail wp-image-3242\" src=\"https:\/\/agora.xtec.cat\/ceipcansalvi\/wp-content\/uploads\/usu1749\/2025\/11\/5ab9a21a-888e-494a-934a-eb7bfb53d7b8-150x150.jpg\" alt=\"\" width=\"150\" height=\"150\" \/><\/a><\/p>\n","protected":false},"excerpt":{"rendered":"<p>El Dia de la Castanyera va ser molt especial a l\u2019Escola Can Salvi.Des de primera hora del mat\u00ed, tota l\u2019escola es va omplir d\u2019ambient de tardor, d\u2019oloreta de castanyes i de ganes de festa.<br \/>\nAl mat\u00ed, els infants d\u2019Educaci\u00f3 Infantil i de Cicle Inicial van preparar&hellip;  <a href=\"https:\/\/agora.xtec.cat\/ceipcansalvi\/general\/la-castanyada-al-can-salvi-2\/\" title=\"Read LA CASTANYADA AL CAN SALVI\">Llegeix m\u00e9s\u00bb<\/a><\/p>\n","protected":false},"author":1,"featured_media":0,"comment_status":"open","ping_status":"open","sticky":false,"template":"","format":"standard","meta":{"_bbp_topic_count":0,"_bbp_reply_count":0,"_bbp_total_topic_count":0,"_bbp_total_reply_count":0,"_bbp_voice_count":0,"_bbp_anonymous_reply_count":0,"_bbp_topic_count_hidden":0,"_bbp_reply_count_hidden":0,"_bbp_forum_subforum_count":0,"footnotes":""},"categories":[1,4],"tags":[],"class_list":["post-3240","post","type-post","status-publish","format-standard","hentry","category-general","category-portada"],"post_mailing_queue_ids":[],"_links":{"self":[{"href":"https:\/\/agora.xtec.cat\/ceipcansalvi\/wp-json\/wp\/v2\/posts\/3240","targetHints":{"allow":["GET"]}}],"collection":[{"href":"https:\/\/agora.xtec.cat\/ceipcansalvi\/wp-json\/wp\/v2\/posts"}],"about":[{"href":"https:\/\/agora.xtec.cat\/ceipcansalvi\/wp-json\/wp\/v2\/types\/post"}],"author":[{"embeddable":true,"href":"https:\/\/agora.xtec.cat\/ceipcansalvi\/wp-json\/wp\/v2\/users\/1"}],"replies":[{"embeddable":true,"href":"https:\/\/agora.xtec.cat\/ceipcansalvi\/wp-json\/wp\/v2\/comments?post=3240"}],"version-history":[{"count":1,"href":"https:\/\/agora.xtec.cat\/ceipcansalvi\/wp-json\/wp\/v2\/posts\/3240\/revisions"}],"predecessor-version":[{"id":3251,"href":"https:\/\/agora.xtec.cat\/ceipcansalvi\/wp-json\/wp\/v2\/posts\/3240\/revisions\/3251"}],"wp:attachment":[{"href":"https:\/\/agora.xtec.cat\/ceipcansalvi\/wp-json\/wp\/v2\/media?parent=3240"}],"wp:term":[{"taxonomy":"category","embeddable":true,"href":"https:\/\/agora.xtec.cat\/ceipcansalvi\/wp-json\/wp\/v2\/categories?post=3240"},{"taxonomy":"post_tag","embeddable":true,"href":"https:\/\/agora.xtec.cat\/ceipcansalvi\/wp-json\/wp\/v2\/tags?post=3240"}],"curies":[{"name":"wp","href":"https:\/\/api.w.org\/{rel}","templated":true}]}}