{"id":3231,"date":"2025-11-25T15:41:17","date_gmt":"2025-11-25T14:41:17","guid":{"rendered":"https:\/\/agora.xtec.cat\/ceipcansalvi\/?p=3231"},"modified":"2025-11-25T15:53:56","modified_gmt":"2025-11-25T14:53:56","slug":"dia-de-la-musica-4","status":"publish","type":"post","link":"https:\/\/agora.xtec.cat\/ceipcansalvi\/general\/dia-de-la-musica-4\/","title":{"rendered":"DIA DE LA M\u00daSICA"},"content":{"rendered":"<p data-start=\"160\" data-end=\"572\"><strong data-start=\"160\" data-end=\"244\">El Gran Dia de la M\u00fasica a l\u2019Escola Can Salvi va ser una celebraci\u00f3 inoblidable.<\/strong><br data-start=\"244\" data-end=\"247\" \/>L\u2019esdeveniment va comptar amb la participaci\u00f3 entusiasta dels alumnes i mestres del centre, que van omplir l\u2019escola d\u2019energia, creativitat i il\u00b7lusi\u00f3. Tamb\u00e9 hi va prendre part una representaci\u00f3 de la coral de l\u2019Institut El Palau i ex-alumnes de l&#8217;escola, que va aportar un toc especial amb les seves veus harmonitzades i el seu esperit col\u00b7laboratiu.<\/p>\n<p data-start=\"930\" data-end=\"1197\">El p\u00fablic va poder gaudir d\u2019un moment \u00fanic que posava de manifest la import\u00e0ncia de la m\u00fasica com a eina educativa i com a llenguatge universal que ens uneix.<\/p>\n<p data-start=\"1199\" data-end=\"1315\">En definitiva, un dia per recordar, que refor\u00e7a el valor de compartir, d\u2019escoltar i de viure la m\u00fasica en comunitat.<\/p>\n<p data-start=\"1199\" data-end=\"1315\"><a href=\"https:\/\/agora.xtec.cat\/ceipcansalvi\/wp-content\/uploads\/usu1749\/2025\/11\/IMG_5717.jpeg\"><img loading=\"lazy\" decoding=\"async\" class=\"aligncenter size-thumbnail wp-image-3236\" src=\"https:\/\/agora.xtec.cat\/ceipcansalvi\/wp-content\/uploads\/usu1749\/2025\/11\/IMG_5717-150x150.jpeg\" alt=\"\" width=\"150\" height=\"150\" \/><\/a> <a href=\"https:\/\/agora.xtec.cat\/ceipcansalvi\/wp-content\/uploads\/usu1749\/2025\/11\/IMG_5718.jpeg\"><img loading=\"lazy\" decoding=\"async\" class=\"aligncenter size-thumbnail wp-image-3235\" src=\"https:\/\/agora.xtec.cat\/ceipcansalvi\/wp-content\/uploads\/usu1749\/2025\/11\/IMG_5718-150x150.jpeg\" alt=\"\" width=\"150\" height=\"150\" \/><\/a> <a href=\"https:\/\/agora.xtec.cat\/ceipcansalvi\/wp-content\/uploads\/usu1749\/2025\/11\/IMG_5728-scaled.jpg\"><img loading=\"lazy\" decoding=\"async\" class=\"aligncenter size-thumbnail wp-image-3234\" src=\"https:\/\/agora.xtec.cat\/ceipcansalvi\/wp-content\/uploads\/usu1749\/2025\/11\/IMG_5728-150x150.jpg\" alt=\"\" width=\"150\" height=\"150\" \/><\/a> <a href=\"https:\/\/agora.xtec.cat\/ceipcansalvi\/wp-content\/uploads\/usu1749\/2025\/11\/IMG_5723.jpeg\"><img loading=\"lazy\" decoding=\"async\" class=\"aligncenter size-thumbnail wp-image-3233\" src=\"https:\/\/agora.xtec.cat\/ceipcansalvi\/wp-content\/uploads\/usu1749\/2025\/11\/IMG_5723-150x150.jpeg\" alt=\"\" width=\"150\" height=\"150\" \/><\/a> <a href=\"https:\/\/agora.xtec.cat\/ceipcansalvi\/wp-content\/uploads\/usu1749\/2025\/11\/IMG_5720.jpeg\"><img loading=\"lazy\" decoding=\"async\" class=\"aligncenter size-thumbnail wp-image-3232\" src=\"https:\/\/agora.xtec.cat\/ceipcansalvi\/wp-content\/uploads\/usu1749\/2025\/11\/IMG_5720-150x150.jpeg\" alt=\"\" width=\"150\" height=\"150\" \/><\/a><\/p>\n","protected":false},"excerpt":{"rendered":"<p>El Gran Dia de la M\u00fasica a l\u2019Escola Can Salvi va ser una celebraci\u00f3 inoblidable.L\u2019esdeveniment va comptar amb la participaci\u00f3 entusiasta dels alumnes i mestres del centre, que van omplir l\u2019escola d\u2019energia, creativitat i il\u00b7lusi\u00f3. Tamb\u00e9 hi va prendre part una representaci\u00f3 de la coral&hellip;  <a href=\"https:\/\/agora.xtec.cat\/ceipcansalvi\/general\/dia-de-la-musica-4\/\" title=\"Read DIA DE LA M\u00daSICA\">Llegeix m\u00e9s\u00bb<\/a><\/p>\n","protected":false},"author":1,"featured_media":0,"comment_status":"open","ping_status":"open","sticky":false,"template":"","format":"standard","meta":{"_bbp_topic_count":0,"_bbp_reply_count":0,"_bbp_total_topic_count":0,"_bbp_total_reply_count":0,"_bbp_voice_count":0,"_bbp_anonymous_reply_count":0,"_bbp_topic_count_hidden":0,"_bbp_reply_count_hidden":0,"_bbp_forum_subforum_count":0,"footnotes":""},"categories":[1,4],"tags":[],"class_list":["post-3231","post","type-post","status-publish","format-standard","hentry","category-general","category-portada"],"post_mailing_queue_ids":[],"_links":{"self":[{"href":"https:\/\/agora.xtec.cat\/ceipcansalvi\/wp-json\/wp\/v2\/posts\/3231","targetHints":{"allow":["GET"]}}],"collection":[{"href":"https:\/\/agora.xtec.cat\/ceipcansalvi\/wp-json\/wp\/v2\/posts"}],"about":[{"href":"https:\/\/agora.xtec.cat\/ceipcansalvi\/wp-json\/wp\/v2\/types\/post"}],"author":[{"embeddable":true,"href":"https:\/\/agora.xtec.cat\/ceipcansalvi\/wp-json\/wp\/v2\/users\/1"}],"replies":[{"embeddable":true,"href":"https:\/\/agora.xtec.cat\/ceipcansalvi\/wp-json\/wp\/v2\/comments?post=3231"}],"version-history":[{"count":5,"href":"https:\/\/agora.xtec.cat\/ceipcansalvi\/wp-json\/wp\/v2\/posts\/3231\/revisions"}],"predecessor-version":[{"id":3254,"href":"https:\/\/agora.xtec.cat\/ceipcansalvi\/wp-json\/wp\/v2\/posts\/3231\/revisions\/3254"}],"wp:attachment":[{"href":"https:\/\/agora.xtec.cat\/ceipcansalvi\/wp-json\/wp\/v2\/media?parent=3231"}],"wp:term":[{"taxonomy":"category","embeddable":true,"href":"https:\/\/agora.xtec.cat\/ceipcansalvi\/wp-json\/wp\/v2\/categories?post=3231"},{"taxonomy":"post_tag","embeddable":true,"href":"https:\/\/agora.xtec.cat\/ceipcansalvi\/wp-json\/wp\/v2\/tags?post=3231"}],"curies":[{"name":"wp","href":"https:\/\/api.w.org\/{rel}","templated":true}]}}