{"id":3208,"date":"2025-03-27T10:17:59","date_gmt":"2025-03-27T09:17:59","guid":{"rendered":"https:\/\/agora.xtec.cat\/ceipcansalvi\/?p=3208"},"modified":"2025-03-27T10:17:59","modified_gmt":"2025-03-27T09:17:59","slug":"campanya-donacio-sang-al-can-salvi-2025","status":"publish","type":"post","link":"https:\/\/agora.xtec.cat\/ceipcansalvi\/general\/campanya-donacio-sang-al-can-salvi-2025\/","title":{"rendered":"CAMPANYA DONACI\u00d3 SANG AL CAN SALVI 2025"},"content":{"rendered":"<p>Els alumnes de 5\u00e8 estem organitzant una donaci\u00f3 de sang a la nostra escola per col\u00b7laborar amb el \u201cBanc de sang de Catalunya\u201d.<\/p>\n<p>La donaci\u00f3 de sang tindr\u00e0 lloc el dia <strong><u>10 d&#8217;abril de 2025<\/u><\/strong> de 15:00 a 19:00\u202fhores a la sala de psicomotricitat d\u2019infantil. L&#8217;entrada es far\u00e0 per la porta d&#8217;infantil.<\/p>\n<p><iframe loading=\"lazy\" title=\"DONACI\u00d3 SANG 2025\" width=\"500\" height=\"375\" src=\"https:\/\/www.youtube.com\/embed\/KAWPxjhGB90?feature=oembed\" frameborder=\"0\" allow=\"accelerometer; autoplay; clipboard-write; encrypted-media; gyroscope; picture-in-picture; web-share\" referrerpolicy=\"strict-origin-when-cross-origin\" allowfullscreen><\/iframe><\/p>\n<p>Els \u00fanics requisits per donar sang s\u00f3n:<\/p>\n<p>-Tenir m\u00e9s de 18 anys.<\/p>\n<p>-Tenir el pes requerit (m\u00ednim 50 kg)<\/p>\n<p>-No vindre en dej\u00fa.<\/p>\n<p>Altres coses a tenir en compte:<\/p>\n<p>-No pots donar sang si has estat malalt\/ta recentment.<\/p>\n<p>-No pots donar sang si has estat prenent medicaci\u00f3 recentment.<\/p>\n<p>-Tampoc pots donar sang si ets major de 60 anys, per\u00f2 nom\u00e9s si \u00e9s la primera vegada que dones (si no \u00e9s la primera vegada nom\u00e9s fins als 65 anys).<\/p>\n<p>&#8211; I tampoc si en els \u00faltims mesos t\u2019han fet una operaci\u00f3 o cirurgia.<\/p>\n<p>Moltes gr\u00e0cies <a href=\"https:\/\/agora.xtec.cat\/ceipcansalvi\/wp-content\/uploads\/usu1749\/2025\/03\/CARTELL-AMB-LOGOS-CAN-SALVI-scaled.jpg\"><img loading=\"lazy\" decoding=\"async\" class=\"alignnone size-large wp-image-3209\" src=\"https:\/\/agora.xtec.cat\/ceipcansalvi\/wp-content\/uploads\/usu1749\/2025\/03\/CARTELL-AMB-LOGOS-CAN-SALVI-724x1024.jpg\" alt=\"\" width=\"724\" height=\"1024\" srcset=\"https:\/\/agora.xtec.cat\/ceipcansalvi\/wp-content\/uploads\/usu1749\/2025\/03\/CARTELL-AMB-LOGOS-CAN-SALVI-724x1024.jpg 724w, https:\/\/agora.xtec.cat\/ceipcansalvi\/wp-content\/uploads\/usu1749\/2025\/03\/CARTELL-AMB-LOGOS-CAN-SALVI-212x300.jpg 212w, https:\/\/agora.xtec.cat\/ceipcansalvi\/wp-content\/uploads\/usu1749\/2025\/03\/CARTELL-AMB-LOGOS-CAN-SALVI-768x1087.jpg 768w, https:\/\/agora.xtec.cat\/ceipcansalvi\/wp-content\/uploads\/usu1749\/2025\/03\/CARTELL-AMB-LOGOS-CAN-SALVI-1085x1536.jpg 1085w, https:\/\/agora.xtec.cat\/ceipcansalvi\/wp-content\/uploads\/usu1749\/2025\/03\/CARTELL-AMB-LOGOS-CAN-SALVI-1447x2048.jpg 1447w, https:\/\/agora.xtec.cat\/ceipcansalvi\/wp-content\/uploads\/usu1749\/2025\/03\/CARTELL-AMB-LOGOS-CAN-SALVI-scaled.jpg 1809w\" sizes=\"auto, (max-width: 724px) 100vw, 724px\" \/><\/a>i us esperem!!<\/p>\n","protected":false},"excerpt":{"rendered":"<p>Els alumnes de 5\u00e8 estem organitzant una donaci\u00f3 de sang a la nostra escola per col\u00b7laborar amb el \u201cBanc de sang de Catalunya\u201d.<br \/>\nLa donaci\u00f3 de sang tindr\u00e0 lloc el dia 10 d&#8217;abril de 2025 de 15:00 a 19:00\u202fhores a la sala de psicomotricitat d\u2019infantil. L&#8217;entrada&hellip;  <a href=\"https:\/\/agora.xtec.cat\/ceipcansalvi\/general\/campanya-donacio-sang-al-can-salvi-2025\/\" title=\"Read CAMPANYA DONACI\u00d3 SANG AL CAN SALVI 2025\">Llegeix m\u00e9s\u00bb<\/a><\/p>\n","protected":false},"author":1,"featured_media":0,"comment_status":"open","ping_status":"closed","sticky":false,"template":"","format":"standard","meta":{"_bbp_topic_count":0,"_bbp_reply_count":0,"_bbp_total_topic_count":0,"_bbp_total_reply_count":0,"_bbp_voice_count":0,"_bbp_anonymous_reply_count":0,"_bbp_topic_count_hidden":0,"_bbp_reply_count_hidden":0,"_bbp_forum_subforum_count":0,"footnotes":""},"categories":[1,4],"tags":[],"class_list":["post-3208","post","type-post","status-publish","format-standard","hentry","category-general","category-portada"],"post_mailing_queue_ids":[],"_links":{"self":[{"href":"https:\/\/agora.xtec.cat\/ceipcansalvi\/wp-json\/wp\/v2\/posts\/3208","targetHints":{"allow":["GET"]}}],"collection":[{"href":"https:\/\/agora.xtec.cat\/ceipcansalvi\/wp-json\/wp\/v2\/posts"}],"about":[{"href":"https:\/\/agora.xtec.cat\/ceipcansalvi\/wp-json\/wp\/v2\/types\/post"}],"author":[{"embeddable":true,"href":"https:\/\/agora.xtec.cat\/ceipcansalvi\/wp-json\/wp\/v2\/users\/1"}],"replies":[{"embeddable":true,"href":"https:\/\/agora.xtec.cat\/ceipcansalvi\/wp-json\/wp\/v2\/comments?post=3208"}],"version-history":[{"count":1,"href":"https:\/\/agora.xtec.cat\/ceipcansalvi\/wp-json\/wp\/v2\/posts\/3208\/revisions"}],"predecessor-version":[{"id":3210,"href":"https:\/\/agora.xtec.cat\/ceipcansalvi\/wp-json\/wp\/v2\/posts\/3208\/revisions\/3210"}],"wp:attachment":[{"href":"https:\/\/agora.xtec.cat\/ceipcansalvi\/wp-json\/wp\/v2\/media?parent=3208"}],"wp:term":[{"taxonomy":"category","embeddable":true,"href":"https:\/\/agora.xtec.cat\/ceipcansalvi\/wp-json\/wp\/v2\/categories?post=3208"},{"taxonomy":"post_tag","embeddable":true,"href":"https:\/\/agora.xtec.cat\/ceipcansalvi\/wp-json\/wp\/v2\/tags?post=3208"}],"curies":[{"name":"wp","href":"https:\/\/api.w.org\/{rel}","templated":true}]}}