{"id":3203,"date":"2025-03-20T10:19:34","date_gmt":"2025-03-20T09:19:34","guid":{"rendered":"https:\/\/agora.xtec.cat\/ceipcansalvi\/?p=3203"},"modified":"2025-04-25T16:14:17","modified_gmt":"2025-04-25T14:14:17","slug":"iii-concurs-literari-families-can-salvi","status":"publish","type":"post","link":"https:\/\/agora.xtec.cat\/ceipcansalvi\/general\/iii-concurs-literari-families-can-salvi\/","title":{"rendered":"III CONCURS LITERARI FAM\u00cdLIES CAN SALVI"},"content":{"rendered":"<p>Estimades fam\u00edlies,<\/p>\n<p>Des de l&#8217;escola Can Salvi volem expressar el nostre m\u00e9s sincer agra\u00efment a totes les fam\u00edlies que heu format part del <strong>III Concurs Literari per a fam\u00edlies<\/strong>. Ens omple d&#8217;alegria veure que ha hagut una participaci\u00f3 tan nombrosa i entusiasta. Cada hist\u00f2ria, poema i creaci\u00f3 liter\u00e0ria ha aportat una gran dosi de creativitat, emoci\u00f3 i esfor\u00e7, i aix\u00f2 \u00e9s el que fa especial aquest concurs.<\/p>\n<p>La vostra implicaci\u00f3 no nom\u00e9s fa que aquest esdeveniment sigui un \u00e8xit, sin\u00f3 que tamb\u00e9 refor\u00e7a els vincles entre l&#8217;escola, les fam\u00edlies i els alumnes. \u00c9s un veritable plaer veure com, any rere any, aquest concurs creix i ens uneix en una passi\u00f3 compartida per les lletres.<\/p>\n<p><strong>Gr\u00e0cies per fer-ho possible i per compartir el vostre talent! Compartim amb vosaltres els escrits guanyadors d&#8217;aquest curs:<\/strong><\/p>\n<p><a href=\"https:\/\/drive.google.com\/file\/d\/1BPrK-H4v7FwGcRrVt3TuMNfrXR-9xIYg\/view?usp=sharing\">PRIMER PREMI<\/a><\/p>\n<p><a href=\"https:\/\/drive.google.com\/file\/d\/1a-S-VxMU8Za_PzjBZR4aO5lXTuiNyXV8\/view?usp=sharing\">SEGON PREMI<\/a><\/p>\n<p><a href=\"https:\/\/drive.google.com\/file\/d\/1HB4iAlseC1Cg7gl-yxybY7BwnsU9Jn9a\/view?usp=sharing\">TERCER PREMI<\/a><\/p>\n<p>Molt\u00edssimes gr\u00e0cies!!!<\/p>\n<p>&#8230;&#8230;&#8230;&#8230;&#8230;&#8230;&#8230;&#8230;&#8230;&#8230;&#8230;&#8230;&#8230;&#8230;&#8230;&#8230;&#8230;&#8230;&#8230;&#8230;&#8230;&#8230;&#8230;&#8230;&#8230;.<\/p>\n<p>&nbsp;<\/p>\n<p>Anima&#8217;t i participa al III Concurs literari per a fam\u00edlies de l&#8217;escola Can Salvi.<\/p>\n<p>Aqu\u00ed trobareu el cartell informatiu i les bases del concurs.<\/p>\n<p>&nbsp;<\/p>\n<p><a href=\"https:\/\/agora.xtec.cat\/ceipcansalvi\/wp-content\/uploads\/usu1749\/2025\/03\/III-CONCURS-LITERARI-cartell.jpg\"><img loading=\"lazy\" decoding=\"async\" class=\"alignnone wp-image-3205\" src=\"https:\/\/agora.xtec.cat\/ceipcansalvi\/wp-content\/uploads\/usu1749\/2025\/03\/III-CONCURS-LITERARI-cartell-724x1024.jpg\" alt=\"\" width=\"510\" height=\"721\" srcset=\"https:\/\/agora.xtec.cat\/ceipcansalvi\/wp-content\/uploads\/usu1749\/2025\/03\/III-CONCURS-LITERARI-cartell-724x1024.jpg 724w, https:\/\/agora.xtec.cat\/ceipcansalvi\/wp-content\/uploads\/usu1749\/2025\/03\/III-CONCURS-LITERARI-cartell-212x300.jpg 212w, https:\/\/agora.xtec.cat\/ceipcansalvi\/wp-content\/uploads\/usu1749\/2025\/03\/III-CONCURS-LITERARI-cartell-768x1086.jpg 768w, https:\/\/agora.xtec.cat\/ceipcansalvi\/wp-content\/uploads\/usu1749\/2025\/03\/III-CONCURS-LITERARI-cartell-1086x1536.jpg 1086w, https:\/\/agora.xtec.cat\/ceipcansalvi\/wp-content\/uploads\/usu1749\/2025\/03\/III-CONCURS-LITERARI-cartell.jpg 1414w\" sizes=\"auto, (max-width: 510px) 100vw, 510px\" \/><\/a> <a href=\"https:\/\/agora.xtec.cat\/ceipcansalvi\/wp-content\/uploads\/usu1749\/2025\/03\/III-CONCURS-LITERARI-bases.jpg\"><img loading=\"lazy\" decoding=\"async\" class=\"alignnone wp-image-3204\" src=\"https:\/\/agora.xtec.cat\/ceipcansalvi\/wp-content\/uploads\/usu1749\/2025\/03\/III-CONCURS-LITERARI-bases-724x1024.jpg\" alt=\"\" width=\"509\" height=\"720\" srcset=\"https:\/\/agora.xtec.cat\/ceipcansalvi\/wp-content\/uploads\/usu1749\/2025\/03\/III-CONCURS-LITERARI-bases-724x1024.jpg 724w, https:\/\/agora.xtec.cat\/ceipcansalvi\/wp-content\/uploads\/usu1749\/2025\/03\/III-CONCURS-LITERARI-bases-212x300.jpg 212w, https:\/\/agora.xtec.cat\/ceipcansalvi\/wp-content\/uploads\/usu1749\/2025\/03\/III-CONCURS-LITERARI-bases-768x1086.jpg 768w, https:\/\/agora.xtec.cat\/ceipcansalvi\/wp-content\/uploads\/usu1749\/2025\/03\/III-CONCURS-LITERARI-bases-1086x1536.jpg 1086w, https:\/\/agora.xtec.cat\/ceipcansalvi\/wp-content\/uploads\/usu1749\/2025\/03\/III-CONCURS-LITERARI-bases.jpg 1414w\" sizes=\"auto, (max-width: 509px) 100vw, 509px\" \/><\/a><\/p>\n<p><!--a=1--><\/p>\n","protected":false},"excerpt":{"rendered":"<p>Estimades fam\u00edlies,<br \/>\nDes de l&#8217;escola Can Salvi volem expressar el nostre m\u00e9s sincer agra\u00efment a totes les fam\u00edlies que heu format part del III Concurs Literari per a fam\u00edlies. Ens omple d&#8217;alegria veure que ha hagut una participaci\u00f3 tan nombrosa i entusiasta. Cada hist\u00f2ria, poema i&hellip;  <a href=\"https:\/\/agora.xtec.cat\/ceipcansalvi\/general\/iii-concurs-literari-families-can-salvi\/\" title=\"Read III CONCURS LITERARI FAM\u00cdLIES CAN SALVI\">Llegeix m\u00e9s\u00bb<\/a><\/p>\n","protected":false},"author":1,"featured_media":0,"comment_status":"open","ping_status":"closed","sticky":false,"template":"","format":"standard","meta":{"_bbp_topic_count":0,"_bbp_reply_count":0,"_bbp_total_topic_count":0,"_bbp_total_reply_count":0,"_bbp_voice_count":0,"_bbp_anonymous_reply_count":0,"_bbp_topic_count_hidden":0,"_bbp_reply_count_hidden":0,"_bbp_forum_subforum_count":0,"footnotes":""},"categories":[1,4],"tags":[],"class_list":["post-3203","post","type-post","status-publish","format-standard","hentry","category-general","category-portada"],"post_mailing_queue_ids":[],"_links":{"self":[{"href":"https:\/\/agora.xtec.cat\/ceipcansalvi\/wp-json\/wp\/v2\/posts\/3203","targetHints":{"allow":["GET"]}}],"collection":[{"href":"https:\/\/agora.xtec.cat\/ceipcansalvi\/wp-json\/wp\/v2\/posts"}],"about":[{"href":"https:\/\/agora.xtec.cat\/ceipcansalvi\/wp-json\/wp\/v2\/types\/post"}],"author":[{"embeddable":true,"href":"https:\/\/agora.xtec.cat\/ceipcansalvi\/wp-json\/wp\/v2\/users\/1"}],"replies":[{"embeddable":true,"href":"https:\/\/agora.xtec.cat\/ceipcansalvi\/wp-json\/wp\/v2\/comments?post=3203"}],"version-history":[{"count":2,"href":"https:\/\/agora.xtec.cat\/ceipcansalvi\/wp-json\/wp\/v2\/posts\/3203\/revisions"}],"predecessor-version":[{"id":3212,"href":"https:\/\/agora.xtec.cat\/ceipcansalvi\/wp-json\/wp\/v2\/posts\/3203\/revisions\/3212"}],"wp:attachment":[{"href":"https:\/\/agora.xtec.cat\/ceipcansalvi\/wp-json\/wp\/v2\/media?parent=3203"}],"wp:term":[{"taxonomy":"category","embeddable":true,"href":"https:\/\/agora.xtec.cat\/ceipcansalvi\/wp-json\/wp\/v2\/categories?post=3203"},{"taxonomy":"post_tag","embeddable":true,"href":"https:\/\/agora.xtec.cat\/ceipcansalvi\/wp-json\/wp\/v2\/tags?post=3203"}],"curies":[{"name":"wp","href":"https:\/\/api.w.org\/{rel}","templated":true}]}}