{"id":3058,"date":"2024-04-28T20:07:43","date_gmt":"2024-04-28T18:07:43","guid":{"rendered":"https:\/\/agora.xtec.cat\/ceipcansalvi\/?p=3058"},"modified":"2024-04-28T20:07:43","modified_gmt":"2024-04-28T18:07:43","slug":"setmana-cultural-dia-dautors-contes-i-teatre","status":"publish","type":"post","link":"https:\/\/agora.xtec.cat\/ceipcansalvi\/general\/setmana-cultural-dia-dautors-contes-i-teatre\/","title":{"rendered":"Setmana Cultural: dia d&#8217;autors, contes i teatre"},"content":{"rendered":"<p>Durant aquesta Setmana Cultural hem tingut diferents activitats de caire literari: ens han visitat autors dels llibres que llegim al Can Salvi, ha vingut el Ramon a explicar contes sobre la Pau als m\u00e9s petits, i hem tingut teatre de les fam\u00edlies de 4t. Moltes gr\u00e0cies a tots i totes! <a href=\"https:\/\/agora.xtec.cat\/ceipcansalvi\/wp-content\/uploads\/usu1749\/2024\/04\/IMG_9386.jpg\"><img loading=\"lazy\" decoding=\"async\" class=\"size-full wp-image-3059 aligncenter\" src=\"https:\/\/agora.xtec.cat\/ceipcansalvi\/wp-content\/uploads\/usu1749\/2024\/04\/IMG_9386.jpg\" alt=\"\" width=\"640\" height=\"480\" srcset=\"https:\/\/agora.xtec.cat\/ceipcansalvi\/wp-content\/uploads\/usu1749\/2024\/04\/IMG_9386.jpg 640w, https:\/\/agora.xtec.cat\/ceipcansalvi\/wp-content\/uploads\/usu1749\/2024\/04\/IMG_9386-300x225.jpg 300w, https:\/\/agora.xtec.cat\/ceipcansalvi\/wp-content\/uploads\/usu1749\/2024\/04\/IMG_9386-200x150.jpg 200w\" sizes=\"auto, (max-width: 640px) 100vw, 640px\" \/><\/a> <a href=\"https:\/\/agora.xtec.cat\/ceipcansalvi\/wp-content\/uploads\/usu1749\/2024\/04\/IMG_9390.jpg\"><img loading=\"lazy\" decoding=\"async\" class=\"size-large wp-image-3060 aligncenter\" src=\"https:\/\/agora.xtec.cat\/ceipcansalvi\/wp-content\/uploads\/usu1749\/2024\/04\/IMG_9390.jpg\" alt=\"\" width=\"640\" height=\"480\" srcset=\"https:\/\/agora.xtec.cat\/ceipcansalvi\/wp-content\/uploads\/usu1749\/2024\/04\/IMG_9390.jpg 640w, https:\/\/agora.xtec.cat\/ceipcansalvi\/wp-content\/uploads\/usu1749\/2024\/04\/IMG_9390-300x225.jpg 300w, https:\/\/agora.xtec.cat\/ceipcansalvi\/wp-content\/uploads\/usu1749\/2024\/04\/IMG_9390-200x150.jpg 200w\" sizes=\"auto, (max-width: 640px) 100vw, 640px\" \/><\/a> <a href=\"https:\/\/agora.xtec.cat\/ceipcansalvi\/wp-content\/uploads\/usu1749\/2024\/04\/IMG_9402-rotated.jpg\"><img loading=\"lazy\" decoding=\"async\" class=\"size-large wp-image-3061 aligncenter\" src=\"https:\/\/agora.xtec.cat\/ceipcansalvi\/wp-content\/uploads\/usu1749\/2024\/04\/IMG_9402-rotated.jpg\" alt=\"\" width=\"480\" height=\"640\" srcset=\"https:\/\/agora.xtec.cat\/ceipcansalvi\/wp-content\/uploads\/usu1749\/2024\/04\/IMG_9402-rotated.jpg 480w, https:\/\/agora.xtec.cat\/ceipcansalvi\/wp-content\/uploads\/usu1749\/2024\/04\/IMG_9402-225x300.jpg 225w\" sizes=\"auto, (max-width: 480px) 100vw, 480px\" \/><\/a> <a href=\"https:\/\/agora.xtec.cat\/ceipcansalvi\/wp-content\/uploads\/usu1749\/2024\/04\/IMG_9405.jpg\"><img loading=\"lazy\" decoding=\"async\" class=\"size-large wp-image-3062 aligncenter\" src=\"https:\/\/agora.xtec.cat\/ceipcansalvi\/wp-content\/uploads\/usu1749\/2024\/04\/IMG_9405.jpg\" alt=\"\" width=\"640\" height=\"480\" srcset=\"https:\/\/agora.xtec.cat\/ceipcansalvi\/wp-content\/uploads\/usu1749\/2024\/04\/IMG_9405.jpg 640w, https:\/\/agora.xtec.cat\/ceipcansalvi\/wp-content\/uploads\/usu1749\/2024\/04\/IMG_9405-300x225.jpg 300w, https:\/\/agora.xtec.cat\/ceipcansalvi\/wp-content\/uploads\/usu1749\/2024\/04\/IMG_9405-200x150.jpg 200w\" sizes=\"auto, (max-width: 640px) 100vw, 640px\" \/><\/a> <a href=\"https:\/\/agora.xtec.cat\/ceipcansalvi\/wp-content\/uploads\/usu1749\/2024\/04\/IMG_9406-rotated.jpg\"><img loading=\"lazy\" decoding=\"async\" class=\"size-large wp-image-3063 aligncenter\" src=\"https:\/\/agora.xtec.cat\/ceipcansalvi\/wp-content\/uploads\/usu1749\/2024\/04\/IMG_9406-rotated.jpg\" alt=\"\" width=\"480\" height=\"640\" srcset=\"https:\/\/agora.xtec.cat\/ceipcansalvi\/wp-content\/uploads\/usu1749\/2024\/04\/IMG_9406-rotated.jpg 480w, https:\/\/agora.xtec.cat\/ceipcansalvi\/wp-content\/uploads\/usu1749\/2024\/04\/IMG_9406-225x300.jpg 225w\" sizes=\"auto, (max-width: 480px) 100vw, 480px\" \/><\/a> <a href=\"https:\/\/agora.xtec.cat\/ceipcansalvi\/wp-content\/uploads\/usu1749\/2024\/04\/IMG_9409-rotated.jpg\"><img loading=\"lazy\" decoding=\"async\" class=\"size-large wp-image-3064 aligncenter\" src=\"https:\/\/agora.xtec.cat\/ceipcansalvi\/wp-content\/uploads\/usu1749\/2024\/04\/IMG_9409-rotated.jpg\" alt=\"\" width=\"480\" height=\"640\" srcset=\"https:\/\/agora.xtec.cat\/ceipcansalvi\/wp-content\/uploads\/usu1749\/2024\/04\/IMG_9409-rotated.jpg 480w, https:\/\/agora.xtec.cat\/ceipcansalvi\/wp-content\/uploads\/usu1749\/2024\/04\/IMG_9409-225x300.jpg 225w\" sizes=\"auto, (max-width: 480px) 100vw, 480px\" \/><\/a> <a href=\"https:\/\/agora.xtec.cat\/ceipcansalvi\/wp-content\/uploads\/usu1749\/2024\/04\/IMG_9410-rotated.jpg\"><img loading=\"lazy\" decoding=\"async\" class=\"size-large wp-image-3065 aligncenter\" src=\"https:\/\/agora.xtec.cat\/ceipcansalvi\/wp-content\/uploads\/usu1749\/2024\/04\/IMG_9410-rotated.jpg\" alt=\"\" width=\"480\" height=\"640\" srcset=\"https:\/\/agora.xtec.cat\/ceipcansalvi\/wp-content\/uploads\/usu1749\/2024\/04\/IMG_9410-rotated.jpg 480w, https:\/\/agora.xtec.cat\/ceipcansalvi\/wp-content\/uploads\/usu1749\/2024\/04\/IMG_9410-225x300.jpg 225w\" sizes=\"auto, (max-width: 480px) 100vw, 480px\" \/><\/a> <a href=\"https:\/\/agora.xtec.cat\/ceipcansalvi\/wp-content\/uploads\/usu1749\/2024\/04\/IMG_9412-rotated.jpg\"><img loading=\"lazy\" decoding=\"async\" class=\"size-large wp-image-3066 aligncenter\" src=\"https:\/\/agora.xtec.cat\/ceipcansalvi\/wp-content\/uploads\/usu1749\/2024\/04\/IMG_9412-rotated.jpg\" alt=\"\" width=\"480\" height=\"640\" srcset=\"https:\/\/agora.xtec.cat\/ceipcansalvi\/wp-content\/uploads\/usu1749\/2024\/04\/IMG_9412-rotated.jpg 480w, https:\/\/agora.xtec.cat\/ceipcansalvi\/wp-content\/uploads\/usu1749\/2024\/04\/IMG_9412-225x300.jpg 225w\" sizes=\"auto, (max-width: 480px) 100vw, 480px\" \/><\/a><\/p>\n","protected":false},"excerpt":{"rendered":"<p>Durant aquesta Setmana Cultural hem tingut diferents activitats de caire literari: ens han visitat autors dels llibres que llegim al Can Salvi, ha vingut el Ramon a explicar contes sobre la Pau als m\u00e9s petits, i hem tingut teatre de les fam\u00edlies de 4t. Moltes&hellip;  <a href=\"https:\/\/agora.xtec.cat\/ceipcansalvi\/general\/setmana-cultural-dia-dautors-contes-i-teatre\/\" title=\"Read Setmana Cultural: dia d&#8217;autors, contes i teatre\">Llegeix m\u00e9s\u00bb<\/a><\/p>\n","protected":false},"author":1,"featured_media":0,"comment_status":"open","ping_status":"closed","sticky":false,"template":"","format":"standard","meta":{"_bbp_topic_count":0,"_bbp_reply_count":0,"_bbp_total_topic_count":0,"_bbp_total_reply_count":0,"_bbp_voice_count":0,"_bbp_anonymous_reply_count":0,"_bbp_topic_count_hidden":0,"_bbp_reply_count_hidden":0,"_bbp_forum_subforum_count":0,"footnotes":""},"categories":[1,4],"tags":[],"class_list":["post-3058","post","type-post","status-publish","format-standard","hentry","category-general","category-portada"],"post_mailing_queue_ids":[],"_links":{"self":[{"href":"https:\/\/agora.xtec.cat\/ceipcansalvi\/wp-json\/wp\/v2\/posts\/3058","targetHints":{"allow":["GET"]}}],"collection":[{"href":"https:\/\/agora.xtec.cat\/ceipcansalvi\/wp-json\/wp\/v2\/posts"}],"about":[{"href":"https:\/\/agora.xtec.cat\/ceipcansalvi\/wp-json\/wp\/v2\/types\/post"}],"author":[{"embeddable":true,"href":"https:\/\/agora.xtec.cat\/ceipcansalvi\/wp-json\/wp\/v2\/users\/1"}],"replies":[{"embeddable":true,"href":"https:\/\/agora.xtec.cat\/ceipcansalvi\/wp-json\/wp\/v2\/comments?post=3058"}],"version-history":[{"count":1,"href":"https:\/\/agora.xtec.cat\/ceipcansalvi\/wp-json\/wp\/v2\/posts\/3058\/revisions"}],"predecessor-version":[{"id":3067,"href":"https:\/\/agora.xtec.cat\/ceipcansalvi\/wp-json\/wp\/v2\/posts\/3058\/revisions\/3067"}],"wp:attachment":[{"href":"https:\/\/agora.xtec.cat\/ceipcansalvi\/wp-json\/wp\/v2\/media?parent=3058"}],"wp:term":[{"taxonomy":"category","embeddable":true,"href":"https:\/\/agora.xtec.cat\/ceipcansalvi\/wp-json\/wp\/v2\/categories?post=3058"},{"taxonomy":"post_tag","embeddable":true,"href":"https:\/\/agora.xtec.cat\/ceipcansalvi\/wp-json\/wp\/v2\/tags?post=3058"}],"curies":[{"name":"wp","href":"https:\/\/api.w.org\/{rel}","templated":true}]}}