{"id":2892,"date":"2023-09-29T16:08:03","date_gmt":"2023-09-29T14:08:03","guid":{"rendered":"https:\/\/agora.xtec.cat\/ceipcansalvi\/?p=2892"},"modified":"2023-09-29T16:08:37","modified_gmt":"2023-09-29T14:08:37","slug":"benvinguts-i-benvingudes-al-nou-curs-escolar-2023-24","status":"publish","type":"post","link":"https:\/\/agora.xtec.cat\/ceipcansalvi\/general\/benvinguts-i-benvingudes-al-nou-curs-escolar-2023-24\/","title":{"rendered":"BENVINGUTS i BENVINGUDES AL NOU CURS ESCOLAR 2023-24!"},"content":{"rendered":"<p>Estem molt contents i contentes de retrobar-nos un curs m\u00e9s.<\/p>\n<p>Ens fa molta il\u00b7lusi\u00f3 poder-vos informar que enguany el tema de l&#8217;escola ser\u00e0 &#8220;Di\u00e0leg per la Pau&#8221;.<\/p>\n<p>Som-hi!<\/p>\n<p><img loading=\"lazy\" decoding=\"async\" class=\"alignnone size-large\" src=\"https:\/\/www.lavanguardia.com\/files\/og_thumbnail\/files\/fp\/uploads\/2021\/09\/09\/613a2180a04b1.r_d.642-440-9375.jpeg\" width=\"1200\" height=\"675\" \/><\/p>\n","protected":false},"excerpt":{"rendered":"<p>Estem molt contents i contentes de retrobar-nos un curs m\u00e9s.<br \/>\nEns fa molta il\u00b7lusi\u00f3 poder-vos informar que enguany el tema de l&#8217;escola ser\u00e0 &#8220;Di\u00e0leg per la Pau&#8221;.<br \/>\nSom-hi!<\/p>\n","protected":false},"author":1,"featured_media":0,"comment_status":"open","ping_status":"closed","sticky":false,"template":"","format":"standard","meta":{"_bbp_topic_count":0,"_bbp_reply_count":0,"_bbp_total_topic_count":0,"_bbp_total_reply_count":0,"_bbp_voice_count":0,"_bbp_anonymous_reply_count":0,"_bbp_topic_count_hidden":0,"_bbp_reply_count_hidden":0,"_bbp_forum_subforum_count":0,"footnotes":""},"categories":[1,4,65],"tags":[],"class_list":["post-2892","post","type-post","status-publish","format-standard","hentry","category-general","category-portada","category-portada-portada"],"post_mailing_queue_ids":[],"_links":{"self":[{"href":"https:\/\/agora.xtec.cat\/ceipcansalvi\/wp-json\/wp\/v2\/posts\/2892","targetHints":{"allow":["GET"]}}],"collection":[{"href":"https:\/\/agora.xtec.cat\/ceipcansalvi\/wp-json\/wp\/v2\/posts"}],"about":[{"href":"https:\/\/agora.xtec.cat\/ceipcansalvi\/wp-json\/wp\/v2\/types\/post"}],"author":[{"embeddable":true,"href":"https:\/\/agora.xtec.cat\/ceipcansalvi\/wp-json\/wp\/v2\/users\/1"}],"replies":[{"embeddable":true,"href":"https:\/\/agora.xtec.cat\/ceipcansalvi\/wp-json\/wp\/v2\/comments?post=2892"}],"version-history":[{"count":1,"href":"https:\/\/agora.xtec.cat\/ceipcansalvi\/wp-json\/wp\/v2\/posts\/2892\/revisions"}],"predecessor-version":[{"id":2893,"href":"https:\/\/agora.xtec.cat\/ceipcansalvi\/wp-json\/wp\/v2\/posts\/2892\/revisions\/2893"}],"wp:attachment":[{"href":"https:\/\/agora.xtec.cat\/ceipcansalvi\/wp-json\/wp\/v2\/media?parent=2892"}],"wp:term":[{"taxonomy":"category","embeddable":true,"href":"https:\/\/agora.xtec.cat\/ceipcansalvi\/wp-json\/wp\/v2\/categories?post=2892"},{"taxonomy":"post_tag","embeddable":true,"href":"https:\/\/agora.xtec.cat\/ceipcansalvi\/wp-json\/wp\/v2\/tags?post=2892"}],"curies":[{"name":"wp","href":"https:\/\/api.w.org\/{rel}","templated":true}]}}