{"id":2655,"date":"2022-11-04T15:50:16","date_gmt":"2022-11-04T14:50:16","guid":{"rendered":"https:\/\/agora.xtec.cat\/ceipcansalvi\/?p=2655"},"modified":"2022-11-07T13:00:42","modified_gmt":"2022-11-07T12:00:42","slug":"participarem-a-la-cantania-2023","status":"publish","type":"post","link":"https:\/\/agora.xtec.cat\/ceipcansalvi\/general\/participarem-a-la-cantania-2023\/","title":{"rendered":"Participarem a la Cant\u00e0nia 2023!!!!"},"content":{"rendered":"<p>Ens plau comunicar-vos que enguany els <strong>nens i nenes de 5\u00e8<\/strong> de l&#8217;escola Can Salvi participaran a la <strong>Cant\u00e0nia,<\/strong> que organitza cada curs (des de fa m\u00e9s de 20 anys) l&#8217;<strong>Auditori de Barcelona.<\/strong><\/p>\n<p>Cantarem <strong>&#8220;Les portes del m\u00f3n&#8221;<\/strong>, una cantata amb m\u00fasica de <strong>Raquel Garc\u00eda-Tom\u00e1s<\/strong> i text de <strong>Bernat Castany.<\/strong> Com \u00e9s habitual, l&#8217;obra \u00e9s un enc\u00e0rrec de l&#8217;Auditori que ser\u00e0 <strong>estrenada mundialment<\/strong> durant els mesos d&#8217;abril, maig i juny. Aix\u00f2 far\u00e0 que l&#8217;obra sigui cantada, sumant els tres mesos de concerts, per ni m\u00e9s ni menys que uns <strong>50.000 nens i nenes<\/strong> de prim\u00e0ria!<\/p>\n<p>No fa falta dir la il\u00b7lusi\u00f3 que ens fa poder participar en aquest esdeveniment. No nom\u00e9s estrenarem una cantata <strong>in\u00e8dita,<\/strong> sin\u00f3 que ho farem acompanyats de <strong>m\u00fasics professionals<\/strong> i en <strong>una de les millors sales de concert<\/strong> de Catalunya.<\/p>\n<p>En <a href=\"https:\/\/auditoridigital.cat\/album\/cantania-2023-les-portes-del-mon\/\">aquest enlla\u00e7<\/a> podeu escoltar totes les can\u00e7ons i veure les partitures de <strong>&#8220;Les portes del m\u00f3n&#8221;, de Raquel Garc\u00eda-Tom\u00e1s\u00a0<\/strong>i <strong>Bernat Castany.<\/strong><\/p>\n<p>Ens veiem el <strong>dimecres 19 d&#8217;abril de 2023<\/strong> a l&#8217;Auditori!!!!<\/p>\n<p><img decoding=\"async\" src=\"https:\/\/www.auditori.cat\/uploads\/20220425\/Cantania_630.jpg\" alt=\"Foto Cant\u00e0nia\" \/><\/p>\n","protected":false},"excerpt":{"rendered":"<p>Ens plau comunicar-vos que enguany els nens i nenes de 5\u00e8 de l&#8217;escola Can Salvi participaran a la Cant\u00e0nia, que organitza cada curs (des de fa m\u00e9s de 20 anys) l&#8217;Auditori de Barcelona.<br \/>\nCantarem &#8220;Les portes del m\u00f3n&#8221;, una cantata amb m\u00fasica de Raquel Garc\u00eda-Tom\u00e1s i&hellip;  <a href=\"https:\/\/agora.xtec.cat\/ceipcansalvi\/general\/participarem-a-la-cantania-2023\/\" title=\"Read Participarem a la Cant\u00e0nia 2023!!!!\">Llegeix m\u00e9s\u00bb<\/a><\/p>\n","protected":false},"author":1,"featured_media":0,"comment_status":"open","ping_status":"closed","sticky":false,"template":"","format":"standard","meta":{"_bbp_topic_count":0,"_bbp_reply_count":0,"_bbp_total_topic_count":0,"_bbp_total_reply_count":0,"_bbp_voice_count":0,"_bbp_anonymous_reply_count":0,"_bbp_topic_count_hidden":0,"_bbp_reply_count_hidden":0,"_bbp_forum_subforum_count":0,"footnotes":""},"categories":[1,4,65],"tags":[],"class_list":["post-2655","post","type-post","status-publish","format-standard","hentry","category-general","category-portada","category-portada-portada"],"post_mailing_queue_ids":[],"_links":{"self":[{"href":"https:\/\/agora.xtec.cat\/ceipcansalvi\/wp-json\/wp\/v2\/posts\/2655","targetHints":{"allow":["GET"]}}],"collection":[{"href":"https:\/\/agora.xtec.cat\/ceipcansalvi\/wp-json\/wp\/v2\/posts"}],"about":[{"href":"https:\/\/agora.xtec.cat\/ceipcansalvi\/wp-json\/wp\/v2\/types\/post"}],"author":[{"embeddable":true,"href":"https:\/\/agora.xtec.cat\/ceipcansalvi\/wp-json\/wp\/v2\/users\/1"}],"replies":[{"embeddable":true,"href":"https:\/\/agora.xtec.cat\/ceipcansalvi\/wp-json\/wp\/v2\/comments?post=2655"}],"version-history":[{"count":3,"href":"https:\/\/agora.xtec.cat\/ceipcansalvi\/wp-json\/wp\/v2\/posts\/2655\/revisions"}],"predecessor-version":[{"id":2665,"href":"https:\/\/agora.xtec.cat\/ceipcansalvi\/wp-json\/wp\/v2\/posts\/2655\/revisions\/2665"}],"wp:attachment":[{"href":"https:\/\/agora.xtec.cat\/ceipcansalvi\/wp-json\/wp\/v2\/media?parent=2655"}],"wp:term":[{"taxonomy":"category","embeddable":true,"href":"https:\/\/agora.xtec.cat\/ceipcansalvi\/wp-json\/wp\/v2\/categories?post=2655"},{"taxonomy":"post_tag","embeddable":true,"href":"https:\/\/agora.xtec.cat\/ceipcansalvi\/wp-json\/wp\/v2\/tags?post=2655"}],"curies":[{"name":"wp","href":"https:\/\/api.w.org\/{rel}","templated":true}]}}