{"id":2548,"date":"2022-03-04T16:08:20","date_gmt":"2022-03-04T15:08:20","guid":{"rendered":"https:\/\/agora.xtec.cat\/ceipcansalvi\/?p=2548"},"modified":"2022-04-19T15:28:38","modified_gmt":"2022-04-19T13:28:38","slug":"informacions-preinscripcions","status":"publish","type":"post","link":"https:\/\/agora.xtec.cat\/ceipcansalvi\/general\/informacions-preinscripcions\/","title":{"rendered":"INFORMACIONS PREINSCRIPCIONS"},"content":{"rendered":"<div class=\"gmail_default\">Benvolgudes fam\u00edlies,<\/div>\n<div class=\"gmail_default\"><\/div>\n<div class=\"gmail_default\">Us adjuntem algunes informacions importants referent a la preinscripci\u00f3 pel curs 2022-2023, que comen\u00e7a el proper dilluns 7 de mar\u00e7 fins al dilluns 21 de mar\u00e7.<\/div>\n<div class=\"gmail_default\"><\/div>\n<div>\n<div class=\"gmail_default\">Primerament us passem el\u00a0 link de la p\u00e0gina de la Generalitat per fer la preinscripci\u00f3 i on podreu trobar tota la informaci\u00f3:<\/div>\n<div class=\"gmail_default\"><a href=\"https:\/\/preinscripcio.gencat.cat\/ca\/inici\" target=\"_blank\" rel=\"noopener\" data-saferedirecturl=\"https:\/\/www.google.com\/url?q=https:\/\/preinscripcio.gencat.cat\/ca\/inici&amp;source=gmail&amp;ust=1646490496268000&amp;usg=AOvVaw2o9CMiYtfBBt67VGwfkmNE\">Generalitat-preinscripci\u00f3<\/a><\/div>\n<div class=\"gmail_default\">Igualment us adjuntem una imatge amb la documentaci\u00f3 necess\u00e0ria per fer la preinscripci\u00f3.<\/div>\n<div><\/div>\n<div class=\"gmail_default\"><img loading=\"lazy\" decoding=\"async\" class=\"alignnone wp-image-2549\" src=\"https:\/\/agora.xtec.cat\/ceipcansalvi\/wp-content\/uploads\/usu1749\/2022\/03\/DOCUMENTACIO-PREINSCRIPCIO.png\" alt=\"\" width=\"475\" height=\"562\" srcset=\"https:\/\/agora.xtec.cat\/ceipcansalvi\/wp-content\/uploads\/usu1749\/2022\/03\/DOCUMENTACIO-PREINSCRIPCIO.png 698w, https:\/\/agora.xtec.cat\/ceipcansalvi\/wp-content\/uploads\/usu1749\/2022\/03\/DOCUMENTACIO-PREINSCRIPCIO-254x300.png 254w\" sizes=\"auto, (max-width: 475px) 100vw, 475px\" \/><\/div>\n<\/div>\n<div>\n<div class=\"gmail_default\">Finalment us volem enviar tamb\u00e9 la oferta provisional de la nostra escola. Com podeu veure, l&#8217;escola surt (provisionalment) amb nom\u00e9s una l\u00ednia, encara que com es pot llegir al decret de preinscripci\u00f3, l&#8217;oferta es pot modificar <b>&#8220;<i>un cop vistes les dades de preinscripci\u00f3 i les necessitats d&#8217;escolaritzaci\u00f3<\/i><span style=\"color: #000000;\"><span style=\"font-size: large;\">&#8220;.\u00a0<\/span><a href=\"https:\/\/portaldogc.gencat.cat\/utilsEADOP\/PDF\/8615\/1892833.pdf\" target=\"_blank\" rel=\"noopener\" data-saferedirecturl=\"https:\/\/www.google.com\/url?q=https:\/\/portaldogc.gencat.cat\/utilsEADOP\/PDF\/8615\/1892833.pdf&amp;source=gmail&amp;ust=1646490496268000&amp;usg=AOvVaw1eNhxDrPI3WfkZu_iFc7Z_\">(*** decret de preinscripci\u00f3)<\/a><\/span><\/b><\/div>\n<\/div>\n<div><\/div>\n<div><img loading=\"lazy\" decoding=\"async\" class=\"alignnone size-full wp-image-2551\" src=\"https:\/\/agora.xtec.cat\/ceipcansalvi\/wp-content\/uploads\/usu1749\/2022\/03\/OFERTA-DE-PLACES.png\" alt=\"\" width=\"563\" height=\"754\" srcset=\"https:\/\/agora.xtec.cat\/ceipcansalvi\/wp-content\/uploads\/usu1749\/2022\/03\/OFERTA-DE-PLACES.png 563w, https:\/\/agora.xtec.cat\/ceipcansalvi\/wp-content\/uploads\/usu1749\/2022\/03\/OFERTA-DE-PLACES-224x300.png 224w\" sizes=\"auto, (max-width: 563px) 100vw, 563px\" \/><\/div>\n<div>\n<div class=\"gmail_default\"><\/div>\n<div class=\"gmail_default\"><span style=\"color: #000000; font-family: arial, sans-serif;\">En cas que tingueu algun dificultat per fer la preinscripci\u00f3 telem\u00e0tica, no dubteu en preguntar-nos. Ser\u00e0 un plaer ajudar-vos.<\/span><\/div>\n<\/div>\n","protected":false},"excerpt":{"rendered":"<p>Benvolgudes fam\u00edlies,<\/p>\n<p>Us adjuntem algunes informacions importants referent a la preinscripci\u00f3 pel curs 2022-2023, que comen\u00e7a el proper dilluns 7 de mar\u00e7 fins al dilluns 21 de mar\u00e7.<\/p>\n<p>Primerament us passem el\u00a0 link de la p\u00e0gina de la Generalitat per fer la preinscripci\u00f3 i on podreu trobar&hellip;  <a href=\"https:\/\/agora.xtec.cat\/ceipcansalvi\/general\/informacions-preinscripcions\/\" title=\"Read INFORMACIONS PREINSCRIPCIONS\">Llegeix m\u00e9s\u00bb<\/a><\/p>\n","protected":false},"author":1,"featured_media":0,"comment_status":"open","ping_status":"closed","sticky":false,"template":"","format":"standard","meta":{"_bbp_topic_count":0,"_bbp_reply_count":0,"_bbp_total_topic_count":0,"_bbp_total_reply_count":0,"_bbp_voice_count":0,"_bbp_anonymous_reply_count":0,"_bbp_topic_count_hidden":0,"_bbp_reply_count_hidden":0,"_bbp_forum_subforum_count":0,"footnotes":""},"categories":[1,4],"tags":[],"class_list":["post-2548","post","type-post","status-publish","format-standard","hentry","category-general","category-portada"],"post_mailing_queue_ids":[],"_links":{"self":[{"href":"https:\/\/agora.xtec.cat\/ceipcansalvi\/wp-json\/wp\/v2\/posts\/2548","targetHints":{"allow":["GET"]}}],"collection":[{"href":"https:\/\/agora.xtec.cat\/ceipcansalvi\/wp-json\/wp\/v2\/posts"}],"about":[{"href":"https:\/\/agora.xtec.cat\/ceipcansalvi\/wp-json\/wp\/v2\/types\/post"}],"author":[{"embeddable":true,"href":"https:\/\/agora.xtec.cat\/ceipcansalvi\/wp-json\/wp\/v2\/users\/1"}],"replies":[{"embeddable":true,"href":"https:\/\/agora.xtec.cat\/ceipcansalvi\/wp-json\/wp\/v2\/comments?post=2548"}],"version-history":[{"count":1,"href":"https:\/\/agora.xtec.cat\/ceipcansalvi\/wp-json\/wp\/v2\/posts\/2548\/revisions"}],"predecessor-version":[{"id":2552,"href":"https:\/\/agora.xtec.cat\/ceipcansalvi\/wp-json\/wp\/v2\/posts\/2548\/revisions\/2552"}],"wp:attachment":[{"href":"https:\/\/agora.xtec.cat\/ceipcansalvi\/wp-json\/wp\/v2\/media?parent=2548"}],"wp:term":[{"taxonomy":"category","embeddable":true,"href":"https:\/\/agora.xtec.cat\/ceipcansalvi\/wp-json\/wp\/v2\/categories?post=2548"},{"taxonomy":"post_tag","embeddable":true,"href":"https:\/\/agora.xtec.cat\/ceipcansalvi\/wp-json\/wp\/v2\/tags?post=2548"}],"curies":[{"name":"wp","href":"https:\/\/api.w.org\/{rel}","templated":true}]}}