{"id":2353,"date":"2021-02-28T20:00:19","date_gmt":"2021-02-28T19:00:19","guid":{"rendered":"http:\/\/agora.xtec.cat\/ceipcansalvi\/?p=2353"},"modified":"2021-03-30T12:35:32","modified_gmt":"2021-03-30T10:35:32","slug":"portes-obertes-21-22-escola-can-salvi","status":"publish","type":"post","link":"https:\/\/agora.xtec.cat\/ceipcansalvi\/general\/portes-obertes-21-22-escola-can-salvi\/","title":{"rendered":"PORTES OBERTES 21-22 ESCOLA CAN SALVI"},"content":{"rendered":"<p>&nbsp;<\/p>\n<p><img loading=\"lazy\" decoding=\"async\" class=\"wp-image-2357 aligncenter\" src=\"https:\/\/agora.xtec.cat\/ceipcansalvi\/wp-content\/uploads\/usu1749\/2021\/02\/Portes-obertes-21-22-1-1024x342.jpg\" alt=\"\" width=\"558\" height=\"187\" srcset=\"https:\/\/agora.xtec.cat\/ceipcansalvi\/wp-content\/uploads\/usu1749\/2021\/02\/Portes-obertes-21-22-1-1024x342.jpg 1024w, https:\/\/agora.xtec.cat\/ceipcansalvi\/wp-content\/uploads\/usu1749\/2021\/02\/Portes-obertes-21-22-1-300x100.jpg 300w, https:\/\/agora.xtec.cat\/ceipcansalvi\/wp-content\/uploads\/usu1749\/2021\/02\/Portes-obertes-21-22-1-768x256.jpg 768w, https:\/\/agora.xtec.cat\/ceipcansalvi\/wp-content\/uploads\/usu1749\/2021\/02\/Portes-obertes-21-22-1.jpg 1216w\" sizes=\"auto, (max-width: 558px) 100vw, 558px\" \/><\/p>\n<p><iframe loading=\"lazy\" title=\"Escola Can Salvi: Visita virtual\" width=\"500\" height=\"281\" src=\"https:\/\/www.youtube.com\/embed\/anKZkahxMww?feature=oembed\" frameborder=\"0\" allow=\"accelerometer; autoplay; clipboard-write; encrypted-media; gyroscope; picture-in-picture; web-share\" referrerpolicy=\"strict-origin-when-cross-origin\" allowfullscreen><\/iframe><\/p>\n<h5>Enguany les portes obertes de l&#8217;escola Can Salvi seran virtuals per un acord municipal. Aqu\u00ed us volem proporcionar tota la informaci\u00f3 referent al nostre centre escolar i restem a la vostra disposici\u00f3 per qualsevol dubte que tingueu a trav\u00e9s del nostre correu: a8063758@xtec.cat o del tel\u00e8fon 93.682.51.62.<\/h5>\n<p><img loading=\"lazy\" decoding=\"async\" class=\"alignnone size-full wp-image-2358\" src=\"https:\/\/agora.xtec.cat\/ceipcansalvi\/wp-content\/uploads\/usu1749\/2021\/02\/th.jpg\" alt=\"\" width=\"277\" height=\"160\" \/> <strong><a href=\"https:\/\/drive.google.com\/file\/d\/1nBmihUSmY-62Csy_DflM9n-oLyy7V3do\/view?usp=sharing\">LLIBRET INFORMACI\u00d3<\/a>\u00a0<\/strong><\/p>\n<p>ALTRES V\u00cdDEOS DE L&#8217;ESCOLA:<\/p>\n<p><strong><a href=\"https:\/\/youtu.be\/HOQQe09I5bg\">VIDEO MESURES COVID\u00a0<\/a><\/strong><\/p>\n<p><strong><a href=\"https:\/\/youtu.be\/09CK4uf7fQc\">VIDEO<\/a><a href=\"https:\/\/youtu.be\/09CK4uf7fQc\"> INSTAL.LACIONS<\/a><\/strong><\/p>\n<p><strong><a href=\"https:\/\/youtu.be\/yesOSLRSVrE\">VIDEO INFANTIL\u00a0 \u00a0<\/a><\/strong><\/p>\n<p><strong><a href=\"https:\/\/youtu.be\/RXOxhOqlXeY\">VIDEO PRIM\u00c0RIA<\/a><\/strong><\/p>\n<h4>Us esperem aviat!!!<\/h4>\n<p>&nbsp;<\/p>\n<p>&nbsp;<\/p>\n<p>&nbsp;<\/p>\n<p>&nbsp;<\/p>\n","protected":false},"excerpt":{"rendered":"<p>&nbsp;<\/p>\n<p>Enguany les portes obertes de l&#8217;escola Can Salvi seran virtuals per un acord municipal. Aqu\u00ed us volem proporcionar tota la informaci\u00f3 referent al nostre centre escolar i restem a la vostra disposici\u00f3 per qualsevol dubte que tingueu a trav\u00e9s del nostre correu: a8063758@xtec.cat o del&hellip;  <a href=\"https:\/\/agora.xtec.cat\/ceipcansalvi\/general\/portes-obertes-21-22-escola-can-salvi\/\" title=\"Read PORTES OBERTES 21-22 ESCOLA CAN SALVI\">Llegeix m\u00e9s\u00bb<\/a><\/p>\n","protected":false},"author":1,"featured_media":2358,"comment_status":"open","ping_status":"closed","sticky":false,"template":"","format":"standard","meta":{"_bbp_topic_count":0,"_bbp_reply_count":0,"_bbp_total_topic_count":0,"_bbp_total_reply_count":0,"_bbp_voice_count":0,"_bbp_anonymous_reply_count":0,"_bbp_topic_count_hidden":0,"_bbp_reply_count_hidden":0,"_bbp_forum_subforum_count":0,"footnotes":""},"categories":[1,65],"tags":[],"class_list":["post-2353","post","type-post","status-publish","format-standard","has-post-thumbnail","hentry","category-general","category-portada-portada"],"post_mailing_queue_ids":[],"_links":{"self":[{"href":"https:\/\/agora.xtec.cat\/ceipcansalvi\/wp-json\/wp\/v2\/posts\/2353","targetHints":{"allow":["GET"]}}],"collection":[{"href":"https:\/\/agora.xtec.cat\/ceipcansalvi\/wp-json\/wp\/v2\/posts"}],"about":[{"href":"https:\/\/agora.xtec.cat\/ceipcansalvi\/wp-json\/wp\/v2\/types\/post"}],"author":[{"embeddable":true,"href":"https:\/\/agora.xtec.cat\/ceipcansalvi\/wp-json\/wp\/v2\/users\/1"}],"replies":[{"embeddable":true,"href":"https:\/\/agora.xtec.cat\/ceipcansalvi\/wp-json\/wp\/v2\/comments?post=2353"}],"version-history":[{"count":3,"href":"https:\/\/agora.xtec.cat\/ceipcansalvi\/wp-json\/wp\/v2\/posts\/2353\/revisions"}],"predecessor-version":[{"id":2364,"href":"https:\/\/agora.xtec.cat\/ceipcansalvi\/wp-json\/wp\/v2\/posts\/2353\/revisions\/2364"}],"wp:featuredmedia":[{"embeddable":true,"href":"https:\/\/agora.xtec.cat\/ceipcansalvi\/wp-json\/wp\/v2\/media\/2358"}],"wp:attachment":[{"href":"https:\/\/agora.xtec.cat\/ceipcansalvi\/wp-json\/wp\/v2\/media?parent=2353"}],"wp:term":[{"taxonomy":"category","embeddable":true,"href":"https:\/\/agora.xtec.cat\/ceipcansalvi\/wp-json\/wp\/v2\/categories?post=2353"},{"taxonomy":"post_tag","embeddable":true,"href":"https:\/\/agora.xtec.cat\/ceipcansalvi\/wp-json\/wp\/v2\/tags?post=2353"}],"curies":[{"name":"wp","href":"https:\/\/api.w.org\/{rel}","templated":true}]}}