{"id":2297,"date":"2020-10-18T20:17:13","date_gmt":"2020-10-18T18:17:13","guid":{"rendered":"http:\/\/agora.xtec.cat\/ceipcansalvi\/?p=2297"},"modified":"2020-10-18T20:19:54","modified_gmt":"2020-10-18T18:19:54","slug":"comencen-els-credits-esportius-escolars-al-can-salvi","status":"publish","type":"post","link":"https:\/\/agora.xtec.cat\/ceipcansalvi\/general\/comencen-els-credits-esportius-escolars-al-can-salvi\/","title":{"rendered":"COMENCEN ELS CREDITS ESPORTIUS ESCOLARS AL CAN SALVI"},"content":{"rendered":"<p>Aquest curs 20\/21 tamb\u00e9 farem cr\u00e8dits esportius escolars a l&#8217;escola Can Salvi. El darrer dijous va comen\u00e7ar el primer cr\u00e8dit al nivell de quart: <img loading=\"lazy\" decoding=\"async\" class=\"alignnone size-large wp-image-2298\" src=\"https:\/\/agora.xtec.cat\/ceipcansalvi\/wp-content\/uploads\/usu1749\/2020\/10\/0336e7c7-7743-4431-a9b2-8eaedceaee99-1024x745.jpg\" alt=\"\" width=\"1024\" height=\"745\" srcset=\"https:\/\/agora.xtec.cat\/ceipcansalvi\/wp-content\/uploads\/usu1749\/2020\/10\/0336e7c7-7743-4431-a9b2-8eaedceaee99.jpg 1024w, https:\/\/agora.xtec.cat\/ceipcansalvi\/wp-content\/uploads\/usu1749\/2020\/10\/0336e7c7-7743-4431-a9b2-8eaedceaee99-300x218.jpg 300w, https:\/\/agora.xtec.cat\/ceipcansalvi\/wp-content\/uploads\/usu1749\/2020\/10\/0336e7c7-7743-4431-a9b2-8eaedceaee99-768x559.jpg 768w\" sizes=\"auto, (max-width: 1024px) 100vw, 1024px\" \/><\/p>\n<p>3r: GIMN\u00c0SIA ART\u00cdSTICA<\/p>\n<p>4t: TENIS<\/p>\n<p>5\u00e8: ATLETISME<\/p>\n<p>6\u00e8: BMX<\/p>\n<p>Dem\u00e0 dilluns l&#8217;alumnat de sis\u00e8 comen\u00e7a tamb\u00e9 la BMX.<\/p>\n<p>Estem contents i contentes de poder continuar amb les activitats que tant ens agraden!<\/p>\n<p>&nbsp;<\/p>\n","protected":false},"excerpt":{"rendered":"<p>Aquest curs 20\/21 tamb\u00e9 farem cr\u00e8dits esportius escolars a l&#8217;escola Can Salvi. El darrer dijous va comen\u00e7ar el primer cr\u00e8dit al nivell de quart:<br \/>\n3r: GIMN\u00c0SIA ART\u00cdSTICA<br \/>\n4t: TENIS<br \/>\n5\u00e8: ATLETISME<br \/>\n6\u00e8: BMX<br \/>\nDem\u00e0 dilluns l&#8217;alumnat de sis\u00e8 comen\u00e7a tamb\u00e9 la BMX.<br \/>\nEstem contents i contentes de poder continuar amb&hellip;  <a href=\"https:\/\/agora.xtec.cat\/ceipcansalvi\/general\/comencen-els-credits-esportius-escolars-al-can-salvi\/\" title=\"Read COMENCEN ELS CREDITS ESPORTIUS ESCOLARS AL CAN SALVI\">Llegeix m\u00e9s\u00bb<\/a><\/p>\n","protected":false},"author":1,"featured_media":0,"comment_status":"open","ping_status":"closed","sticky":false,"template":"","format":"standard","meta":{"_bbp_topic_count":0,"_bbp_reply_count":0,"_bbp_total_topic_count":0,"_bbp_total_reply_count":0,"_bbp_voice_count":0,"_bbp_anonymous_reply_count":0,"_bbp_topic_count_hidden":0,"_bbp_reply_count_hidden":0,"_bbp_forum_subforum_count":0,"footnotes":""},"categories":[1,65],"tags":[],"class_list":["post-2297","post","type-post","status-publish","format-standard","hentry","category-general","category-portada-portada"],"post_mailing_queue_ids":[],"_links":{"self":[{"href":"https:\/\/agora.xtec.cat\/ceipcansalvi\/wp-json\/wp\/v2\/posts\/2297","targetHints":{"allow":["GET"]}}],"collection":[{"href":"https:\/\/agora.xtec.cat\/ceipcansalvi\/wp-json\/wp\/v2\/posts"}],"about":[{"href":"https:\/\/agora.xtec.cat\/ceipcansalvi\/wp-json\/wp\/v2\/types\/post"}],"author":[{"embeddable":true,"href":"https:\/\/agora.xtec.cat\/ceipcansalvi\/wp-json\/wp\/v2\/users\/1"}],"replies":[{"embeddable":true,"href":"https:\/\/agora.xtec.cat\/ceipcansalvi\/wp-json\/wp\/v2\/comments?post=2297"}],"version-history":[{"count":1,"href":"https:\/\/agora.xtec.cat\/ceipcansalvi\/wp-json\/wp\/v2\/posts\/2297\/revisions"}],"predecessor-version":[{"id":2299,"href":"https:\/\/agora.xtec.cat\/ceipcansalvi\/wp-json\/wp\/v2\/posts\/2297\/revisions\/2299"}],"wp:attachment":[{"href":"https:\/\/agora.xtec.cat\/ceipcansalvi\/wp-json\/wp\/v2\/media?parent=2297"}],"wp:term":[{"taxonomy":"category","embeddable":true,"href":"https:\/\/agora.xtec.cat\/ceipcansalvi\/wp-json\/wp\/v2\/categories?post=2297"},{"taxonomy":"post_tag","embeddable":true,"href":"https:\/\/agora.xtec.cat\/ceipcansalvi\/wp-json\/wp\/v2\/tags?post=2297"}],"curies":[{"name":"wp","href":"https:\/\/api.w.org\/{rel}","templated":true}]}}