{"id":2170,"date":"2020-05-08T19:27:40","date_gmt":"2020-05-08T17:27:40","guid":{"rendered":"http:\/\/agora.xtec.cat\/ceipcansalvi\/?p=2170"},"modified":"2020-05-23T21:33:56","modified_gmt":"2020-05-23T19:33:56","slug":"important-informacio-preinscripcio-curs-2020-21","status":"publish","type":"post","link":"https:\/\/agora.xtec.cat\/ceipcansalvi\/general\/important-informacio-preinscripcio-curs-2020-21\/","title":{"rendered":"IMPORTANT!! INFORMACI\u00d3 PREINSCRIPCI\u00d3 CURS 2020-21"},"content":{"rendered":"<p>Benvolgudes fam\u00edlies,<\/p>\n<h4><img loading=\"lazy\" decoding=\"async\" class=\"wp-image-464 alignright\" style=\"font-size: 16px; font-weight: normal;\" src=\"https:\/\/agora.xtec.cat\/ceipcansalvi\/wp-content\/uploads\/usu1749\/2017\/12\/cansalvilogo.jpg\" alt=\"\" width=\"135\" height=\"84\" srcset=\"https:\/\/agora.xtec.cat\/ceipcansalvi\/wp-content\/uploads\/usu1749\/2017\/12\/cansalvilogo.jpg 720w, https:\/\/agora.xtec.cat\/ceipcansalvi\/wp-content\/uploads\/usu1749\/2017\/12\/cansalvilogo-300x188.jpg 300w\" sizes=\"auto, (max-width: 135px) 100vw, 135px\" \/><\/h4>\n<h3>Consulteu <a href=\"https:\/\/drive.google.com\/open?id=11CX7FZ--alX1TFg2RJscaGN7FuhPEr6Y\"><strong>aqu\u00ed<\/strong><\/a> l\u2019oferta de places vacants de l\u2019escola Can Salvi pel proper curs, publicada amb data 8 de maig.<\/h3>\n<h4>La preinscripci\u00f3 tindr\u00e0 lloc\u00a0<strong>del 13 al 22 de maig (ambd\u00f3s inclosos)<\/strong>.<\/h4>\n<p>Com pots fer la teva preinscripci\u00f3, a partir de dimecres dia 13?:<\/p>\n<p>1.- Realitzar la sol\u00b7licitud telem\u00e0tica (<strong><a href=\"https:\/\/aplicacions.gestioeducativa.gencat.cat\/pls\/apex\/f?p=20160079072543618:5:::NO:RP,5,10,15,20,25::&amp;cs=3x6y2j6IAU_GiM4dfYYGYiihyXnU\">TELEM\u00c0TICA<\/a><\/strong>) i s&#8217;envia autom\u00e0ticament.<\/p>\n<p>2.- Omplir la sol.licitud\u00a0 (si voleu la trobareu <a href=\"https:\/\/drive.google.com\/open?id=1zXwi3IN2o8TLUqBZ5WjCiQE7gIgr_y1-\"><strong>aqu\u00ed<\/strong><\/a>) i enviar-la al\u00a0 correu oficial del centre que trieu en 1\u00aa opci\u00f3, en el nostre cas l\u2019adre\u00e7a de correu electr\u00f2nic \u00e9s<a href=\"a8063758@xtec.cat\"> <strong>a8063758@xtec.cat.<\/strong><\/a><\/p>\n<p>Un cop rebuda la soli.licitud us respondre confirmant-vos la seva recepci\u00f3. <strong>MOLT IMPORTANT! no fer-ho ABANS DEL DIA 13!<\/strong><\/p>\n<p>3.-Si alguna fam\u00edlia no disposa dels mitjans per fer la preinscripci\u00f3 telem\u00e0tica, tamb\u00e9 la podr\u00e0 fer presencialment al centre amb cita pr\u00e8via del\u00a0<strong>19 al 22 de maig (<a href=\"https:\/\/aplicacions.gestioeducativa.gencat.cat\/pls\/apex\/f?p=CITA_PREVIA:4::::4:P4_TIPUS_CALENDARI,P4_DOMINI:01_Oblig,08063758\">CITA PR\u00c8VIA<\/a>)<\/strong>. Properament us penjarem aqu\u00ed mateix, a la p\u00e0gina web de centre un espai per poder demanar cita pr\u00e8via.<\/p>\n<p>Tamb\u00e9 trobareu el <a href=\"https:\/\/drive.google.com\/open?id=1n0Bqx3jsr71wBRrvl6h8CtIPi1xUtshC\"><strong>MAPA<\/strong><\/a> de l&#8217;\u00e0rea d&#8217;influ\u00e8ncia i el llistat de <a href=\"https:\/\/drive.google.com\/open?id=11gXpDuusWXD_ZV-gf22KABWWJbwFuYME\"><strong>CARRERS<\/strong><\/a> de les \u00e0rees.<\/p>\n<p>Si voleu tornar a veure el nostre v\u00eddeo i les nostres presentacions per les portes obertes aqu\u00ed teniu els enlla\u00e7os:<\/p>\n<p><a href=\"https:\/\/www.youtube.com\/watch?v=Q8pOuvGLuDA&amp;feature=emb_title\">VIDEO<\/a><\/p>\n<p><a href=\"https:\/\/prezi.com\/view\/CdYWlNBs2aB9rbUfmp4u\/\">PREZI<\/a> &#8211; explicaci\u00f3 metodol\u00f2gica del centre<\/p>\n<p><a href=\"https:\/\/drive.google.com\/open?id=1Q9YIgXXZ23hfzdudHzM2llCaEyaTVm6_\">LLIBRET<\/a> explicatiu fam\u00edlies<\/p>\n<p>Us recordem que estem a la vostra disposici\u00f3 per tal d&#8217;aclarir i respondre qualsevol dubte a trav\u00e9s del nostre mail <a href=\"a8063758@xtec.cat\"><strong>a8063758@xtec.cat.<\/strong><\/a><\/p>\n<p>A m\u00e9s us informem del CALENDARI DE PREINSCRIPCI\u00d3 PEL CURS 20-21 (<a href=\"https:\/\/drive.google.com\/open?id=1FfNjHPprOr-UJKVDljYWHysR5SNUO1OG\"><strong>LINK aqu\u00ed<\/strong><\/a>).<\/p>\n","protected":false},"excerpt":{"rendered":"<p>Benvolgudes fam\u00edlies,<\/p>\n<p>Consulteu <a href=\"https:\/\/drive.google.com\/open?id=11CX7FZ--alX1TFg2RJscaGN7FuhPEr6Y\">aqu\u00ed<\/a> l\u2019oferta de places vacants de l\u2019escola Can Salvi pel proper curs, publicada amb data 8 de maig.<br \/>\nLa preinscripci\u00f3 tindr\u00e0 lloc\u00a0del 13 al 22 de maig (ambd\u00f3s inclosos).<br \/>\nCom pots fer la teva preinscripci\u00f3, a partir de dimecres dia 13?:<br \/>\n1.- Realitzar la sol\u00b7licitud&hellip;  <a href=\"https:\/\/agora.xtec.cat\/ceipcansalvi\/general\/important-informacio-preinscripcio-curs-2020-21\/\" title=\"Read IMPORTANT!! INFORMACI\u00d3 PREINSCRIPCI\u00d3 CURS 2020-21\">Llegeix m\u00e9s\u00bb<\/a><\/p>\n","protected":false},"author":1,"featured_media":0,"comment_status":"open","ping_status":"closed","sticky":false,"template":"","format":"standard","meta":{"_bbp_topic_count":0,"_bbp_reply_count":0,"_bbp_total_topic_count":0,"_bbp_total_reply_count":0,"_bbp_voice_count":0,"_bbp_anonymous_reply_count":0,"_bbp_topic_count_hidden":0,"_bbp_reply_count_hidden":0,"_bbp_forum_subforum_count":0,"footnotes":""},"categories":[1,4],"tags":[],"class_list":["post-2170","post","type-post","status-publish","format-standard","hentry","category-general","category-portada"],"post_mailing_queue_ids":[],"_links":{"self":[{"href":"https:\/\/agora.xtec.cat\/ceipcansalvi\/wp-json\/wp\/v2\/posts\/2170","targetHints":{"allow":["GET"]}}],"collection":[{"href":"https:\/\/agora.xtec.cat\/ceipcansalvi\/wp-json\/wp\/v2\/posts"}],"about":[{"href":"https:\/\/agora.xtec.cat\/ceipcansalvi\/wp-json\/wp\/v2\/types\/post"}],"author":[{"embeddable":true,"href":"https:\/\/agora.xtec.cat\/ceipcansalvi\/wp-json\/wp\/v2\/users\/1"}],"replies":[{"embeddable":true,"href":"https:\/\/agora.xtec.cat\/ceipcansalvi\/wp-json\/wp\/v2\/comments?post=2170"}],"version-history":[{"count":3,"href":"https:\/\/agora.xtec.cat\/ceipcansalvi\/wp-json\/wp\/v2\/posts\/2170\/revisions"}],"predecessor-version":[{"id":2196,"href":"https:\/\/agora.xtec.cat\/ceipcansalvi\/wp-json\/wp\/v2\/posts\/2170\/revisions\/2196"}],"wp:attachment":[{"href":"https:\/\/agora.xtec.cat\/ceipcansalvi\/wp-json\/wp\/v2\/media?parent=2170"}],"wp:term":[{"taxonomy":"category","embeddable":true,"href":"https:\/\/agora.xtec.cat\/ceipcansalvi\/wp-json\/wp\/v2\/categories?post=2170"},{"taxonomy":"post_tag","embeddable":true,"href":"https:\/\/agora.xtec.cat\/ceipcansalvi\/wp-json\/wp\/v2\/tags?post=2170"}],"curies":[{"name":"wp","href":"https:\/\/api.w.org\/{rel}","templated":true}]}}