{"id":2006,"date":"2020-03-15T15:35:46","date_gmt":"2020-03-15T14:35:46","guid":{"rendered":"http:\/\/agora.xtec.cat\/ceipcansalvi\/?p=2006"},"modified":"2020-03-15T18:41:55","modified_gmt":"2020-03-15T17:41:55","slug":"portes-obertes-i-preinscripcio","status":"publish","type":"post","link":"https:\/\/agora.xtec.cat\/ceipcansalvi\/general\/portes-obertes-i-preinscripcio\/","title":{"rendered":"PORTES OBERTES I PREINSCRIPCI\u00d3"},"content":{"rendered":"<p>Benvolgudes fam\u00edlies,<\/p>\n<p>degut a la situaci\u00f3 per la que estem passant i pensant en les trucades preguntant sobre les portes obertes del nostre centre, hem pensat que seria convenient donar-vos alguna informaci\u00f3 mitjan\u00e7ant la nostra p\u00e0gina web ja que no podem oferir-vos la visita al centre, almenys ara per ara.<\/p>\n<p>Aqu\u00ed teniu un v\u00eddeo on s&#8217;explica el dia a dia en la nostra escola:<\/p>\n<p><iframe loading=\"lazy\" title=\"Escola Can Salvi\" width=\"500\" height=\"281\" src=\"https:\/\/www.youtube.com\/embed\/Q8pOuvGLuDA?start=3&#038;feature=oembed\" frameborder=\"0\" allow=\"accelerometer; autoplay; clipboard-write; encrypted-media; gyroscope; picture-in-picture; web-share\" referrerpolicy=\"strict-origin-when-cross-origin\" allowfullscreen><\/iframe><\/p>\n<p>a m\u00e9s adjuntem el llibret que vol\u00edem entregar a les fam\u00edlies:<\/p>\n<p><a href=\"https:\/\/drive.google.com\/file\/d\/1va_XDdAKwf9b9xKa6O6d_ITSSopTe5U5\/view?usp=sharing\">https:\/\/drive.google.com\/file\/d\/1va_XDdAKwf9b9xKa6O6d_ITSSopTe5U5\/view?usp=sharing<\/a><\/p>\n<p>i la nostra compte d&#8217;Instagram: <span class=\"atwho-query\">@<\/span>escolacansalvi<\/p>\n<p>Si us ha agradat i esteu interessats\/des en rebre m\u00e9s informaci\u00f3 de l&#8217;escola us podeu posar en contacte amb nosaltres emplenant aquest formulari:<\/p>\n<p><a href=\"https:\/\/docs.google.com\/forms\/d\/e\/1FAIpQLSdzfztz0v92CKrJvnACfmWFmLeDTtCno5fhPIuZRoBqqfq2Vw\/viewform?usp=sf_link\">https:\/\/forms.gle\/D4BW34fi7UZdFHCk9<\/a><\/p>\n<p>Esperem tornar-vos a veure ben aviat a l&#8217;escola. Salutacions.<\/p>\n<p>Escola Can Salvi<\/p>\n","protected":false},"excerpt":{"rendered":"<p>Benvolgudes fam\u00edlies,<br \/>\ndegut a la situaci\u00f3 per la que estem passant i pensant en les trucades preguntant sobre les portes obertes del nostre centre, hem pensat que seria convenient donar-vos alguna informaci\u00f3 mitjan\u00e7ant la nostra p\u00e0gina web ja que no podem oferir-vos la visita al centre,&hellip;  <a href=\"https:\/\/agora.xtec.cat\/ceipcansalvi\/general\/portes-obertes-i-preinscripcio\/\" title=\"Read PORTES OBERTES I PREINSCRIPCI\u00d3\">Llegeix m\u00e9s\u00bb<\/a><\/p>\n","protected":false},"author":1,"featured_media":0,"comment_status":"open","ping_status":"closed","sticky":false,"template":"","format":"standard","meta":{"_bbp_topic_count":0,"_bbp_reply_count":0,"_bbp_total_topic_count":0,"_bbp_total_reply_count":0,"_bbp_voice_count":0,"_bbp_anonymous_reply_count":0,"_bbp_topic_count_hidden":0,"_bbp_reply_count_hidden":0,"_bbp_forum_subforum_count":0,"footnotes":""},"categories":[1,4],"tags":[],"class_list":["post-2006","post","type-post","status-publish","format-standard","hentry","category-general","category-portada"],"post_mailing_queue_ids":[],"_links":{"self":[{"href":"https:\/\/agora.xtec.cat\/ceipcansalvi\/wp-json\/wp\/v2\/posts\/2006","targetHints":{"allow":["GET"]}}],"collection":[{"href":"https:\/\/agora.xtec.cat\/ceipcansalvi\/wp-json\/wp\/v2\/posts"}],"about":[{"href":"https:\/\/agora.xtec.cat\/ceipcansalvi\/wp-json\/wp\/v2\/types\/post"}],"author":[{"embeddable":true,"href":"https:\/\/agora.xtec.cat\/ceipcansalvi\/wp-json\/wp\/v2\/users\/1"}],"replies":[{"embeddable":true,"href":"https:\/\/agora.xtec.cat\/ceipcansalvi\/wp-json\/wp\/v2\/comments?post=2006"}],"version-history":[{"count":3,"href":"https:\/\/agora.xtec.cat\/ceipcansalvi\/wp-json\/wp\/v2\/posts\/2006\/revisions"}],"predecessor-version":[{"id":2011,"href":"https:\/\/agora.xtec.cat\/ceipcansalvi\/wp-json\/wp\/v2\/posts\/2006\/revisions\/2011"}],"wp:attachment":[{"href":"https:\/\/agora.xtec.cat\/ceipcansalvi\/wp-json\/wp\/v2\/media?parent=2006"}],"wp:term":[{"taxonomy":"category","embeddable":true,"href":"https:\/\/agora.xtec.cat\/ceipcansalvi\/wp-json\/wp\/v2\/categories?post=2006"},{"taxonomy":"post_tag","embeddable":true,"href":"https:\/\/agora.xtec.cat\/ceipcansalvi\/wp-json\/wp\/v2\/tags?post=2006"}],"curies":[{"name":"wp","href":"https:\/\/api.w.org\/{rel}","templated":true}]}}