{"id":2004,"date":"2020-03-12T16:29:43","date_gmt":"2020-03-12T15:29:43","guid":{"rendered":"http:\/\/agora.xtec.cat\/ceipcansalvi\/?p=2004"},"modified":"2020-03-12T16:29:43","modified_gmt":"2020-03-12T15:29:43","slug":"comunicat-tancament-de-centres-educatius","status":"publish","type":"post","link":"https:\/\/agora.xtec.cat\/ceipcansalvi\/general\/comunicat-tancament-de-centres-educatius\/","title":{"rendered":"COMUNICAT TANCAMENT DE CENTRES EDUCATIUS"},"content":{"rendered":"<p style=\"text-align: left;\">Benvolgudes fam\u00edlies,<br \/>\nEl Departament d\u2019Educaci\u00f3, seguint instruccions del Departament de Salut i com a<br \/>\nmesura excepcional per contenir el coronavirus, ha pres la decisi\u00f3 de tancar a<br \/>\npartir del dia 13 de mar\u00e7 i fins al proper dia 27 mar\u00e7, ambd\u00f3s inclosos, tots els<br \/>\ncentres educatius del pa\u00eds i, per tant, han quedat suspeses les classes en horari<br \/>\nlectiu i les activitats extraescolars.<br \/>\nSeguirem prestant atenci\u00f3 a les instruccions del Departament de Salut i a l\u2019evoluci\u00f3<br \/>\nde la situaci\u00f3.<br \/>\nUs recomanem que tingueu oberts canals de comunicaci\u00f3 fluids amb el personal del<br \/>\ncentre educatiu, per\u00f2 \u00e9s recomanable evitar aquells de tipus presencial.<br \/>\nTamb\u00e9 us recordem que cal que seguiu les indicacions, recomanacions i protocols<br \/>\nque estableix el Departament de Salut pel que fa a la prevenci\u00f3 del virus i que podeu<br \/>\nconsultar a http:\/\/canalsalut.gencat.cat\/coronavirus<br \/>\nEl Departament d\u2019Educaci\u00f3 far\u00e0 arribar a la direcci\u00f3 del centre les indicacions<br \/>\npertinents en relaci\u00f3 als dubtes que puguin sorgir.<br \/>\nUs agra\u00efm la vostra comprensi\u00f3 i col\u00b7laboraci\u00f3.<\/p>\n<h5><span style=\"color: #ff0000;\"><strong>Aix\u00ed mateix queden suspeses les Portes Obertes fins a nou av\u00eds.<\/strong><\/span><\/h5>\n<p>Per qualsevol dubte disposeu del correu electr\u00f2nic del centre: a8063758@xtec.cat<\/p>\n<p>Salutacions,<\/p>\n<p>Escola Can Salvi<\/p>\n<p>&nbsp;<\/p>\n","protected":false},"excerpt":{"rendered":"<p>Benvolgudes fam\u00edlies,<br \/>\nEl Departament d\u2019Educaci\u00f3, seguint instruccions del Departament de Salut i com a<br \/>\nmesura excepcional per contenir el coronavirus, ha pres la decisi\u00f3 de tancar a<br \/>\npartir del dia 13 de mar\u00e7 i fins al proper dia 27 mar\u00e7, ambd\u00f3s inclosos, tots els<br \/>\ncentres educatius del pa\u00eds i,&hellip;  <a href=\"https:\/\/agora.xtec.cat\/ceipcansalvi\/general\/comunicat-tancament-de-centres-educatius\/\" title=\"Read COMUNICAT TANCAMENT DE CENTRES EDUCATIUS\">Llegeix m\u00e9s\u00bb<\/a><\/p>\n","protected":false},"author":1,"featured_media":0,"comment_status":"open","ping_status":"closed","sticky":false,"template":"","format":"standard","meta":{"_bbp_topic_count":0,"_bbp_reply_count":0,"_bbp_total_topic_count":0,"_bbp_total_reply_count":0,"_bbp_voice_count":0,"_bbp_anonymous_reply_count":0,"_bbp_topic_count_hidden":0,"_bbp_reply_count_hidden":0,"_bbp_forum_subforum_count":0,"footnotes":""},"categories":[1,4],"tags":[],"class_list":["post-2004","post","type-post","status-publish","format-standard","hentry","category-general","category-portada"],"post_mailing_queue_ids":[],"_links":{"self":[{"href":"https:\/\/agora.xtec.cat\/ceipcansalvi\/wp-json\/wp\/v2\/posts\/2004","targetHints":{"allow":["GET"]}}],"collection":[{"href":"https:\/\/agora.xtec.cat\/ceipcansalvi\/wp-json\/wp\/v2\/posts"}],"about":[{"href":"https:\/\/agora.xtec.cat\/ceipcansalvi\/wp-json\/wp\/v2\/types\/post"}],"author":[{"embeddable":true,"href":"https:\/\/agora.xtec.cat\/ceipcansalvi\/wp-json\/wp\/v2\/users\/1"}],"replies":[{"embeddable":true,"href":"https:\/\/agora.xtec.cat\/ceipcansalvi\/wp-json\/wp\/v2\/comments?post=2004"}],"version-history":[{"count":1,"href":"https:\/\/agora.xtec.cat\/ceipcansalvi\/wp-json\/wp\/v2\/posts\/2004\/revisions"}],"predecessor-version":[{"id":2005,"href":"https:\/\/agora.xtec.cat\/ceipcansalvi\/wp-json\/wp\/v2\/posts\/2004\/revisions\/2005"}],"wp:attachment":[{"href":"https:\/\/agora.xtec.cat\/ceipcansalvi\/wp-json\/wp\/v2\/media?parent=2004"}],"wp:term":[{"taxonomy":"category","embeddable":true,"href":"https:\/\/agora.xtec.cat\/ceipcansalvi\/wp-json\/wp\/v2\/categories?post=2004"},{"taxonomy":"post_tag","embeddable":true,"href":"https:\/\/agora.xtec.cat\/ceipcansalvi\/wp-json\/wp\/v2\/tags?post=2004"}],"curies":[{"name":"wp","href":"https:\/\/api.w.org\/{rel}","templated":true}]}}