{"id":1999,"date":"2020-03-09T16:29:41","date_gmt":"2020-03-09T15:29:41","guid":{"rendered":"http:\/\/agora.xtec.cat\/ceipcansalvi\/?p=1999"},"modified":"2020-03-09T16:31:42","modified_gmt":"2020-03-09T15:31:42","slug":"comunicat-en-relacio-al-coronavirus","status":"publish","type":"post","link":"https:\/\/agora.xtec.cat\/ceipcansalvi\/general\/comunicat-en-relacio-al-coronavirus\/","title":{"rendered":"Comunicat en relaci\u00f3 al Coronavirus"},"content":{"rendered":"<div><iframe loading=\"lazy\" src=\"\/\/www.youtube.com\/embed\/PGli_Y9G9UU?feature=emb_title\" width=\"560\" height=\"314\"><\/iframe><\/div>\n<div><img loading=\"lazy\" decoding=\"async\" class=\"wp-image-2000 alignleft\" src=\"https:\/\/agora.xtec.cat\/ceipcansalvi\/wp-content\/uploads\/usu1749\/2020\/03\/coronavirus.jpg\" alt=\"\" width=\"450\" height=\"637\" srcset=\"https:\/\/agora.xtec.cat\/ceipcansalvi\/wp-content\/uploads\/usu1749\/2020\/03\/coronavirus.jpg 425w, https:\/\/agora.xtec.cat\/ceipcansalvi\/wp-content\/uploads\/usu1749\/2020\/03\/coronavirus-212x300.jpg 212w\" sizes=\"auto, (max-width: 450px) 100vw, 450px\" \/><\/div>\n<div><\/div>\n<div><\/div>\n<div><\/div>\n<div><\/div>\n<div><\/div>\n<div><\/div>\n<div><\/div>\n<div><\/div>\n<div><\/div>\n<div><\/div>\n<div><\/div>\n<div><\/div>\n<div><\/div>\n<div><\/div>\n<div><\/div>\n<div><\/div>\n<div><\/div>\n<div><\/div>\n<div><\/div>\n<div><\/div>\n<div><\/div>\n<div><\/div>\n<div><\/div>\n<div><\/div>\n<div><\/div>\n<div><\/div>\n<div><\/div>\n<div><\/div>\n<div><\/div>\n<div><\/div>\n<div><\/div>\n<div><\/div>\n<div><\/div>\n<div><\/div>\n<div><\/div>\n<div><\/div>\n<div><\/div>\n<div><\/div>\n<div><\/div>\n<div><\/div>\n<div><\/div>\n<div><\/div>\n<div><\/div>\n<div>Benvolgudes fam\u00edlies,<\/div>\n<div><\/div>\n<div><\/div>\n<div>Degut als casos de coronavirus a Barcelona, les escoles i instituts han de seguir el protocol que marca l\u2019Administraci\u00f3 per al coronavirus.<\/div>\n<div>El Departament d\u2019Educaci\u00f3 est\u00e0 en contacte permanent amb el Departament de Salut i l&#8217;Ag\u00e8ncia de Salut P\u00fablica per saber si s\u2019han d\u2019aplicar mesures noves.<\/div>\n<div><\/div>\n<div>En aquests moments \u00e9s important actuar des de la serenitat i prud\u00e8ncia, sabent distingir entre els rumors i la informaci\u00f3 vera\u00e7.<\/div>\n<div><\/div>\n<div>Detallem a continuaci\u00f3 un seguit de mesures preventives elaborades pel Departament de Salut:<\/div>\n<div>\n<p dir=\"ltr\">\u2022 Rentar-se les mans. Es recomana extremar la higiene de les mans, amb aigua i\u00a0sab\u00f3 o amb solucions alcoh\u00f2liques.<\/p>\n<p dir=\"ltr\">\u2022 Evitar tocar-se els ulls, el nas i la boca amb les mans brutes.<\/p>\n<p dir=\"ltr\">\u2022 Tapar-se la boca i el nas a l&#8217;hora de tossir i esternudar. Cal utilitzar un mocador<\/p>\n<p dir=\"ltr\">d&#8217;un sol \u00fas o b\u00e9 la cara interna del colze. Tot seguit, rentar-se les mans.<\/p>\n<p dir=\"ltr\">\u2022 Evitar el contacte estret amb persones amb signes de problemes respiratoris (tos\u00a0o esternuts).<\/p>\n<p dir=\"ltr\">\u2022 No compartir menjar ni estris, com ara coberts, gots o tovallons, sense netejar-los\u00a0degudament.<\/p>\n<p dir=\"ltr\">Les escoles hauran de trucar al 061 si una persona presenta una infecci\u00f3 respirat\u00f2ria i ha viatjat als pa\u00efsos de risc o ha estat en contacte amb una persona infectada.<\/p>\n<p dir=\"ltr\">Per a m\u00e9s informaci\u00f3 sobre el coronavirus, podeu consultar els enlla\u00e7os de Canal de Salut: <a href=\"http:\/\/canalsalut.gencat.cat\/coronavirus\" target=\"_blank\" rel=\"noopener noreferrer\" data-saferedirecturl=\"https:\/\/www.google.com\/url?q=http:\/\/canalsalut.gencat.cat\/coronavirus&amp;source=gmail&amp;ust=1583845753560000&amp;usg=AFQjCNEIQwKOiNGs6Kau8JqHnpkT6yunKg\">canalsalut.gencat.cat\/<wbr \/>coronavirus<\/a>.<\/p>\n<\/div>\n","protected":false},"excerpt":{"rendered":"<p>Benvolgudes fam\u00edlies,<\/p>\n<p>Degut als casos de coronavirus a Barcelona, les escoles i instituts han de seguir el protocol que marca l\u2019Administraci\u00f3 per al coronavirus.<br \/>\nEl Departament d\u2019Educaci\u00f3 est\u00e0 en contacte permanent amb el Departament de Salut i l&#8217;Ag\u00e8ncia de Salut P\u00fablica per saber si s\u2019han d\u2019aplicar mesures&hellip;  <a href=\"https:\/\/agora.xtec.cat\/ceipcansalvi\/general\/comunicat-en-relacio-al-coronavirus\/\" title=\"Read Comunicat en relaci\u00f3 al Coronavirus\">Llegeix m\u00e9s\u00bb<\/a><\/p>\n","protected":false},"author":1,"featured_media":0,"comment_status":"open","ping_status":"closed","sticky":false,"template":"","format":"standard","meta":{"_bbp_topic_count":0,"_bbp_reply_count":0,"_bbp_total_topic_count":0,"_bbp_total_reply_count":0,"_bbp_voice_count":0,"_bbp_anonymous_reply_count":0,"_bbp_topic_count_hidden":0,"_bbp_reply_count_hidden":0,"_bbp_forum_subforum_count":0,"footnotes":""},"categories":[1,4],"tags":[],"class_list":["post-1999","post","type-post","status-publish","format-standard","hentry","category-general","category-portada"],"post_mailing_queue_ids":[],"_links":{"self":[{"href":"https:\/\/agora.xtec.cat\/ceipcansalvi\/wp-json\/wp\/v2\/posts\/1999","targetHints":{"allow":["GET"]}}],"collection":[{"href":"https:\/\/agora.xtec.cat\/ceipcansalvi\/wp-json\/wp\/v2\/posts"}],"about":[{"href":"https:\/\/agora.xtec.cat\/ceipcansalvi\/wp-json\/wp\/v2\/types\/post"}],"author":[{"embeddable":true,"href":"https:\/\/agora.xtec.cat\/ceipcansalvi\/wp-json\/wp\/v2\/users\/1"}],"replies":[{"embeddable":true,"href":"https:\/\/agora.xtec.cat\/ceipcansalvi\/wp-json\/wp\/v2\/comments?post=1999"}],"version-history":[{"count":3,"href":"https:\/\/agora.xtec.cat\/ceipcansalvi\/wp-json\/wp\/v2\/posts\/1999\/revisions"}],"predecessor-version":[{"id":2003,"href":"https:\/\/agora.xtec.cat\/ceipcansalvi\/wp-json\/wp\/v2\/posts\/1999\/revisions\/2003"}],"wp:attachment":[{"href":"https:\/\/agora.xtec.cat\/ceipcansalvi\/wp-json\/wp\/v2\/media?parent=1999"}],"wp:term":[{"taxonomy":"category","embeddable":true,"href":"https:\/\/agora.xtec.cat\/ceipcansalvi\/wp-json\/wp\/v2\/categories?post=1999"},{"taxonomy":"post_tag","embeddable":true,"href":"https:\/\/agora.xtec.cat\/ceipcansalvi\/wp-json\/wp\/v2\/tags?post=1999"}],"curies":[{"name":"wp","href":"https:\/\/api.w.org\/{rel}","templated":true}]}}