{"id":1804,"date":"2019-10-17T12:48:17","date_gmt":"2019-10-17T10:48:17","guid":{"rendered":"http:\/\/agora.xtec.cat\/ceipcansalvi\/?p=1804"},"modified":"2019-10-17T12:49:01","modified_gmt":"2019-10-17T10:49:01","slug":"jornada-de-vaga-general-en-lambit-de-catalunya","status":"publish","type":"post","link":"https:\/\/agora.xtec.cat\/ceipcansalvi\/general\/jornada-de-vaga-general-en-lambit-de-catalunya\/","title":{"rendered":"JORNADA DE VAGA GENERAL EN L&#8217;\u00c0MBIT DE CATALUNYA"},"content":{"rendered":"<p>El proper divendres 18 d&#8217;octubre hi ha convocada una jornada de VAGA GENERAL en l&#8217;\u00e0mbit de Catalunya per les organitzacions sindicals CSC (I-CSC) i Intersindical Alternativa de Catalunya (IAC).<\/p>\n<p>Davant d&#8217;aquesta situaci\u00f3 us adrecem aquesta nota informativa, ja que segons la normativa vigent el centre ha de romandre obert per atendre l&#8217;alumnat que vulgui assistir-hi i garantir els serveis m\u00ednims.<\/p>\n<p>Pel que fa als serveis m\u00ednims, el que s&#8217;estableix a l&#8217;Ordre del Departament de treball, Afers socials i Fam\u00edlies en la seva p\u00e0gina web s\u00f3n els seg\u00fcents:<\/p>\n<p>Una persona de l&#8217;equip directiu per centre de trebal i un docent per cada 6 alumnes.<\/p>\n<p>Els serveis m\u00ednims de menjador seran d&#8217;un ter\u00e7 del personal.<\/p>\n<p>&nbsp;<\/p>\n<p>Atentament,<\/p>\n<p>La direcci\u00f3 del Centre.<\/p>\n","protected":false},"excerpt":{"rendered":"<p>El proper divendres 18 d&#8217;octubre hi ha convocada una jornada de VAGA GENERAL en l&#8217;\u00e0mbit de Catalunya per les organitzacions sindicals CSC (I-CSC) i Intersindical Alternativa de Catalunya (IAC).<br \/>\nDavant d&#8217;aquesta situaci\u00f3 us adrecem aquesta nota informativa, ja que segons la normativa vigent el centre ha&hellip;  <a href=\"https:\/\/agora.xtec.cat\/ceipcansalvi\/general\/jornada-de-vaga-general-en-lambit-de-catalunya\/\" title=\"Read JORNADA DE VAGA GENERAL EN L&#8217;\u00c0MBIT DE CATALUNYA\">Llegeix m\u00e9s\u00bb<\/a><\/p>\n","protected":false},"author":1,"featured_media":0,"comment_status":"open","ping_status":"closed","sticky":false,"template":"","format":"standard","meta":{"_bbp_topic_count":0,"_bbp_reply_count":0,"_bbp_total_topic_count":0,"_bbp_total_reply_count":0,"_bbp_voice_count":0,"_bbp_anonymous_reply_count":0,"_bbp_topic_count_hidden":0,"_bbp_reply_count_hidden":0,"_bbp_forum_subforum_count":0,"footnotes":""},"categories":[1,4],"tags":[],"class_list":["post-1804","post","type-post","status-publish","format-standard","hentry","category-general","category-portada"],"post_mailing_queue_ids":[],"_links":{"self":[{"href":"https:\/\/agora.xtec.cat\/ceipcansalvi\/wp-json\/wp\/v2\/posts\/1804","targetHints":{"allow":["GET"]}}],"collection":[{"href":"https:\/\/agora.xtec.cat\/ceipcansalvi\/wp-json\/wp\/v2\/posts"}],"about":[{"href":"https:\/\/agora.xtec.cat\/ceipcansalvi\/wp-json\/wp\/v2\/types\/post"}],"author":[{"embeddable":true,"href":"https:\/\/agora.xtec.cat\/ceipcansalvi\/wp-json\/wp\/v2\/users\/1"}],"replies":[{"embeddable":true,"href":"https:\/\/agora.xtec.cat\/ceipcansalvi\/wp-json\/wp\/v2\/comments?post=1804"}],"version-history":[{"count":1,"href":"https:\/\/agora.xtec.cat\/ceipcansalvi\/wp-json\/wp\/v2\/posts\/1804\/revisions"}],"predecessor-version":[{"id":1805,"href":"https:\/\/agora.xtec.cat\/ceipcansalvi\/wp-json\/wp\/v2\/posts\/1804\/revisions\/1805"}],"wp:attachment":[{"href":"https:\/\/agora.xtec.cat\/ceipcansalvi\/wp-json\/wp\/v2\/media?parent=1804"}],"wp:term":[{"taxonomy":"category","embeddable":true,"href":"https:\/\/agora.xtec.cat\/ceipcansalvi\/wp-json\/wp\/v2\/categories?post=1804"},{"taxonomy":"post_tag","embeddable":true,"href":"https:\/\/agora.xtec.cat\/ceipcansalvi\/wp-json\/wp\/v2\/tags?post=1804"}],"curies":[{"name":"wp","href":"https:\/\/api.w.org\/{rel}","templated":true}]}}