{"id":1776,"date":"2019-06-13T14:00:46","date_gmt":"2019-06-13T12:00:46","guid":{"rendered":"http:\/\/agora.xtec.cat\/ceipcansalvi\/?p=1776"},"modified":"2019-06-13T14:00:46","modified_gmt":"2019-06-13T12:00:46","slug":"aquest-dissabte-veniu-a-pintar-els-patis-de-lescola","status":"publish","type":"post","link":"https:\/\/agora.xtec.cat\/ceipcansalvi\/general\/aquest-dissabte-veniu-a-pintar-els-patis-de-lescola\/","title":{"rendered":"Aquest dissabte veniu a pintar els patis de l&#8217;escola!"},"content":{"rendered":"<p><img loading=\"lazy\" decoding=\"async\" class=\"alignnone  wp-image-1777\" src=\"https:\/\/agora.xtec.cat\/ceipcansalvi\/wp-content\/uploads\/usu1749\/2019\/06\/pintura-paret.jpg\" alt=\"\" width=\"663\" height=\"343\" srcset=\"https:\/\/agora.xtec.cat\/ceipcansalvi\/wp-content\/uploads\/usu1749\/2019\/06\/pintura-paret.jpg 497w, https:\/\/agora.xtec.cat\/ceipcansalvi\/wp-content\/uploads\/usu1749\/2019\/06\/pintura-paret-300x155.jpg 300w\" sizes=\"auto, (max-width: 663px) 100vw, 663px\" \/><\/p>\n<p>Benvolgudes fam\u00edlies,<\/p>\n<p>Us animem a venir aquest dissabte 15 de juny a pintar els patis de l&#8217;escola.<\/p>\n<p>Quedarem a les 10 del mat\u00ed. Recomanem que porteu roba que es pugui tacar i anar protegits amb gorra per si fa massa sol, aix\u00ed com portar pinzells, rodets i altres estris que puguin anar b\u00e9 per pintar les parets.<\/p>\n<p>Moltes gr\u00e0cies!<\/p>\n","protected":false},"excerpt":{"rendered":"<p>Benvolgudes fam\u00edlies,<br \/>\nUs animem a venir aquest dissabte 15 de juny a pintar els patis de l&#8217;escola.<br \/>\nQuedarem a les 10 del mat\u00ed. Recomanem que porteu roba que es pugui tacar i anar protegits amb gorra per si fa massa sol, aix\u00ed com portar pinzells, rodets i&hellip;  <a href=\"https:\/\/agora.xtec.cat\/ceipcansalvi\/general\/aquest-dissabte-veniu-a-pintar-els-patis-de-lescola\/\" title=\"Read Aquest dissabte veniu a pintar els patis de l&#8217;escola!\">Llegeix m\u00e9s\u00bb<\/a><\/p>\n","protected":false},"author":1,"featured_media":0,"comment_status":"open","ping_status":"closed","sticky":false,"template":"","format":"standard","meta":{"_bbp_topic_count":0,"_bbp_reply_count":0,"_bbp_total_topic_count":0,"_bbp_total_reply_count":0,"_bbp_voice_count":0,"_bbp_anonymous_reply_count":0,"_bbp_topic_count_hidden":0,"_bbp_reply_count_hidden":0,"_bbp_forum_subforum_count":0,"footnotes":""},"categories":[1,4],"tags":[],"class_list":["post-1776","post","type-post","status-publish","format-standard","hentry","category-general","category-portada"],"post_mailing_queue_ids":[],"_links":{"self":[{"href":"https:\/\/agora.xtec.cat\/ceipcansalvi\/wp-json\/wp\/v2\/posts\/1776","targetHints":{"allow":["GET"]}}],"collection":[{"href":"https:\/\/agora.xtec.cat\/ceipcansalvi\/wp-json\/wp\/v2\/posts"}],"about":[{"href":"https:\/\/agora.xtec.cat\/ceipcansalvi\/wp-json\/wp\/v2\/types\/post"}],"author":[{"embeddable":true,"href":"https:\/\/agora.xtec.cat\/ceipcansalvi\/wp-json\/wp\/v2\/users\/1"}],"replies":[{"embeddable":true,"href":"https:\/\/agora.xtec.cat\/ceipcansalvi\/wp-json\/wp\/v2\/comments?post=1776"}],"version-history":[{"count":1,"href":"https:\/\/agora.xtec.cat\/ceipcansalvi\/wp-json\/wp\/v2\/posts\/1776\/revisions"}],"predecessor-version":[{"id":1778,"href":"https:\/\/agora.xtec.cat\/ceipcansalvi\/wp-json\/wp\/v2\/posts\/1776\/revisions\/1778"}],"wp:attachment":[{"href":"https:\/\/agora.xtec.cat\/ceipcansalvi\/wp-json\/wp\/v2\/media?parent=1776"}],"wp:term":[{"taxonomy":"category","embeddable":true,"href":"https:\/\/agora.xtec.cat\/ceipcansalvi\/wp-json\/wp\/v2\/categories?post=1776"},{"taxonomy":"post_tag","embeddable":true,"href":"https:\/\/agora.xtec.cat\/ceipcansalvi\/wp-json\/wp\/v2\/tags?post=1776"}],"curies":[{"name":"wp","href":"https:\/\/api.w.org\/{rel}","templated":true}]}}