{"id":1697,"date":"2019-04-03T16:06:19","date_gmt":"2019-04-03T14:06:19","guid":{"rendered":"http:\/\/agora.xtec.cat\/ceipcansalvi\/?p=1697"},"modified":"2019-04-29T16:08:43","modified_gmt":"2019-04-29T14:08:43","slug":"visitem-lajuntament","status":"publish","type":"post","link":"https:\/\/agora.xtec.cat\/ceipcansalvi\/portada\/visitem-lajuntament\/","title":{"rendered":"Visitem l\u2019ajuntament"},"content":{"rendered":"<p>Els nens i nenes de 4t de prim\u00e0ria fan una visita a l\u2019ajuntament del poble per preguntar l\u2019alcalde qu\u00e8 poden fer per millorar-lo. D\u2019aquesta manera, treballem el pensament cr\u00edtic i social dels alumnes, com a ciutadans i ciutadanes responsables i participatius. La democr\u00e0cia s\u2019apr\u00e8n no amb discursos, sin\u00f3 amb la pr\u00e0ctica real des de l\u2019escola.<\/p>\n<p>Aqu\u00ed teniu el v\u00eddeo resum de la trobada amb l\u2019alcalde de Sant Andreu de la Barca:<\/p>\n<p><a style=\"font-family: inherit; font-size: 1em;\" href=\"http:\/\/santandreutv.com\/satv\/lajuntament-de-sant-andreu-de-la-barca-renova-els-21-regidors-durant-la-visita-dalumnes-de-can-salvi\/\">L\u2019ajuntament de Sant Andreu de la Barca \u201crenova\u201d els 21 regidors durant la visita d\u2019alumnes de Can Salvi<\/a><\/p>\n","protected":false},"excerpt":{"rendered":"<p>Els nens i nenes de 4t de prim\u00e0ria fan una visita a l\u2019ajuntament del poble per preguntar l\u2019alcalde qu\u00e8 poden fer per millorar-lo. D\u2019aquesta manera, treballem el pensament cr\u00edtic i social dels alumnes, com a ciutadans i ciutadanes responsables i participatius. La democr\u00e0cia s\u2019apr\u00e8n no&hellip;  <a href=\"https:\/\/agora.xtec.cat\/ceipcansalvi\/portada\/visitem-lajuntament\/\" title=\"Read Visitem l\u2019ajuntament\">Llegeix m\u00e9s\u00bb<\/a><\/p>\n","protected":false},"author":1,"featured_media":0,"comment_status":"open","ping_status":"closed","sticky":false,"template":"","format":"standard","meta":{"_bbp_topic_count":0,"_bbp_reply_count":0,"_bbp_total_topic_count":0,"_bbp_total_reply_count":0,"_bbp_voice_count":0,"_bbp_anonymous_reply_count":0,"_bbp_topic_count_hidden":0,"_bbp_reply_count_hidden":0,"_bbp_forum_subforum_count":0,"footnotes":""},"categories":[4],"tags":[],"class_list":["post-1697","post","type-post","status-publish","format-standard","hentry","category-portada"],"post_mailing_queue_ids":[],"_links":{"self":[{"href":"https:\/\/agora.xtec.cat\/ceipcansalvi\/wp-json\/wp\/v2\/posts\/1697","targetHints":{"allow":["GET"]}}],"collection":[{"href":"https:\/\/agora.xtec.cat\/ceipcansalvi\/wp-json\/wp\/v2\/posts"}],"about":[{"href":"https:\/\/agora.xtec.cat\/ceipcansalvi\/wp-json\/wp\/v2\/types\/post"}],"author":[{"embeddable":true,"href":"https:\/\/agora.xtec.cat\/ceipcansalvi\/wp-json\/wp\/v2\/users\/1"}],"replies":[{"embeddable":true,"href":"https:\/\/agora.xtec.cat\/ceipcansalvi\/wp-json\/wp\/v2\/comments?post=1697"}],"version-history":[{"count":1,"href":"https:\/\/agora.xtec.cat\/ceipcansalvi\/wp-json\/wp\/v2\/posts\/1697\/revisions"}],"predecessor-version":[{"id":1698,"href":"https:\/\/agora.xtec.cat\/ceipcansalvi\/wp-json\/wp\/v2\/posts\/1697\/revisions\/1698"}],"wp:attachment":[{"href":"https:\/\/agora.xtec.cat\/ceipcansalvi\/wp-json\/wp\/v2\/media?parent=1697"}],"wp:term":[{"taxonomy":"category","embeddable":true,"href":"https:\/\/agora.xtec.cat\/ceipcansalvi\/wp-json\/wp\/v2\/categories?post=1697"},{"taxonomy":"post_tag","embeddable":true,"href":"https:\/\/agora.xtec.cat\/ceipcansalvi\/wp-json\/wp\/v2\/tags?post=1697"}],"curies":[{"name":"wp","href":"https:\/\/api.w.org\/{rel}","templated":true}]}}