{"id":1673,"date":"2019-03-18T16:13:32","date_gmt":"2019-03-18T15:13:32","guid":{"rendered":"http:\/\/agora.xtec.cat\/ceipcansalvi\/?p=1673"},"modified":"2019-03-18T16:31:34","modified_gmt":"2019-03-18T15:31:34","slug":"aquest-dimecres-a-les-17h-portes-obertes","status":"publish","type":"post","link":"https:\/\/agora.xtec.cat\/ceipcansalvi\/general\/aquest-dimecres-a-les-17h-portes-obertes\/","title":{"rendered":"Aquest dimecres a les 17h, portes obertes!"},"content":{"rendered":"<p><img loading=\"lazy\" decoding=\"async\" class=\"aligncenter\" src=\"https:\/\/agora.xtec.cat\/ceipcansalvi\/wp-content\/uploads\/usu1749\/2019\/03\/1.png\" width=\"397\" height=\"154\" \/><\/p>\n<p><strong>IMPORTANT PER A LA PREINSCRIPCI\u00d3:<\/strong><\/p>\n<p>\u00c9s obligatori especificar <strong><u>l&#8217;adre\u00e7a electr\u00f2nica<\/u><\/strong> per poder rebre el missatge amb el codi de la sol\u00b7licitud de preinscripci\u00f3.<\/p>\n<p>Tamb\u00e9 cal <strong><u>marcar en la sol\u00b7licitud el tutor o tutora<\/u><\/strong> que <strong><u>consultar\u00e0 per Internet<\/u><\/strong> els resultats de la preinscripci\u00f3 (puntuaci\u00f3 provisional, puntuaci\u00f3 un cop resoltes les reclamacions, ordre definitiu i pla\u00e7a assignada).<\/p>\n<p>Es pot accedir a aquestes consultes amb el <strong><u>codi de sol\u00b7licitud i el n\u00famero del DNI<\/u><\/strong>, NIE o passaport del tutor o tutora que s&#8217;ha especificat que far\u00e0 la consulta.<\/p>\n<p><strong>\u00a0<\/strong><\/p>\n<p><strong>Sol\u00b7licituds tramitades per INTERNET:<\/strong><\/p>\n<p><strong>Perqu\u00e8 el tr\u00e0mit tingui efecte, cal\u00a0imprimir,\u00a0signar\u00a0i\u00a0presentar el comprovant\u00a0(en paper) acompanyat de\u00a0la\u00a0documentaci\u00f3 al\u00a0centre\u00a0demanat en primer lloc dins el termini previst<\/strong>.<strong> 29 de mar\u00e7 al 9 d&#8217;abril\u00a0de 2019.<\/strong><\/p>\n<table style=\"height: 999px;\" width=\"940\">\n<tbody>\n<tr>\n<td style=\"width: 430px;\">Oferta inicial de places escolars:<\/td>\n<td style=\"width: 502px;\">27 de mar\u00e7 de 2019<\/td>\n<\/tr>\n<tr>\n<td style=\"width: 430px;\"><strong>Presentaci\u00f3 de sol\u00b7licituds:<\/strong><\/td>\n<td style=\"width: 502px;\"><strong>29 de mar\u00e7 al 9 d&#8217;abril\u00a0de 2019<\/strong><\/td>\n<\/tr>\n<tr>\n<td style=\"width: 430px;\">Presentaci\u00f3 de documentaci\u00f3<\/td>\n<td style=\"width: 502px;\">fins al 10 d&#8217;abril de 2019<\/td>\n<\/tr>\n<tr>\n<td style=\"width: 430px;\">Llista de sol\u00b7licituds amb la puntuaci\u00f3 provisional<\/td>\n<td style=\"width: 502px;\">26 d&#8217;abril de 2019<\/td>\n<\/tr>\n<tr>\n<td style=\"width: 430px;\">Presentaci\u00f3 de reclamacions<\/td>\n<td style=\"width: 502px;\">del 29 d&#8217;abril al 3 de maig de 2019<\/td>\n<\/tr>\n<tr>\n<td style=\"width: 430px;\">Llista de sol\u00b7licituds amb la puntuaci\u00f3 un cop resoltes les reclamacions<\/td>\n<td style=\"width: 502px;\">8 de maig de 2019<\/td>\n<\/tr>\n<tr>\n<td style=\"width: 430px;\"><strong>Sorteig del n\u00famero de desempat<\/strong><\/p>\n<p><strong>(Departament d&#8217;Educaci\u00f3 , Via Augusta, 202, Barcelona)<\/strong><\/td>\n<td style=\"width: 502px;\"><strong>9 de maig de 2019,<\/strong><\/p>\n<p><strong>a partir de les 11 h<\/strong><\/td>\n<\/tr>\n<tr>\n<td style=\"width: 430px;\"><strong><u>Llista ordenada definitiva:<\/u><\/strong><\/td>\n<td style=\"width: 502px;\"><strong><u>14 de maig de 2019<\/u><\/strong><\/td>\n<\/tr>\n<tr>\n<td style=\"width: 430px;\">Ampliaci\u00f3 de petici\u00f3 de centres per a les sol\u00b7licituds que no han obtingut cap assignaci\u00f3 (assignaci\u00f3 d&#8217;ofici):<\/td>\n<td style=\"width: 502px;\">30 de maig al 3 de juny de 2019<\/td>\n<\/tr>\n<tr>\n<td style=\"width: 430px;\">Oferta final de places escolars:<\/td>\n<td style=\"width: 502px;\">11 de juny de 2019<\/td>\n<\/tr>\n<tr>\n<td style=\"width: 430px;\"><strong>Llista d&#8217;alumnes admesos i llista d&#8217;espera<\/strong><\/td>\n<td style=\"width: 502px;\"><strong>12 de juny\u00a0de 2019<\/strong><\/td>\n<\/tr>\n<tr>\n<td style=\"width: 430px;\"><strong>Llista ordenada definitiva<\/strong><\/td>\n<td style=\"width: 502px;\"><strong>14 de maig de 2019<\/strong><\/td>\n<\/tr>\n<tr>\n<td style=\"width: 430px;\">Ampliaci\u00f3 de petici\u00f3 de centres per a les sol\u00b7licituds que no han obtingut cap assignaci\u00f3 (assignaci\u00f3 d&#8217;ofici)<\/td>\n<td style=\"width: 502px;\">30 de maig al 3 de juny de 2019<\/p>\n<p>&nbsp;<\/td>\n<\/tr>\n<tr>\n<td style=\"width: 430px;\">Oferta final de places escolars:<\/td>\n<td style=\"width: 502px;\">11 de juny de 2019<\/td>\n<\/tr>\n<tr>\n<td style=\"width: 430px;\"><strong>Llista d&#8217;alumnes admesos i\u00a0llista d&#8217;espera<\/strong><\/td>\n<td style=\"width: 502px;\"><strong>12 de juny\u00a0de 2019<\/strong><\/td>\n<\/tr>\n<tr>\n<td style=\"width: 430px;\"><strong>Matr\u00edcula<\/strong><\/td>\n<td style=\"width: 502px;\"><strong>20 al 26 de juny de 2019<\/strong><\/td>\n<\/tr>\n<\/tbody>\n<\/table>\n<p>&nbsp;<\/p>\n<p>Ja podeu fer la preinscripci\u00f3 descarregant-vos<a href=\"http:\/\/ensenyament.gencat.cat\/web\/shared\/OVT\/Departaments\/ENS\/TramitOVT\/preinscripcio\/obligatoris\/A42.pdf\"> aquest document.<\/a><\/p>\n","protected":false},"excerpt":{"rendered":"<p>IMPORTANT PER A LA PREINSCRIPCI\u00d3:<br \/>\n\u00c9s obligatori especificar l&#8217;adre\u00e7a electr\u00f2nica per poder rebre el missatge amb el codi de la sol\u00b7licitud de preinscripci\u00f3.<br \/>\nTamb\u00e9 cal marcar en la sol\u00b7licitud el tutor o tutora que consultar\u00e0 per Internet els resultats de la preinscripci\u00f3 (puntuaci\u00f3 provisional, puntuaci\u00f3 un cop&hellip;  <a href=\"https:\/\/agora.xtec.cat\/ceipcansalvi\/general\/aquest-dimecres-a-les-17h-portes-obertes\/\" title=\"Read Aquest dimecres a les 17h, portes obertes!\">Llegeix m\u00e9s\u00bb<\/a><\/p>\n","protected":false},"author":1,"featured_media":1675,"comment_status":"open","ping_status":"closed","sticky":false,"template":"","format":"standard","meta":{"_bbp_topic_count":0,"_bbp_reply_count":0,"_bbp_total_topic_count":0,"_bbp_total_reply_count":0,"_bbp_voice_count":0,"_bbp_anonymous_reply_count":0,"_bbp_topic_count_hidden":0,"_bbp_reply_count_hidden":0,"_bbp_forum_subforum_count":0,"footnotes":""},"categories":[1,4],"tags":[],"class_list":["post-1673","post","type-post","status-publish","format-standard","has-post-thumbnail","hentry","category-general","category-portada"],"post_mailing_queue_ids":[],"_links":{"self":[{"href":"https:\/\/agora.xtec.cat\/ceipcansalvi\/wp-json\/wp\/v2\/posts\/1673","targetHints":{"allow":["GET"]}}],"collection":[{"href":"https:\/\/agora.xtec.cat\/ceipcansalvi\/wp-json\/wp\/v2\/posts"}],"about":[{"href":"https:\/\/agora.xtec.cat\/ceipcansalvi\/wp-json\/wp\/v2\/types\/post"}],"author":[{"embeddable":true,"href":"https:\/\/agora.xtec.cat\/ceipcansalvi\/wp-json\/wp\/v2\/users\/1"}],"replies":[{"embeddable":true,"href":"https:\/\/agora.xtec.cat\/ceipcansalvi\/wp-json\/wp\/v2\/comments?post=1673"}],"version-history":[{"count":3,"href":"https:\/\/agora.xtec.cat\/ceipcansalvi\/wp-json\/wp\/v2\/posts\/1673\/revisions"}],"predecessor-version":[{"id":1680,"href":"https:\/\/agora.xtec.cat\/ceipcansalvi\/wp-json\/wp\/v2\/posts\/1673\/revisions\/1680"}],"wp:featuredmedia":[{"embeddable":true,"href":"https:\/\/agora.xtec.cat\/ceipcansalvi\/wp-json\/wp\/v2\/media\/1675"}],"wp:attachment":[{"href":"https:\/\/agora.xtec.cat\/ceipcansalvi\/wp-json\/wp\/v2\/media?parent=1673"}],"wp:term":[{"taxonomy":"category","embeddable":true,"href":"https:\/\/agora.xtec.cat\/ceipcansalvi\/wp-json\/wp\/v2\/categories?post=1673"},{"taxonomy":"post_tag","embeddable":true,"href":"https:\/\/agora.xtec.cat\/ceipcansalvi\/wp-json\/wp\/v2\/tags?post=1673"}],"curies":[{"name":"wp","href":"https:\/\/api.w.org\/{rel}","templated":true}]}}