{"id":1664,"date":"2019-03-07T12:29:54","date_gmt":"2019-03-07T11:29:54","guid":{"rendered":"http:\/\/agora.xtec.cat\/ceipcansalvi\/?p=1664"},"modified":"2019-03-07T12:29:54","modified_gmt":"2019-03-07T11:29:54","slug":"visita-del-seprona","status":"publish","type":"post","link":"https:\/\/agora.xtec.cat\/ceipcansalvi\/portada\/visita-del-seprona\/","title":{"rendered":"Visita del SEPRONA"},"content":{"rendered":"<p>Els alumnes de 4t A i B estem treballant\u00a0 els ecosistemes.<\/p>\n<p>A nosaltres ens preocupa la \u00a0cura del medi ambient : perills i accions per la seva protecci\u00f3.<\/p>\n<p>Hem convidat als professionals del \u00a0SEPRONA (Servei de Protecci\u00f3 a la Natura) \u00a0a fer nos una xerrada\u00a0 sobre aquest tema.<\/p>\n<p>Ens han parlat de:<\/p>\n<ul>\n<li>Ecosistemes aqu\u00e0tics i terrestres: perills i com protegir-los.<\/li>\n<\/ul>\n<ul>\n<li>\u00a0Accions per cuidar el medi ambient. (reciclatge de l&#8217;oli).<\/li>\n<li>Instruments que utilitzen\u00a0 per la retirada d&#8217;animals perillosos ( pin\u00e7a per recollir serps i lla\u00e7 per animals m\u00e9s\u00a0 grans).<\/li>\n<li>Han portar una tortuga i una perdiu per ensenyar-la .<\/li>\n<li>Han fet preguntes sobre l&#8217;exposici\u00f3 als \u00a0 i podem cuidar del medi \u00a0com ecopatrulles..<\/li>\n<\/ul>\n<p>Hem apr\u00e8s que \u201c Cuidar del m\u00f3n est\u00e0 a les nostres mans\u201d.<\/p>\n<p><img loading=\"lazy\" decoding=\"async\" class=\"alignnone size-large wp-image-1666\" src=\"https:\/\/agora.xtec.cat\/ceipcansalvi\/wp-content\/uploads\/usu1749\/2019\/03\/IMG-20190306-WA0000-1024x768.jpg\" alt=\"\" width=\"1024\" height=\"768\" srcset=\"https:\/\/agora.xtec.cat\/ceipcansalvi\/wp-content\/uploads\/usu1749\/2019\/03\/IMG-20190306-WA0000-1024x768.jpg 1024w, https:\/\/agora.xtec.cat\/ceipcansalvi\/wp-content\/uploads\/usu1749\/2019\/03\/IMG-20190306-WA0000-300x225.jpg 300w, https:\/\/agora.xtec.cat\/ceipcansalvi\/wp-content\/uploads\/usu1749\/2019\/03\/IMG-20190306-WA0000-768x576.jpg 768w, https:\/\/agora.xtec.cat\/ceipcansalvi\/wp-content\/uploads\/usu1749\/2019\/03\/IMG-20190306-WA0000-200x150.jpg 200w, https:\/\/agora.xtec.cat\/ceipcansalvi\/wp-content\/uploads\/usu1749\/2019\/03\/IMG-20190306-WA0000.jpg 1600w\" sizes=\"auto, (max-width: 1024px) 100vw, 1024px\" \/><\/p>\n<p>&nbsp;<\/p>\n<p>&nbsp;<\/p>\n","protected":false},"excerpt":{"rendered":"<p>Els alumnes de 4t A i B estem treballant\u00a0 els ecosistemes.<br \/>\nA nosaltres ens preocupa la \u00a0cura del medi ambient : perills i accions per la seva protecci\u00f3.<br \/>\nHem convidat als professionals del \u00a0SEPRONA (Servei de Protecci\u00f3 a la Natura) \u00a0a fer nos una xerrada\u00a0 sobre aquest&hellip;  <a href=\"https:\/\/agora.xtec.cat\/ceipcansalvi\/portada\/visita-del-seprona\/\" title=\"Read Visita del SEPRONA\">Llegeix m\u00e9s\u00bb<\/a><\/p>\n","protected":false},"author":1,"featured_media":0,"comment_status":"open","ping_status":"closed","sticky":false,"template":"","format":"standard","meta":{"_bbp_topic_count":0,"_bbp_reply_count":0,"_bbp_total_topic_count":0,"_bbp_total_reply_count":0,"_bbp_voice_count":0,"_bbp_anonymous_reply_count":0,"_bbp_topic_count_hidden":0,"_bbp_reply_count_hidden":0,"_bbp_forum_subforum_count":0,"footnotes":""},"categories":[4],"tags":[],"class_list":["post-1664","post","type-post","status-publish","format-standard","hentry","category-portada"],"post_mailing_queue_ids":[],"_links":{"self":[{"href":"https:\/\/agora.xtec.cat\/ceipcansalvi\/wp-json\/wp\/v2\/posts\/1664","targetHints":{"allow":["GET"]}}],"collection":[{"href":"https:\/\/agora.xtec.cat\/ceipcansalvi\/wp-json\/wp\/v2\/posts"}],"about":[{"href":"https:\/\/agora.xtec.cat\/ceipcansalvi\/wp-json\/wp\/v2\/types\/post"}],"author":[{"embeddable":true,"href":"https:\/\/agora.xtec.cat\/ceipcansalvi\/wp-json\/wp\/v2\/users\/1"}],"replies":[{"embeddable":true,"href":"https:\/\/agora.xtec.cat\/ceipcansalvi\/wp-json\/wp\/v2\/comments?post=1664"}],"version-history":[{"count":2,"href":"https:\/\/agora.xtec.cat\/ceipcansalvi\/wp-json\/wp\/v2\/posts\/1664\/revisions"}],"predecessor-version":[{"id":1667,"href":"https:\/\/agora.xtec.cat\/ceipcansalvi\/wp-json\/wp\/v2\/posts\/1664\/revisions\/1667"}],"wp:attachment":[{"href":"https:\/\/agora.xtec.cat\/ceipcansalvi\/wp-json\/wp\/v2\/media?parent=1664"}],"wp:term":[{"taxonomy":"category","embeddable":true,"href":"https:\/\/agora.xtec.cat\/ceipcansalvi\/wp-json\/wp\/v2\/categories?post=1664"},{"taxonomy":"post_tag","embeddable":true,"href":"https:\/\/agora.xtec.cat\/ceipcansalvi\/wp-json\/wp\/v2\/tags?post=1664"}],"curies":[{"name":"wp","href":"https:\/\/api.w.org\/{rel}","templated":true}]}}