{"id":1661,"date":"2019-02-22T16:57:06","date_gmt":"2019-02-22T15:57:06","guid":{"rendered":"http:\/\/agora.xtec.cat\/ceipcansalvi\/?p=1661"},"modified":"2019-02-25T14:10:00","modified_gmt":"2019-02-25T13:10:00","slug":"arriba-el-rei-carnestoltes","status":"publish","type":"post","link":"https:\/\/agora.xtec.cat\/ceipcansalvi\/portada\/arriba-el-rei-carnestoltes\/","title":{"rendered":"ARRIBA EL REI CARNESTOLTES!"},"content":{"rendered":"<p>Aquest divendres ha arribat el rei carnestoltes, acompanyat d&#8217;alguns alumnes de sis\u00e8.<\/p>\n<p><img loading=\"lazy\" decoding=\"async\" class=\"alignnone wp-image-1662\" src=\"https:\/\/agora.xtec.cat\/ceipcansalvi\/wp-content\/uploads\/usu1749\/2019\/02\/nens-6e-amb-carnestoltes-1024x576.jpg\" alt=\"\" width=\"645\" height=\"363\" srcset=\"https:\/\/agora.xtec.cat\/ceipcansalvi\/wp-content\/uploads\/usu1749\/2019\/02\/nens-6e-amb-carnestoltes-1024x576.jpg 1024w, https:\/\/agora.xtec.cat\/ceipcansalvi\/wp-content\/uploads\/usu1749\/2019\/02\/nens-6e-amb-carnestoltes-300x169.jpg 300w, https:\/\/agora.xtec.cat\/ceipcansalvi\/wp-content\/uploads\/usu1749\/2019\/02\/nens-6e-amb-carnestoltes-768x432.jpg 768w, https:\/\/agora.xtec.cat\/ceipcansalvi\/wp-content\/uploads\/usu1749\/2019\/02\/nens-6e-amb-carnestoltes.jpg 1111w\" sizes=\"auto, (max-width: 645px) 100vw, 645px\" \/><\/p>\n<p>El rei Carnestoltes vol gresca i diversi\u00f3 i per aix\u00f2 cada dia de la setmana una cosa ben diferent a l&#8217;escola hem de portar:<\/p>\n<ul>\n<li>Dilluns 25: Si del carnaval vols gaudir vine amb el cap guarnit.<\/li>\n<li>Dimarts 26: Si amb el rei carnestoltes et vols divertir amb pijama a l&#8217;escola haur\u00e0s de venir.<\/li>\n<li>Dimecres 27: Si a cient\u00edfic vols arribar la cara de ci\u00e8ncia et pintar\u00e0s.<\/li>\n<li>Dijous 28: Si la truita vols menjar, l&#8217;entrep\u00e0 no t&#8217;has d&#8217;oblidar i de cuinar t&#8217;haur\u00e0s de disfressar.<\/li>\n<li>Divendres 1: La disfressa a l&#8217;escola vestir\u00e0s i a la rua la lluir\u00e0s. Fes soroll i xerinola portant xiulets o maraques a l&#8217;escola.<\/li>\n<\/ul>\n<p>VISCA EL CARNAVAL!!!!!!<\/p>\n","protected":false},"excerpt":{"rendered":"<p>Aquest divendres ha arribat el rei carnestoltes, acompanyat d&#8217;alguns alumnes de sis\u00e8.<\/p>\n<p>El rei Carnestoltes vol gresca i diversi\u00f3 i per aix\u00f2 cada dia de la setmana una cosa ben diferent a l&#8217;escola hem de portar:<\/p>\n<ul>\n<li>Dilluns 25: Si del carnaval vols gaudir vine amb el cap&hellip;  <a href=\"https:\/\/agora.xtec.cat\/ceipcansalvi\/portada\/arriba-el-rei-carnestoltes\/\" title=\"Read ARRIBA EL REI CARNESTOLTES!\">Llegeix m\u00e9s\u00bb<\/a><br \/>\n","protected":false},"author":1,"featured_media":0,"comment_status":"open","ping_status":"closed","sticky":false,"template":"","format":"standard","meta":{"_bbp_topic_count":0,"_bbp_reply_count":0,"_bbp_total_topic_count":0,"_bbp_total_reply_count":0,"_bbp_voice_count":0,"_bbp_anonymous_reply_count":0,"_bbp_topic_count_hidden":0,"_bbp_reply_count_hidden":0,"_bbp_forum_subforum_count":0,"footnotes":""},"categories":[4],"tags":[],"class_list":["post-1661","post","type-post","status-publish","format-standard","hentry","category-portada"],"post_mailing_queue_ids":[],"_links":{"self":[{"href":"https:\/\/agora.xtec.cat\/ceipcansalvi\/wp-json\/wp\/v2\/posts\/1661","targetHints":{"allow":["GET"]}}],"collection":[{"href":"https:\/\/agora.xtec.cat\/ceipcansalvi\/wp-json\/wp\/v2\/posts"}],"about":[{"href":"https:\/\/agora.xtec.cat\/ceipcansalvi\/wp-json\/wp\/v2\/types\/post"}],"author":[{"embeddable":true,"href":"https:\/\/agora.xtec.cat\/ceipcansalvi\/wp-json\/wp\/v2\/users\/1"}],"replies":[{"embeddable":true,"href":"https:\/\/agora.xtec.cat\/ceipcansalvi\/wp-json\/wp\/v2\/comments?post=1661"}],"version-history":[{"count":1,"href":"https:\/\/agora.xtec.cat\/ceipcansalvi\/wp-json\/wp\/v2\/posts\/1661\/revisions"}],"predecessor-version":[{"id":1663,"href":"https:\/\/agora.xtec.cat\/ceipcansalvi\/wp-json\/wp\/v2\/posts\/1661\/revisions\/1663"}],"wp:attachment":[{"href":"https:\/\/agora.xtec.cat\/ceipcansalvi\/wp-json\/wp\/v2\/media?parent=1661"}],"wp:term":[{"taxonomy":"category","embeddable":true,"href":"https:\/\/agora.xtec.cat\/ceipcansalvi\/wp-json\/wp\/v2\/categories?post=1661"},{"taxonomy":"post_tag","embeddable":true,"href":"https:\/\/agora.xtec.cat\/ceipcansalvi\/wp-json\/wp\/v2\/tags?post=1661"}],"curies":[{"name":"wp","href":"https:\/\/api.w.org\/{rel}","templated":true}]}}