{"id":1618,"date":"2019-01-21T08:53:57","date_gmt":"2019-01-21T07:53:57","guid":{"rendered":"http:\/\/agora.xtec.cat\/ceipcansalvi\/?p=1618"},"modified":"2019-01-17T13:58:15","modified_gmt":"2019-01-17T12:58:15","slug":"un-any-mes-lescola-can-salvi-participa-en-el-concurs-apilo","status":"publish","type":"post","link":"https:\/\/agora.xtec.cat\/ceipcansalvi\/general\/un-any-mes-lescola-can-salvi-participa-en-el-concurs-apilo\/","title":{"rendered":"Un any m\u00e9s, l&#8217;escola Can Salvi participa en el concurs APILO."},"content":{"rendered":"<p><iframe loading=\"lazy\" src=\"\/\/www.youtube.com\/embed\/Vm0cLIPV3H8\" width=\"560\" height=\"314\" allowfullscreen=\"allowfullscreen\"><\/iframe><\/p>\n<p>Al nostre planeta, les subst\u00e0ncies i materials de les piles poden afectar la qualitat de l\u2019aigua, l\u2019aire i la terra en la que viuen els nostres peixos, aus, plantes i\u2026 a nosaltres mateixos! Amb el reciclatge, a m\u00e9s de protegir el medi ambient, estalviem valuosos recursos reutilitzant moltes d\u2019aquestes subst\u00e0ncies i materials.<\/p>\n<p>Des de l\u2019escola volem contribuir a formar persones que tinguin sensibilitat i respecte vers el medi ambient, \u00e9s per aix\u00f2 que participem en el\u00a0<a href=\"http:\/\/www.apilo.cat\/\">concurs APILO<\/a>.<\/p>\n<p>L\u2019objectiu del concurs \u00e9s recollir en el contenidor Apilo la m\u00e0xima quantitat de piles i acumuladors port\u00e0tils procedents de les fam\u00edlies dels alumnes durant la vig\u00e8ncia de l\u2019acci\u00f3 promocional. A\u00edx\u00ed doncs, d\u2019una manera l\u00fadica ens anem conscienciat tots plegats de la import\u00e0ncia de reciclar les piles i els acumuladors.<\/p>\n","protected":false},"excerpt":{"rendered":"<p>Al nostre planeta, les subst\u00e0ncies i materials de les piles poden afectar la qualitat de l\u2019aigua, l\u2019aire i la terra en la que viuen els nostres peixos, aus, plantes i\u2026 a nosaltres mateixos! Amb el reciclatge, a m\u00e9s de protegir el medi ambient, estalviem valuosos&hellip;  <a href=\"https:\/\/agora.xtec.cat\/ceipcansalvi\/general\/un-any-mes-lescola-can-salvi-participa-en-el-concurs-apilo\/\" title=\"Read Un any m\u00e9s, l&#8217;escola Can Salvi participa en el concurs APILO.\">Llegeix m\u00e9s\u00bb<\/a><\/p>\n","protected":false},"author":1,"featured_media":0,"comment_status":"open","ping_status":"closed","sticky":false,"template":"","format":"standard","meta":{"_bbp_topic_count":0,"_bbp_reply_count":0,"_bbp_total_topic_count":0,"_bbp_total_reply_count":0,"_bbp_voice_count":0,"_bbp_anonymous_reply_count":0,"_bbp_topic_count_hidden":0,"_bbp_reply_count_hidden":0,"_bbp_forum_subforum_count":0,"footnotes":""},"categories":[1,4],"tags":[],"class_list":["post-1618","post","type-post","status-publish","format-standard","hentry","category-general","category-portada"],"post_mailing_queue_ids":[],"_links":{"self":[{"href":"https:\/\/agora.xtec.cat\/ceipcansalvi\/wp-json\/wp\/v2\/posts\/1618","targetHints":{"allow":["GET"]}}],"collection":[{"href":"https:\/\/agora.xtec.cat\/ceipcansalvi\/wp-json\/wp\/v2\/posts"}],"about":[{"href":"https:\/\/agora.xtec.cat\/ceipcansalvi\/wp-json\/wp\/v2\/types\/post"}],"author":[{"embeddable":true,"href":"https:\/\/agora.xtec.cat\/ceipcansalvi\/wp-json\/wp\/v2\/users\/1"}],"replies":[{"embeddable":true,"href":"https:\/\/agora.xtec.cat\/ceipcansalvi\/wp-json\/wp\/v2\/comments?post=1618"}],"version-history":[{"count":1,"href":"https:\/\/agora.xtec.cat\/ceipcansalvi\/wp-json\/wp\/v2\/posts\/1618\/revisions"}],"predecessor-version":[{"id":1619,"href":"https:\/\/agora.xtec.cat\/ceipcansalvi\/wp-json\/wp\/v2\/posts\/1618\/revisions\/1619"}],"wp:attachment":[{"href":"https:\/\/agora.xtec.cat\/ceipcansalvi\/wp-json\/wp\/v2\/media?parent=1618"}],"wp:term":[{"taxonomy":"category","embeddable":true,"href":"https:\/\/agora.xtec.cat\/ceipcansalvi\/wp-json\/wp\/v2\/categories?post=1618"},{"taxonomy":"post_tag","embeddable":true,"href":"https:\/\/agora.xtec.cat\/ceipcansalvi\/wp-json\/wp\/v2\/tags?post=1618"}],"curies":[{"name":"wp","href":"https:\/\/api.w.org\/{rel}","templated":true}]}}