{"id":1597,"date":"2018-11-23T14:16:26","date_gmt":"2018-11-23T13:16:26","guid":{"rendered":"http:\/\/agora.xtec.cat\/ceipcansalvi\/?p=1597"},"modified":"2018-11-23T14:17:17","modified_gmt":"2018-11-23T13:17:17","slug":"dia-de-la-musica","status":"publish","type":"post","link":"https:\/\/agora.xtec.cat\/ceipcansalvi\/general\/dia-de-la-musica\/","title":{"rendered":"Dia de la m\u00fasica"},"content":{"rendered":"<p>El passat 22 de novembre vam celebrar el Dia de la m\u00fasica a la nostra escola.<\/p>\n<p>Volem agrair a tots i totes les participants l&#8217;esfor\u00e7 i l&#8217;entusiasme dipositat per a fer aquest dia una gran festa. Per aquest motiu us hem preparat un v\u00eddeo com a mostra d&#8217;agra\u00efment.<\/p>\n<p>Esperem que sigui un bonic record!<\/p>\n<p><iframe loading=\"lazy\" title=\"Casting dia de la musica 2018\" width=\"500\" height=\"281\" src=\"https:\/\/www.youtube.com\/embed\/-pk8uc-jmtQ?feature=oembed\" frameborder=\"0\" allow=\"accelerometer; autoplay; clipboard-write; encrypted-media; gyroscope; picture-in-picture; web-share\" referrerpolicy=\"strict-origin-when-cross-origin\" allowfullscreen><\/iframe><\/p>\n","protected":false},"excerpt":{"rendered":"<p>El passat 22 de novembre vam celebrar el Dia de la m\u00fasica a la nostra escola.<br \/>\nVolem agrair a tots i totes les participants l&#8217;esfor\u00e7 i l&#8217;entusiasme dipositat per a fer aquest dia una gran festa. Per aquest motiu us hem preparat un v\u00eddeo com a&hellip;  <a href=\"https:\/\/agora.xtec.cat\/ceipcansalvi\/general\/dia-de-la-musica\/\" title=\"Read Dia de la m\u00fasica\">Llegeix m\u00e9s\u00bb<\/a><\/p>\n","protected":false},"author":1,"featured_media":0,"comment_status":"open","ping_status":"closed","sticky":false,"template":"","format":"standard","meta":{"_bbp_topic_count":0,"_bbp_reply_count":0,"_bbp_total_topic_count":0,"_bbp_total_reply_count":0,"_bbp_voice_count":0,"_bbp_anonymous_reply_count":0,"_bbp_topic_count_hidden":0,"_bbp_reply_count_hidden":0,"_bbp_forum_subforum_count":0,"footnotes":""},"categories":[1,4],"tags":[],"class_list":["post-1597","post","type-post","status-publish","format-standard","hentry","category-general","category-portada"],"post_mailing_queue_ids":[],"_links":{"self":[{"href":"https:\/\/agora.xtec.cat\/ceipcansalvi\/wp-json\/wp\/v2\/posts\/1597","targetHints":{"allow":["GET"]}}],"collection":[{"href":"https:\/\/agora.xtec.cat\/ceipcansalvi\/wp-json\/wp\/v2\/posts"}],"about":[{"href":"https:\/\/agora.xtec.cat\/ceipcansalvi\/wp-json\/wp\/v2\/types\/post"}],"author":[{"embeddable":true,"href":"https:\/\/agora.xtec.cat\/ceipcansalvi\/wp-json\/wp\/v2\/users\/1"}],"replies":[{"embeddable":true,"href":"https:\/\/agora.xtec.cat\/ceipcansalvi\/wp-json\/wp\/v2\/comments?post=1597"}],"version-history":[{"count":1,"href":"https:\/\/agora.xtec.cat\/ceipcansalvi\/wp-json\/wp\/v2\/posts\/1597\/revisions"}],"predecessor-version":[{"id":1598,"href":"https:\/\/agora.xtec.cat\/ceipcansalvi\/wp-json\/wp\/v2\/posts\/1597\/revisions\/1598"}],"wp:attachment":[{"href":"https:\/\/agora.xtec.cat\/ceipcansalvi\/wp-json\/wp\/v2\/media?parent=1597"}],"wp:term":[{"taxonomy":"category","embeddable":true,"href":"https:\/\/agora.xtec.cat\/ceipcansalvi\/wp-json\/wp\/v2\/categories?post=1597"},{"taxonomy":"post_tag","embeddable":true,"href":"https:\/\/agora.xtec.cat\/ceipcansalvi\/wp-json\/wp\/v2\/tags?post=1597"}],"curies":[{"name":"wp","href":"https:\/\/api.w.org\/{rel}","templated":true}]}}