{"id":1476,"date":"2018-06-09T16:30:44","date_gmt":"2018-06-09T14:30:44","guid":{"rendered":"http:\/\/agora.xtec.cat\/ceipcansalvi\/?p=1476"},"modified":"2018-06-20T11:13:08","modified_gmt":"2018-06-20T09:13:08","slug":"color-a-lescola-can-salvi","status":"publish","type":"post","link":"https:\/\/agora.xtec.cat\/ceipcansalvi\/general\/color-a-lescola-can-salvi\/","title":{"rendered":"COLOR A L&#8217;ESCOLA CAN SALVI"},"content":{"rendered":"<p style=\"text-align: justify;\">Una part dels membres de la comunitat educativa de l&#8217;escola Can Salvi (fam\u00edlies, AMPA i mestres) s&#8217;han reunit aquest dissabte per pintar els patis de Prim\u00e0ria i Infantil de la nostra escola. Tamb\u00e9 s&#8217;ha muntat una cuineta de fusta, obsequi de l&#8217;Ampa, en el pati d&#8217;infantil.<\/p>\n<p style=\"text-align: justify;\">Els m\u00e9s petits van col\u00b7laborar i gaudir de la jornada pintant i donant color a l&#8217;escola en un dia assolellat i festiu.<\/p>\n<h4 style=\"text-align: center;\">Moltes gr\u00e0cies a tots i totes per la vostra col\u00b7laboraci\u00f3!<\/h4>\n<p><img loading=\"lazy\" decoding=\"async\" class=\"alignnone size-large wp-image-1477\" src=\"http:\/\/agora.xtec.cat\/ceipcansalvi\/wp-content\/uploads\/usu1749\/2018\/06\/foto1-1024x576.jpg\" alt=\"\" width=\"1024\" height=\"576\" srcset=\"https:\/\/agora.xtec.cat\/ceipcansalvi\/wp-content\/uploads\/usu1749\/2018\/06\/foto1-1024x576.jpg 1024w, https:\/\/agora.xtec.cat\/ceipcansalvi\/wp-content\/uploads\/usu1749\/2018\/06\/foto1-300x169.jpg 300w, https:\/\/agora.xtec.cat\/ceipcansalvi\/wp-content\/uploads\/usu1749\/2018\/06\/foto1-768x432.jpg 768w, https:\/\/agora.xtec.cat\/ceipcansalvi\/wp-content\/uploads\/usu1749\/2018\/06\/foto1.jpg 1997w\" sizes=\"auto, (max-width: 1024px) 100vw, 1024px\" \/><\/p>\n<p><a href=\"https:\/\/drive.google.com\/drive\/folders\/1sY3NVedDIpWG6Tu9stDxwkWz-yYW4wdi\">Aqu\u00ed teniu m\u00e9s imatges&#8230;<\/a><\/p>\n","protected":false},"excerpt":{"rendered":"<p>Una part dels membres de la comunitat educativa de l&#8217;escola Can Salvi (fam\u00edlies, AMPA i mestres) s&#8217;han reunit aquest dissabte per pintar els patis de Prim\u00e0ria i Infantil de la nostra escola. Tamb\u00e9 s&#8217;ha muntat una cuineta de fusta, obsequi de l&#8217;Ampa, en el pati&hellip;  <a href=\"https:\/\/agora.xtec.cat\/ceipcansalvi\/general\/color-a-lescola-can-salvi\/\" title=\"Read COLOR A L&#8217;ESCOLA CAN SALVI\">Llegeix m\u00e9s\u00bb<\/a><\/p>\n","protected":false},"author":1,"featured_media":1477,"comment_status":"closed","ping_status":"closed","sticky":false,"template":"","format":"standard","meta":{"_bbp_topic_count":0,"_bbp_reply_count":0,"_bbp_total_topic_count":0,"_bbp_total_reply_count":0,"_bbp_voice_count":0,"_bbp_anonymous_reply_count":0,"_bbp_topic_count_hidden":0,"_bbp_reply_count_hidden":0,"_bbp_forum_subforum_count":0,"footnotes":""},"categories":[1,4],"tags":[],"class_list":["post-1476","post","type-post","status-publish","format-standard","has-post-thumbnail","hentry","category-general","category-portada"],"post_mailing_queue_ids":[],"_links":{"self":[{"href":"https:\/\/agora.xtec.cat\/ceipcansalvi\/wp-json\/wp\/v2\/posts\/1476","targetHints":{"allow":["GET"]}}],"collection":[{"href":"https:\/\/agora.xtec.cat\/ceipcansalvi\/wp-json\/wp\/v2\/posts"}],"about":[{"href":"https:\/\/agora.xtec.cat\/ceipcansalvi\/wp-json\/wp\/v2\/types\/post"}],"author":[{"embeddable":true,"href":"https:\/\/agora.xtec.cat\/ceipcansalvi\/wp-json\/wp\/v2\/users\/1"}],"replies":[{"embeddable":true,"href":"https:\/\/agora.xtec.cat\/ceipcansalvi\/wp-json\/wp\/v2\/comments?post=1476"}],"version-history":[{"count":2,"href":"https:\/\/agora.xtec.cat\/ceipcansalvi\/wp-json\/wp\/v2\/posts\/1476\/revisions"}],"predecessor-version":[{"id":1479,"href":"https:\/\/agora.xtec.cat\/ceipcansalvi\/wp-json\/wp\/v2\/posts\/1476\/revisions\/1479"}],"wp:featuredmedia":[{"embeddable":true,"href":"https:\/\/agora.xtec.cat\/ceipcansalvi\/wp-json\/wp\/v2\/media\/1477"}],"wp:attachment":[{"href":"https:\/\/agora.xtec.cat\/ceipcansalvi\/wp-json\/wp\/v2\/media?parent=1476"}],"wp:term":[{"taxonomy":"category","embeddable":true,"href":"https:\/\/agora.xtec.cat\/ceipcansalvi\/wp-json\/wp\/v2\/categories?post=1476"},{"taxonomy":"post_tag","embeddable":true,"href":"https:\/\/agora.xtec.cat\/ceipcansalvi\/wp-json\/wp\/v2\/tags?post=1476"}],"curies":[{"name":"wp","href":"https:\/\/api.w.org\/{rel}","templated":true}]}}