{"id":1396,"date":"2018-05-11T16:30:53","date_gmt":"2018-05-11T14:30:53","guid":{"rendered":"http:\/\/agora.xtec.cat\/ceipcansalvi\/?p=1396"},"modified":"2018-05-14T10:55:51","modified_gmt":"2018-05-14T08:55:51","slug":"colonies-p5-cal-ganxo","status":"publish","type":"post","link":"https:\/\/agora.xtec.cat\/ceipcansalvi\/general\/colonies-p5-cal-ganxo\/","title":{"rendered":"COL\u00d2NIES P5 CAL GANXO"},"content":{"rendered":"<p style=\"text-align: justify;\">Avui els nostres alumnes de P5 han tornat de les col\u00f2nies!\u00a0 S&#8217;ho han passat molt i molt b\u00e9 i han pogut gaudir d&#8217;un entorn i unes vistes espectaculars! Aix\u00f2 s\u00ed, han tornat molt cansats i cansades i amb la motxilla carregada d&#8217;aventures i noves experi\u00e8ncies!<\/p>\n<p style=\"text-align: justify;\">Per sort, tenen el cap de setmana per recuperar les forces!<\/p>\n<p style=\"text-align: justify;\">Aqu\u00ed us deixem una imatge de l&#8217;entorn. Al bloc de P5 trobareu moltes m\u00e9s imatges d&#8217;aquests 2 dies!<\/p>\n<p style=\"text-align: justify;\"><img loading=\"lazy\" decoding=\"async\" class=\"alignnone size-large wp-image-1397\" src=\"http:\/\/agora.xtec.cat\/ceipcansalvi\/wp-content\/uploads\/usu1749\/2018\/05\/cal-ganxo-exterior-1-1024x683.jpg\" alt=\"\" width=\"1024\" height=\"683\" srcset=\"https:\/\/agora.xtec.cat\/ceipcansalvi\/wp-content\/uploads\/usu1749\/2018\/05\/cal-ganxo-exterior-1.jpg 1024w, https:\/\/agora.xtec.cat\/ceipcansalvi\/wp-content\/uploads\/usu1749\/2018\/05\/cal-ganxo-exterior-1-300x200.jpg 300w, https:\/\/agora.xtec.cat\/ceipcansalvi\/wp-content\/uploads\/usu1749\/2018\/05\/cal-ganxo-exterior-1-768x512.jpg 768w\" sizes=\"auto, (max-width: 1024px) 100vw, 1024px\" \/><\/p>\n<p style=\"text-align: justify;\"><img loading=\"lazy\" decoding=\"async\" class=\"alignnone size-large wp-image-1398\" src=\"http:\/\/agora.xtec.cat\/ceipcansalvi\/wp-content\/uploads\/usu1749\/2018\/05\/Master-1024x271.jpg\" alt=\"\" width=\"1024\" height=\"271\" srcset=\"https:\/\/agora.xtec.cat\/ceipcansalvi\/wp-content\/uploads\/usu1749\/2018\/05\/Master-1024x271.jpg 1024w, https:\/\/agora.xtec.cat\/ceipcansalvi\/wp-content\/uploads\/usu1749\/2018\/05\/Master-300x79.jpg 300w, https:\/\/agora.xtec.cat\/ceipcansalvi\/wp-content\/uploads\/usu1749\/2018\/05\/Master-768x203.jpg 768w, https:\/\/agora.xtec.cat\/ceipcansalvi\/wp-content\/uploads\/usu1749\/2018\/05\/Master.jpg 1600w\" sizes=\"auto, (max-width: 1024px) 100vw, 1024px\" \/><\/p>\n<p>&nbsp;<\/p>\n","protected":false},"excerpt":{"rendered":"<p>Avui els nostres alumnes de P5 han tornat de les col\u00f2nies!\u00a0 S&#8217;ho han passat molt i molt b\u00e9 i han pogut gaudir d&#8217;un entorn i unes vistes espectaculars! Aix\u00f2 s\u00ed, han tornat molt cansats i cansades i amb la motxilla carregada d&#8217;aventures i noves experi\u00e8ncies!<br \/>\nPer&hellip;  <a href=\"https:\/\/agora.xtec.cat\/ceipcansalvi\/general\/colonies-p5-cal-ganxo\/\" title=\"Read COL\u00d2NIES P5 CAL GANXO\">Llegeix m\u00e9s\u00bb<\/a><\/p>\n","protected":false},"author":1,"featured_media":1398,"comment_status":"closed","ping_status":"closed","sticky":false,"template":"","format":"standard","meta":{"_bbp_topic_count":0,"_bbp_reply_count":0,"_bbp_total_topic_count":0,"_bbp_total_reply_count":0,"_bbp_voice_count":0,"_bbp_anonymous_reply_count":0,"_bbp_topic_count_hidden":0,"_bbp_reply_count_hidden":0,"_bbp_forum_subforum_count":0,"footnotes":""},"categories":[1,4],"tags":[],"class_list":["post-1396","post","type-post","status-publish","format-standard","has-post-thumbnail","hentry","category-general","category-portada"],"post_mailing_queue_ids":[],"_links":{"self":[{"href":"https:\/\/agora.xtec.cat\/ceipcansalvi\/wp-json\/wp\/v2\/posts\/1396","targetHints":{"allow":["GET"]}}],"collection":[{"href":"https:\/\/agora.xtec.cat\/ceipcansalvi\/wp-json\/wp\/v2\/posts"}],"about":[{"href":"https:\/\/agora.xtec.cat\/ceipcansalvi\/wp-json\/wp\/v2\/types\/post"}],"author":[{"embeddable":true,"href":"https:\/\/agora.xtec.cat\/ceipcansalvi\/wp-json\/wp\/v2\/users\/1"}],"replies":[{"embeddable":true,"href":"https:\/\/agora.xtec.cat\/ceipcansalvi\/wp-json\/wp\/v2\/comments?post=1396"}],"version-history":[{"count":2,"href":"https:\/\/agora.xtec.cat\/ceipcansalvi\/wp-json\/wp\/v2\/posts\/1396\/revisions"}],"predecessor-version":[{"id":1400,"href":"https:\/\/agora.xtec.cat\/ceipcansalvi\/wp-json\/wp\/v2\/posts\/1396\/revisions\/1400"}],"wp:featuredmedia":[{"embeddable":true,"href":"https:\/\/agora.xtec.cat\/ceipcansalvi\/wp-json\/wp\/v2\/media\/1398"}],"wp:attachment":[{"href":"https:\/\/agora.xtec.cat\/ceipcansalvi\/wp-json\/wp\/v2\/media?parent=1396"}],"wp:term":[{"taxonomy":"category","embeddable":true,"href":"https:\/\/agora.xtec.cat\/ceipcansalvi\/wp-json\/wp\/v2\/categories?post=1396"},{"taxonomy":"post_tag","embeddable":true,"href":"https:\/\/agora.xtec.cat\/ceipcansalvi\/wp-json\/wp\/v2\/tags?post=1396"}],"curies":[{"name":"wp","href":"https:\/\/api.w.org\/{rel}","templated":true}]}}