{"id":1367,"date":"2018-05-04T09:00:49","date_gmt":"2018-05-04T07:00:49","guid":{"rendered":"http:\/\/agora.xtec.cat\/ceipcansalvi\/?p=1367"},"modified":"2018-05-04T10:10:14","modified_gmt":"2018-05-04T08:10:14","slug":"reunio-colonies-4t","status":"publish","type":"post","link":"https:\/\/agora.xtec.cat\/ceipcansalvi\/general\/reunio-colonies-4t\/","title":{"rendered":"REUNI\u00d3 COL\u00d2NIES 4t: CAL PONS"},"content":{"rendered":"<p style=\"text-align: left;\">Us recordem que aquesta tarda tindr\u00e0 lloc a la biblioteca de l&#8217;escola la reuni\u00f3 informativa de les col\u00f2nies de 4t. Hora aproximada les 15:15h.<\/p>\n<p style=\"text-align: left;\">Us hi esperem!<\/p>\n<p style=\"text-align: left;\"><img loading=\"lazy\" decoding=\"async\" class=\"alignnone size-large wp-image-1371\" src=\"http:\/\/agora.xtec.cat\/ceipcansalvi\/wp-content\/uploads\/usu1749\/2018\/05\/cal-pons-1024x768.jpg\" alt=\"\" width=\"1024\" height=\"768\" srcset=\"https:\/\/agora.xtec.cat\/ceipcansalvi\/wp-content\/uploads\/usu1749\/2018\/05\/cal-pons.jpg 1024w, https:\/\/agora.xtec.cat\/ceipcansalvi\/wp-content\/uploads\/usu1749\/2018\/05\/cal-pons-300x225.jpg 300w, https:\/\/agora.xtec.cat\/ceipcansalvi\/wp-content\/uploads\/usu1749\/2018\/05\/cal-pons-768x576.jpg 768w, https:\/\/agora.xtec.cat\/ceipcansalvi\/wp-content\/uploads\/usu1749\/2018\/05\/cal-pons-200x150.jpg 200w\" sizes=\"auto, (max-width: 1024px) 100vw, 1024px\" \/><\/p>\n<p style=\"text-align: left;\"><img loading=\"lazy\" decoding=\"async\" class=\"alignnone size-large wp-image-1372\" src=\"http:\/\/agora.xtec.cat\/ceipcansalvi\/wp-content\/uploads\/usu1749\/2018\/05\/cal-pons-espai-de-joc-1024x768.jpg\" alt=\"\" width=\"1024\" height=\"768\" srcset=\"https:\/\/agora.xtec.cat\/ceipcansalvi\/wp-content\/uploads\/usu1749\/2018\/05\/cal-pons-espai-de-joc.jpg 1024w, https:\/\/agora.xtec.cat\/ceipcansalvi\/wp-content\/uploads\/usu1749\/2018\/05\/cal-pons-espai-de-joc-300x225.jpg 300w, https:\/\/agora.xtec.cat\/ceipcansalvi\/wp-content\/uploads\/usu1749\/2018\/05\/cal-pons-espai-de-joc-768x576.jpg 768w, https:\/\/agora.xtec.cat\/ceipcansalvi\/wp-content\/uploads\/usu1749\/2018\/05\/cal-pons-espai-de-joc-200x150.jpg 200w\" sizes=\"auto, (max-width: 1024px) 100vw, 1024px\" \/><\/p>\n","protected":false},"excerpt":{"rendered":"<p>Us recordem que aquesta tarda tindr\u00e0 lloc a la biblioteca de l&#8217;escola la reuni\u00f3 informativa de les col\u00f2nies de 4t. Hora aproximada les 15:15h.<br \/>\nUs hi esperem!<\/p>\n","protected":false},"author":1,"featured_media":1372,"comment_status":"closed","ping_status":"closed","sticky":false,"template":"","format":"standard","meta":{"_bbp_topic_count":0,"_bbp_reply_count":0,"_bbp_total_topic_count":0,"_bbp_total_reply_count":0,"_bbp_voice_count":0,"_bbp_anonymous_reply_count":0,"_bbp_topic_count_hidden":0,"_bbp_reply_count_hidden":0,"_bbp_forum_subforum_count":0,"footnotes":""},"categories":[1,4],"tags":[],"class_list":["post-1367","post","type-post","status-publish","format-standard","has-post-thumbnail","hentry","category-general","category-portada"],"post_mailing_queue_ids":[],"_links":{"self":[{"href":"https:\/\/agora.xtec.cat\/ceipcansalvi\/wp-json\/wp\/v2\/posts\/1367","targetHints":{"allow":["GET"]}}],"collection":[{"href":"https:\/\/agora.xtec.cat\/ceipcansalvi\/wp-json\/wp\/v2\/posts"}],"about":[{"href":"https:\/\/agora.xtec.cat\/ceipcansalvi\/wp-json\/wp\/v2\/types\/post"}],"author":[{"embeddable":true,"href":"https:\/\/agora.xtec.cat\/ceipcansalvi\/wp-json\/wp\/v2\/users\/1"}],"replies":[{"embeddable":true,"href":"https:\/\/agora.xtec.cat\/ceipcansalvi\/wp-json\/wp\/v2\/comments?post=1367"}],"version-history":[{"count":3,"href":"https:\/\/agora.xtec.cat\/ceipcansalvi\/wp-json\/wp\/v2\/posts\/1367\/revisions"}],"predecessor-version":[{"id":1380,"href":"https:\/\/agora.xtec.cat\/ceipcansalvi\/wp-json\/wp\/v2\/posts\/1367\/revisions\/1380"}],"wp:featuredmedia":[{"embeddable":true,"href":"https:\/\/agora.xtec.cat\/ceipcansalvi\/wp-json\/wp\/v2\/media\/1372"}],"wp:attachment":[{"href":"https:\/\/agora.xtec.cat\/ceipcansalvi\/wp-json\/wp\/v2\/media?parent=1367"}],"wp:term":[{"taxonomy":"category","embeddable":true,"href":"https:\/\/agora.xtec.cat\/ceipcansalvi\/wp-json\/wp\/v2\/categories?post=1367"},{"taxonomy":"post_tag","embeddable":true,"href":"https:\/\/agora.xtec.cat\/ceipcansalvi\/wp-json\/wp\/v2\/tags?post=1367"}],"curies":[{"name":"wp","href":"https:\/\/api.w.org\/{rel}","templated":true}]}}