{"id":1310,"date":"2018-04-23T16:30:02","date_gmt":"2018-04-23T14:30:02","guid":{"rendered":"http:\/\/agora.xtec.cat\/ceipcansalvi\/?p=1310"},"modified":"2018-04-26T13:26:52","modified_gmt":"2018-04-26T11:26:52","slug":"sant-jordi","status":"publish","type":"post","link":"https:\/\/agora.xtec.cat\/ceipcansalvi\/general\/sant-jordi\/","title":{"rendered":"SANT JORDI"},"content":{"rendered":"<p>Avui hem celebrat Sant Jordi a l&#8217;escola!!<\/p>\n<p><img loading=\"lazy\" decoding=\"async\" class=\"alignnone size-large wp-image-1314\" src=\"http:\/\/agora.xtec.cat\/ceipcansalvi\/wp-content\/uploads\/usu1749\/2018\/04\/turu-1024x724.jpg\" alt=\"\" width=\"1024\" height=\"724\" srcset=\"https:\/\/agora.xtec.cat\/ceipcansalvi\/wp-content\/uploads\/usu1749\/2018\/04\/turu-1024x724.jpg 1024w, https:\/\/agora.xtec.cat\/ceipcansalvi\/wp-content\/uploads\/usu1749\/2018\/04\/turu-300x212.jpg 300w, https:\/\/agora.xtec.cat\/ceipcansalvi\/wp-content\/uploads\/usu1749\/2018\/04\/turu-768x543.jpg 768w, https:\/\/agora.xtec.cat\/ceipcansalvi\/wp-content\/uploads\/usu1749\/2018\/04\/turu.jpg 2048w\" sizes=\"auto, (max-width: 1024px) 100vw, 1024px\" \/><\/p>\n<p>Al mat\u00ed hem fet tallers de:<\/p>\n<p>&#8211; Teatre en angl\u00e8s (els actors eren els nostres alumnes de 4t)<\/p>\n<p>&#8211; Relaxaci\u00f3<\/p>\n<p>&#8211; Taula de llums<\/p>\n<p>&#8211; Barrets i corones<\/p>\n<p>&#8211; Maquillatge<\/p>\n<p>&#8211; Punts de llibre<\/p>\n<p>&#8211; Roses<\/p>\n<p>&#8211; Vitralls<\/p>\n<p>&#8211; Balls<\/p>\n<p>&#8211; Punteria<\/p>\n<p>&#8211; Titelles<\/p>\n<p>&#8211; Collarets<\/p>\n<p>&#8211; Jocs medievals<\/p>\n<p style=\"text-align: justify;\">Els alumnes han anat passant pels diferents tallers, els m\u00e9s petits acompanyats\/des per alumnes voluntaris\/\u00e0ries de 6\u00e8.<\/p>\n<p style=\"text-align: justify;\">En acabar els tallers, per grups, hem anat sortint a visitar la paradeta de llibres que ens han muntat els pares i mares de l&#8217;AMPA. Aprofitem per donar-los les gr\u00e0cies, ja que any rere any col\u00b7laboren amb nosaltres a organitzar aquesta Diada tant especial. A m\u00e9s, ens han regalat lots de diccionaris per les aules de Cicle Mijt\u00e0 i Superior, i diferents col\u00b7leccions de llibres per Cicle Infantil i Inicial!<\/p>\n<p style=\"text-align: justify;\">A la tarda, hem sortit tots a la pista per a celebrar els Jocs Florals. Els guanyadors de cada nivell han recollit el seu premi amb el Diploma per tal que puguin recordar aquest dia tan especial. Ha estat molt emocionant!<\/p>\n<p style=\"text-align: justify;\">Aqu\u00ed teniu els guanyadors i guanyadores:<\/p>\n<p style=\"text-align: justify;\">P3: Ian M\u00e1s<\/p>\n<p style=\"text-align: justify;\"><img loading=\"lazy\" decoding=\"async\" class=\"alignnone size-large wp-image-1322\" src=\"http:\/\/agora.xtec.cat\/ceipcansalvi\/wp-content\/uploads\/usu1749\/2018\/04\/20180423_154243-1024x818.jpg\" alt=\"\" width=\"1024\" height=\"818\" srcset=\"https:\/\/agora.xtec.cat\/ceipcansalvi\/wp-content\/uploads\/usu1749\/2018\/04\/20180423_154243-1024x818.jpg 1024w, https:\/\/agora.xtec.cat\/ceipcansalvi\/wp-content\/uploads\/usu1749\/2018\/04\/20180423_154243-300x240.jpg 300w, https:\/\/agora.xtec.cat\/ceipcansalvi\/wp-content\/uploads\/usu1749\/2018\/04\/20180423_154243-768x613.jpg 768w, https:\/\/agora.xtec.cat\/ceipcansalvi\/wp-content\/uploads\/usu1749\/2018\/04\/20180423_154243.jpg 1797w\" sizes=\"auto, (max-width: 1024px) 100vw, 1024px\" \/><\/p>\n<p style=\"text-align: justify;\">P4: Martina S\u00e1nchez<\/p>\n<p style=\"text-align: justify;\"><img loading=\"lazy\" decoding=\"async\" class=\"alignnone size-large wp-image-1323\" src=\"http:\/\/agora.xtec.cat\/ceipcansalvi\/wp-content\/uploads\/usu1749\/2018\/04\/20180423_154414-1024x837.jpg\" alt=\"\" width=\"1024\" height=\"837\" srcset=\"https:\/\/agora.xtec.cat\/ceipcansalvi\/wp-content\/uploads\/usu1749\/2018\/04\/20180423_154414-1024x837.jpg 1024w, https:\/\/agora.xtec.cat\/ceipcansalvi\/wp-content\/uploads\/usu1749\/2018\/04\/20180423_154414-300x245.jpg 300w, https:\/\/agora.xtec.cat\/ceipcansalvi\/wp-content\/uploads\/usu1749\/2018\/04\/20180423_154414-768x628.jpg 768w, https:\/\/agora.xtec.cat\/ceipcansalvi\/wp-content\/uploads\/usu1749\/2018\/04\/20180423_154414.jpg 1756w\" sizes=\"auto, (max-width: 1024px) 100vw, 1024px\" \/><\/p>\n<p style=\"text-align: justify;\">P5: Uriel Barriga<\/p>\n<p style=\"text-align: justify;\"><img loading=\"lazy\" decoding=\"async\" class=\"alignnone size-large wp-image-1324\" src=\"http:\/\/agora.xtec.cat\/ceipcansalvi\/wp-content\/uploads\/usu1749\/2018\/04\/20180423_154515-1024x576.jpg\" alt=\"\" width=\"1024\" height=\"576\" srcset=\"https:\/\/agora.xtec.cat\/ceipcansalvi\/wp-content\/uploads\/usu1749\/2018\/04\/20180423_154515-1024x576.jpg 1024w, https:\/\/agora.xtec.cat\/ceipcansalvi\/wp-content\/uploads\/usu1749\/2018\/04\/20180423_154515-300x169.jpg 300w, https:\/\/agora.xtec.cat\/ceipcansalvi\/wp-content\/uploads\/usu1749\/2018\/04\/20180423_154515-768x432.jpg 768w\" sizes=\"auto, (max-width: 1024px) 100vw, 1024px\" \/><\/p>\n<p style=\"text-align: justify;\">1r: N\u00faria Trull\u00e0<\/p>\n<p style=\"text-align: justify;\">(Com que la N\u00faria no ha vingut, la Mirian de la classe li ha recollit el premi).<\/p>\n<p style=\"text-align: justify;\"><img loading=\"lazy\" decoding=\"async\" class=\"alignnone size-large wp-image-1326\" src=\"http:\/\/agora.xtec.cat\/ceipcansalvi\/wp-content\/uploads\/usu1749\/2018\/04\/20180423_154740-982x1024.jpg\" alt=\"\" width=\"982\" height=\"1024\" srcset=\"https:\/\/agora.xtec.cat\/ceipcansalvi\/wp-content\/uploads\/usu1749\/2018\/04\/20180423_154740-982x1024.jpg 982w, https:\/\/agora.xtec.cat\/ceipcansalvi\/wp-content\/uploads\/usu1749\/2018\/04\/20180423_154740-288x300.jpg 288w, https:\/\/agora.xtec.cat\/ceipcansalvi\/wp-content\/uploads\/usu1749\/2018\/04\/20180423_154740-768x801.jpg 768w, https:\/\/agora.xtec.cat\/ceipcansalvi\/wp-content\/uploads\/usu1749\/2018\/04\/20180423_154740.jpg 1376w\" sizes=\"auto, (max-width: 982px) 100vw, 982px\" \/><\/p>\n<p style=\"text-align: justify;\">2n: Jihan El hammouti<\/p>\n<p style=\"text-align: justify;\"><img loading=\"lazy\" decoding=\"async\" class=\"alignnone size-large wp-image-1327\" src=\"http:\/\/agora.xtec.cat\/ceipcansalvi\/wp-content\/uploads\/usu1749\/2018\/04\/20180423_155014-1-1024x947.jpg\" alt=\"\" width=\"1024\" height=\"947\" srcset=\"https:\/\/agora.xtec.cat\/ceipcansalvi\/wp-content\/uploads\/usu1749\/2018\/04\/20180423_155014-1-1024x947.jpg 1024w, https:\/\/agora.xtec.cat\/ceipcansalvi\/wp-content\/uploads\/usu1749\/2018\/04\/20180423_155014-1-300x278.jpg 300w, https:\/\/agora.xtec.cat\/ceipcansalvi\/wp-content\/uploads\/usu1749\/2018\/04\/20180423_155014-1-768x711.jpg 768w, https:\/\/agora.xtec.cat\/ceipcansalvi\/wp-content\/uploads\/usu1749\/2018\/04\/20180423_155014-1.jpg 1551w\" sizes=\"auto, (max-width: 1024px) 100vw, 1024px\" \/><\/p>\n<p style=\"text-align: justify;\">\n<p style=\"text-align: justify;\">3r: Victor Montero<\/p>\n<p style=\"text-align: justify;\"><img loading=\"lazy\" decoding=\"async\" class=\"alignnone size-large wp-image-1328\" src=\"http:\/\/agora.xtec.cat\/ceipcansalvi\/wp-content\/uploads\/usu1749\/2018\/04\/20180423_155203-1024x921.jpg\" alt=\"\" width=\"1024\" height=\"921\" srcset=\"https:\/\/agora.xtec.cat\/ceipcansalvi\/wp-content\/uploads\/usu1749\/2018\/04\/20180423_155203-1024x921.jpg 1024w, https:\/\/agora.xtec.cat\/ceipcansalvi\/wp-content\/uploads\/usu1749\/2018\/04\/20180423_155203-300x270.jpg 300w, https:\/\/agora.xtec.cat\/ceipcansalvi\/wp-content\/uploads\/usu1749\/2018\/04\/20180423_155203-768x691.jpg 768w, https:\/\/agora.xtec.cat\/ceipcansalvi\/wp-content\/uploads\/usu1749\/2018\/04\/20180423_155203.jpg 1595w\" sizes=\"auto, (max-width: 1024px) 100vw, 1024px\" \/><\/p>\n<p style=\"text-align: justify;\">4t: Hugo Laguna<\/p>\n<p style=\"text-align: justify;\"><img loading=\"lazy\" decoding=\"async\" class=\"alignnone size-large wp-image-1329\" src=\"http:\/\/agora.xtec.cat\/ceipcansalvi\/wp-content\/uploads\/usu1749\/2018\/04\/20180423_155347-1024x1004.jpg\" alt=\"\" width=\"1024\" height=\"1004\" srcset=\"https:\/\/agora.xtec.cat\/ceipcansalvi\/wp-content\/uploads\/usu1749\/2018\/04\/20180423_155347-1024x1004.jpg 1024w, https:\/\/agora.xtec.cat\/ceipcansalvi\/wp-content\/uploads\/usu1749\/2018\/04\/20180423_155347-300x294.jpg 300w, https:\/\/agora.xtec.cat\/ceipcansalvi\/wp-content\/uploads\/usu1749\/2018\/04\/20180423_155347-768x753.jpg 768w, https:\/\/agora.xtec.cat\/ceipcansalvi\/wp-content\/uploads\/usu1749\/2018\/04\/20180423_155347.jpg 1463w\" sizes=\"auto, (max-width: 1024px) 100vw, 1024px\" \/><\/p>\n<p style=\"text-align: justify;\">5\u00e8: In\u00e9s Ordu\u00f1a<\/p>\n<p style=\"text-align: justify;\"><img loading=\"lazy\" decoding=\"async\" class=\"alignnone size-large wp-image-1330\" src=\"http:\/\/agora.xtec.cat\/ceipcansalvi\/wp-content\/uploads\/usu1749\/2018\/04\/20180423_155522-1024x845.jpg\" alt=\"\" width=\"1024\" height=\"845\" srcset=\"https:\/\/agora.xtec.cat\/ceipcansalvi\/wp-content\/uploads\/usu1749\/2018\/04\/20180423_155522-1024x845.jpg 1024w, https:\/\/agora.xtec.cat\/ceipcansalvi\/wp-content\/uploads\/usu1749\/2018\/04\/20180423_155522-300x248.jpg 300w, https:\/\/agora.xtec.cat\/ceipcansalvi\/wp-content\/uploads\/usu1749\/2018\/04\/20180423_155522-768x634.jpg 768w, https:\/\/agora.xtec.cat\/ceipcansalvi\/wp-content\/uploads\/usu1749\/2018\/04\/20180423_155522.jpg 1738w\" sizes=\"auto, (max-width: 1024px) 100vw, 1024px\" \/><\/p>\n<p style=\"text-align: justify;\">6\u00e8: Teo Montero<\/p>\n<p style=\"text-align: justify;\"><img loading=\"lazy\" decoding=\"async\" class=\"alignnone size-large wp-image-1331\" src=\"http:\/\/agora.xtec.cat\/ceipcansalvi\/wp-content\/uploads\/usu1749\/2018\/04\/20180423_155706-969x1024.jpg\" alt=\"\" width=\"969\" height=\"1024\" srcset=\"https:\/\/agora.xtec.cat\/ceipcansalvi\/wp-content\/uploads\/usu1749\/2018\/04\/20180423_155706-969x1024.jpg 969w, https:\/\/agora.xtec.cat\/ceipcansalvi\/wp-content\/uploads\/usu1749\/2018\/04\/20180423_155706-284x300.jpg 284w, https:\/\/agora.xtec.cat\/ceipcansalvi\/wp-content\/uploads\/usu1749\/2018\/04\/20180423_155706-768x812.jpg 768w, https:\/\/agora.xtec.cat\/ceipcansalvi\/wp-content\/uploads\/usu1749\/2018\/04\/20180423_155706.jpg 1358w\" sizes=\"auto, (max-width: 969px) 100vw, 969px\" \/><\/p>\n<h4 style=\"text-align: center;\">MOLTES FELICITATS!!!<\/h4>\n<p>&nbsp;<\/p>\n<p>I aqu\u00ed teniu una foto de grup amb els nostres alumnes representats al Concurs de l&#8217;Ajuntament.<\/p>\n<p><img loading=\"lazy\" decoding=\"async\" class=\"alignnone size-large wp-image-1332\" src=\"http:\/\/agora.xtec.cat\/ceipcansalvi\/wp-content\/uploads\/usu1749\/2018\/04\/20180423_155834-1024x779.jpg\" alt=\"\" width=\"1024\" height=\"779\" srcset=\"https:\/\/agora.xtec.cat\/ceipcansalvi\/wp-content\/uploads\/usu1749\/2018\/04\/20180423_155834-1024x779.jpg 1024w, https:\/\/agora.xtec.cat\/ceipcansalvi\/wp-content\/uploads\/usu1749\/2018\/04\/20180423_155834-300x228.jpg 300w, https:\/\/agora.xtec.cat\/ceipcansalvi\/wp-content\/uploads\/usu1749\/2018\/04\/20180423_155834-768x584.jpg 768w, https:\/\/agora.xtec.cat\/ceipcansalvi\/wp-content\/uploads\/usu1749\/2018\/04\/20180423_155834.jpg 1886w\" sizes=\"auto, (max-width: 1024px) 100vw, 1024px\" \/><\/p>\n<p>Us deixem una can\u00e7\u00f3 de Sant Jordi, que agrada molt als m\u00e9s petits\/es de l&#8217;ecola.<\/p>\n<p><iframe loading=\"lazy\" title=\"Jordi Tonietti - Drac\" width=\"500\" height=\"281\" src=\"https:\/\/www.youtube.com\/embed\/_c1JS3Cf_LU?feature=oembed\" frameborder=\"0\" allow=\"accelerometer; autoplay; clipboard-write; encrypted-media; gyroscope; picture-in-picture; web-share\" referrerpolicy=\"strict-origin-when-cross-origin\" allowfullscreen><\/iframe><\/p>\n<p style=\"text-align: justify;\">\n","protected":false},"excerpt":{"rendered":"<p>Avui hem celebrat Sant Jordi a l&#8217;escola!!&hellip;  <a href=\"https:\/\/agora.xtec.cat\/ceipcansalvi\/general\/sant-jordi\/\" title=\"Read SANT JORDI\">Llegeix m\u00e9s\u00bb<\/a><\/p>\n","protected":false},"author":1,"featured_media":1314,"comment_status":"closed","ping_status":"closed","sticky":false,"template":"","format":"standard","meta":{"_bbp_topic_count":0,"_bbp_reply_count":0,"_bbp_total_topic_count":0,"_bbp_total_reply_count":0,"_bbp_voice_count":0,"_bbp_anonymous_reply_count":0,"_bbp_topic_count_hidden":0,"_bbp_reply_count_hidden":0,"_bbp_forum_subforum_count":0,"footnotes":""},"categories":[1,4],"tags":[],"class_list":["post-1310","post","type-post","status-publish","format-standard","has-post-thumbnail","hentry","category-general","category-portada"],"post_mailing_queue_ids":[],"_links":{"self":[{"href":"https:\/\/agora.xtec.cat\/ceipcansalvi\/wp-json\/wp\/v2\/posts\/1310","targetHints":{"allow":["GET"]}}],"collection":[{"href":"https:\/\/agora.xtec.cat\/ceipcansalvi\/wp-json\/wp\/v2\/posts"}],"about":[{"href":"https:\/\/agora.xtec.cat\/ceipcansalvi\/wp-json\/wp\/v2\/types\/post"}],"author":[{"embeddable":true,"href":"https:\/\/agora.xtec.cat\/ceipcansalvi\/wp-json\/wp\/v2\/users\/1"}],"replies":[{"embeddable":true,"href":"https:\/\/agora.xtec.cat\/ceipcansalvi\/wp-json\/wp\/v2\/comments?post=1310"}],"version-history":[{"count":3,"href":"https:\/\/agora.xtec.cat\/ceipcansalvi\/wp-json\/wp\/v2\/posts\/1310\/revisions"}],"predecessor-version":[{"id":1333,"href":"https:\/\/agora.xtec.cat\/ceipcansalvi\/wp-json\/wp\/v2\/posts\/1310\/revisions\/1333"}],"wp:featuredmedia":[{"embeddable":true,"href":"https:\/\/agora.xtec.cat\/ceipcansalvi\/wp-json\/wp\/v2\/media\/1314"}],"wp:attachment":[{"href":"https:\/\/agora.xtec.cat\/ceipcansalvi\/wp-json\/wp\/v2\/media?parent=1310"}],"wp:term":[{"taxonomy":"category","embeddable":true,"href":"https:\/\/agora.xtec.cat\/ceipcansalvi\/wp-json\/wp\/v2\/categories?post=1310"},{"taxonomy":"post_tag","embeddable":true,"href":"https:\/\/agora.xtec.cat\/ceipcansalvi\/wp-json\/wp\/v2\/tags?post=1310"}],"curies":[{"name":"wp","href":"https:\/\/api.w.org\/{rel}","templated":true}]}}