{"id":120,"date":"2017-12-04T11:53:39","date_gmt":"2017-12-04T10:53:39","guid":{"rendered":"http:\/\/agora.xtec.cat\/ceipcansalvi\/?p=120"},"modified":"2017-12-06T21:26:42","modified_gmt":"2017-12-06T20:26:42","slug":"noticia-6","status":"publish","type":"post","link":"https:\/\/agora.xtec.cat\/ceipcansalvi\/portada\/noticia-6\/","title":{"rendered":"ROBA CONCERT DE NADAL"},"content":{"rendered":"<h3 class=\"post-title entry-title\">PEL DIA DEL CONCERT ELS NENS I NENES HAN DE VENIR VESTITS DE LA SEG\u00dcENT MANERA:<strong>\u00a0<\/strong><\/h3>\n<div id=\"post-body-788064527316802368\" class=\"post-body entry-content\">\n<div class=\"separator\"><img loading=\"lazy\" decoding=\"async\" class=\"irc_mi\" src=\"http:\/\/www.teatrenuriaespert.cat\/fotos\/DSC_0029_red.jpg\" alt=\"Resultado de imagen para TEATRE NURIA ESPERT\" width=\"400\" height=\"265\" \/><\/div>\n<ul>\n<li><b>P3<\/b>: samarreta vermella i pantal\u00f3 o faldilla de color negre.<\/li>\n<\/ul>\n<ul>\n<li><b>P4:<\/b> samarreta negra i faldilla\/ pantal\u00f3 negre o blau fosc.<\/li>\n<\/ul>\n<ul>\n<li><b>P5:<\/b> samarreta blanca i faldilla\/ pantal\u00f3 negre o blau fosc.<\/li>\n<\/ul>\n<ul>\n<li><b>1r: <\/b>gorro de llana, una samarreta del color assignat (diferent per a cada alumne\/a) i pantal\u00f3 o faldilla de color fosc.<\/li>\n<\/ul>\n<ul>\n<li><b>2n:<\/b> <i>PROPERAMENT<\/i><\/li>\n<\/ul>\n<ul>\n<li><b>3r:<\/b> <i>Opci\u00f3 1<\/i>: sammarreta i pantalons foscos amb una armilla de color viu.<i>\u00a0 <\/i><i>Opci\u00f3 2: samarreta i malles o mitges negres amb un tut\u00fa \/faldilla de color viu. \u00a0 *En les dues opcions les nenes que puguin hauran de venir ab un pentinat rocker.<\/i><\/li>\n<\/ul>\n<p>&nbsp;<\/p>\n<ul>\n<li><i>\u00a04t: roba de colors foscos i una guirnalda (tira per decorar l&#8217;arbre de Nadal del color que vulguin).<\/i><\/li>\n<\/ul>\n<p>&nbsp;<\/p>\n<ul>\n<li><i><b>\u00a05\u00e8:<\/b> roba de mudar i un bra\u00e7alet a cada m\u00e0 fet amb serrellet (espumill\u00f3n).\u00a0<\/i><\/li>\n<\/ul>\n<p>&nbsp;<\/p>\n<ul>\n<li><i><b>6\u00e8:<\/b> samarreta de color negre i pantalons o faldilla blau tex\u00e0. \u00a0<\/i><\/li>\n<\/ul>\n<p><i>Si teniu qualsevol dubte&#8230; en relaci\u00f3 a la roba podeu parlar amb el tutor\/a del vostre\/a fill, segur que ell\/a us podr\u00e0 orientar. \u00a0<\/i><\/p>\n<\/div>\n","protected":false},"excerpt":{"rendered":"<p>PEL DIA DEL CONCERT ELS NENS I NENES HAN DE VENIR VESTITS DE LA SEG\u00dcENT MANERA:\u00a0<\/p>\n<ul>\n<li>P3: samarreta vermella i pantal\u00f3 o faldilla de color negre.<\/li>\n<\/ul>\n<ul>\n<li>P4: samarreta negra i faldilla\/ pantal\u00f3 negre o blau fosc.<\/li>\n<\/ul>\n<ul>\n<li>P5: samarreta blanca i faldilla\/ pantal\u00f3 negre o blau fosc.<\/li>\n<\/ul>\n<ul>\n<li>1r: gorro de&hellip;  <a href=\"https:\/\/agora.xtec.cat\/ceipcansalvi\/portada\/noticia-6\/\" title=\"Read ROBA CONCERT DE NADAL\">Llegeix m\u00e9s\u00bb<\/a><br \/>\n","protected":false},"author":1,"featured_media":529,"comment_status":"closed","ping_status":"closed","sticky":false,"template":"","format":"standard","meta":{"_bbp_topic_count":0,"_bbp_reply_count":0,"_bbp_total_topic_count":0,"_bbp_total_reply_count":0,"_bbp_voice_count":0,"_bbp_anonymous_reply_count":0,"_bbp_topic_count_hidden":0,"_bbp_reply_count_hidden":0,"_bbp_forum_subforum_count":0,"footnotes":""},"categories":[10,11,4],"tags":[],"class_list":["post-120","post","type-post","status-publish","format-standard","has-post-thumbnail","hentry","category-1r","category-2n","category-portada"],"post_mailing_queue_ids":[],"_links":{"self":[{"href":"https:\/\/agora.xtec.cat\/ceipcansalvi\/wp-json\/wp\/v2\/posts\/120","targetHints":{"allow":["GET"]}}],"collection":[{"href":"https:\/\/agora.xtec.cat\/ceipcansalvi\/wp-json\/wp\/v2\/posts"}],"about":[{"href":"https:\/\/agora.xtec.cat\/ceipcansalvi\/wp-json\/wp\/v2\/types\/post"}],"author":[{"embeddable":true,"href":"https:\/\/agora.xtec.cat\/ceipcansalvi\/wp-json\/wp\/v2\/users\/1"}],"replies":[{"embeddable":true,"href":"https:\/\/agora.xtec.cat\/ceipcansalvi\/wp-json\/wp\/v2\/comments?post=120"}],"version-history":[{"count":4,"href":"https:\/\/agora.xtec.cat\/ceipcansalvi\/wp-json\/wp\/v2\/posts\/120\/revisions"}],"predecessor-version":[{"id":530,"href":"https:\/\/agora.xtec.cat\/ceipcansalvi\/wp-json\/wp\/v2\/posts\/120\/revisions\/530"}],"wp:featuredmedia":[{"embeddable":true,"href":"https:\/\/agora.xtec.cat\/ceipcansalvi\/wp-json\/wp\/v2\/media\/529"}],"wp:attachment":[{"href":"https:\/\/agora.xtec.cat\/ceipcansalvi\/wp-json\/wp\/v2\/media?parent=120"}],"wp:term":[{"taxonomy":"category","embeddable":true,"href":"https:\/\/agora.xtec.cat\/ceipcansalvi\/wp-json\/wp\/v2\/categories?post=120"},{"taxonomy":"post_tag","embeddable":true,"href":"https:\/\/agora.xtec.cat\/ceipcansalvi\/wp-json\/wp\/v2\/tags?post=120"}],"curies":[{"name":"wp","href":"https:\/\/api.w.org\/{rel}","templated":true}]}}