{"id":1182,"date":"2018-03-06T16:35:35","date_gmt":"2018-03-06T15:35:35","guid":{"rendered":"http:\/\/agora.xtec.cat\/ceipcansalvi\/?p=1182"},"modified":"2018-03-06T15:52:23","modified_gmt":"2018-03-06T14:52:23","slug":"vaga","status":"publish","type":"post","link":"https:\/\/agora.xtec.cat\/ceipcansalvi\/general\/vaga\/","title":{"rendered":"VAGA"},"content":{"rendered":"<p>El proper dijous 8 de mar\u00e7, hi ha convocada una jornada de vaga. Davant d&#8217;aquesta situaci\u00f3, i segons la normativa vigent, el centre romandr\u00e0 obert per atendre l&#8217;alumnat que assisteixi a l&#8217;escola. Hi haur\u00e0 serveis m\u00ednims de menjador i acollida.<\/p>\n<p>Atentament,<\/p>\n<p style=\"text-align: right;\">La Direcci\u00f3 del Centre<\/p>\n","protected":false},"excerpt":{"rendered":"<p>El proper dijous 8 de mar\u00e7, hi ha convocada una jornada de vaga. Davant d&#8217;aquesta situaci\u00f3, i segons la normativa vigent, el centre romandr\u00e0 obert per atendre l&#8217;alumnat que assisteixi a l&#8217;escola. Hi haur\u00e0 serveis m\u00ednims de menjador i acollida. &hellip;  <a href=\"https:\/\/agora.xtec.cat\/ceipcansalvi\/general\/vaga\/\" title=\"Read VAGA\">Llegeix m\u00e9s\u00bb<\/a><\/p>\n","protected":false},"author":1,"featured_media":0,"comment_status":"closed","ping_status":"closed","sticky":false,"template":"","format":"standard","meta":{"_bbp_topic_count":0,"_bbp_reply_count":0,"_bbp_total_topic_count":0,"_bbp_total_reply_count":0,"_bbp_voice_count":0,"_bbp_anonymous_reply_count":0,"_bbp_topic_count_hidden":0,"_bbp_reply_count_hidden":0,"_bbp_forum_subforum_count":0,"footnotes":""},"categories":[1,4],"tags":[],"class_list":["post-1182","post","type-post","status-publish","format-standard","hentry","category-general","category-portada"],"post_mailing_queue_ids":[],"_links":{"self":[{"href":"https:\/\/agora.xtec.cat\/ceipcansalvi\/wp-json\/wp\/v2\/posts\/1182","targetHints":{"allow":["GET"]}}],"collection":[{"href":"https:\/\/agora.xtec.cat\/ceipcansalvi\/wp-json\/wp\/v2\/posts"}],"about":[{"href":"https:\/\/agora.xtec.cat\/ceipcansalvi\/wp-json\/wp\/v2\/types\/post"}],"author":[{"embeddable":true,"href":"https:\/\/agora.xtec.cat\/ceipcansalvi\/wp-json\/wp\/v2\/users\/1"}],"replies":[{"embeddable":true,"href":"https:\/\/agora.xtec.cat\/ceipcansalvi\/wp-json\/wp\/v2\/comments?post=1182"}],"version-history":[{"count":1,"href":"https:\/\/agora.xtec.cat\/ceipcansalvi\/wp-json\/wp\/v2\/posts\/1182\/revisions"}],"predecessor-version":[{"id":1183,"href":"https:\/\/agora.xtec.cat\/ceipcansalvi\/wp-json\/wp\/v2\/posts\/1182\/revisions\/1183"}],"wp:attachment":[{"href":"https:\/\/agora.xtec.cat\/ceipcansalvi\/wp-json\/wp\/v2\/media?parent=1182"}],"wp:term":[{"taxonomy":"category","embeddable":true,"href":"https:\/\/agora.xtec.cat\/ceipcansalvi\/wp-json\/wp\/v2\/categories?post=1182"},{"taxonomy":"post_tag","embeddable":true,"href":"https:\/\/agora.xtec.cat\/ceipcansalvi\/wp-json\/wp\/v2\/tags?post=1182"}],"curies":[{"name":"wp","href":"https:\/\/api.w.org\/{rel}","templated":true}]}}