{"id":1152,"date":"2018-03-13T16:30:12","date_gmt":"2018-03-13T15:30:12","guid":{"rendered":"http:\/\/agora.xtec.cat\/ceipcansalvi\/?p=1152"},"modified":"2018-03-19T10:38:38","modified_gmt":"2018-03-19T09:38:38","slug":"sortida-5e","status":"publish","type":"post","link":"https:\/\/agora.xtec.cat\/ceipcansalvi\/general\/sortida-5e\/","title":{"rendered":"SORTIDA 5\u00e8 MUSEU EUROPEU D&#8217;ART MODERN"},"content":{"rendered":"<p>Avui, els alumnes de 5\u00e8 de la nostra escola han anat d&#8217;excursi\u00f3 al Museu Europeu d&#8217;Art Modern.<\/p>\n<p>Si cliqueu a la imatge trobareu m\u00e9s informaci\u00f3 del museu.<\/p>\n<p><a href=\"https:\/\/www.meam.es\/ca\/\"><img loading=\"lazy\" decoding=\"async\" class=\"irc_mi\" src=\"https:\/\/www.meam.es\/images\/logo_meam.png\" alt=\"Resultat d'imatges de museu d'art modern\" width=\"440\" height=\"165\" \/><\/a><\/p>\n","protected":false},"excerpt":{"rendered":"<p>Avui, els alumnes de 5\u00e8 de la nostra escola han anat d&#8217;excursi\u00f3 al Museu Europeu d&#8217;Art Modern.&hellip;  <a href=\"https:\/\/agora.xtec.cat\/ceipcansalvi\/general\/sortida-5e\/\" title=\"Read SORTIDA 5\u00e8 MUSEU EUROPEU D&#8217;ART MODERN\">Llegeix m\u00e9s\u00bb<\/a><\/p>\n","protected":false},"author":1,"featured_media":1154,"comment_status":"closed","ping_status":"closed","sticky":false,"template":"","format":"standard","meta":{"_bbp_topic_count":0,"_bbp_reply_count":0,"_bbp_total_topic_count":0,"_bbp_total_reply_count":0,"_bbp_voice_count":0,"_bbp_anonymous_reply_count":0,"_bbp_topic_count_hidden":0,"_bbp_reply_count_hidden":0,"_bbp_forum_subforum_count":0,"footnotes":""},"categories":[1,4],"tags":[],"class_list":["post-1152","post","type-post","status-publish","format-standard","has-post-thumbnail","hentry","category-general","category-portada"],"post_mailing_queue_ids":[],"_links":{"self":[{"href":"https:\/\/agora.xtec.cat\/ceipcansalvi\/wp-json\/wp\/v2\/posts\/1152","targetHints":{"allow":["GET"]}}],"collection":[{"href":"https:\/\/agora.xtec.cat\/ceipcansalvi\/wp-json\/wp\/v2\/posts"}],"about":[{"href":"https:\/\/agora.xtec.cat\/ceipcansalvi\/wp-json\/wp\/v2\/types\/post"}],"author":[{"embeddable":true,"href":"https:\/\/agora.xtec.cat\/ceipcansalvi\/wp-json\/wp\/v2\/users\/1"}],"replies":[{"embeddable":true,"href":"https:\/\/agora.xtec.cat\/ceipcansalvi\/wp-json\/wp\/v2\/comments?post=1152"}],"version-history":[{"count":3,"href":"https:\/\/agora.xtec.cat\/ceipcansalvi\/wp-json\/wp\/v2\/posts\/1152\/revisions"}],"predecessor-version":[{"id":1162,"href":"https:\/\/agora.xtec.cat\/ceipcansalvi\/wp-json\/wp\/v2\/posts\/1152\/revisions\/1162"}],"wp:featuredmedia":[{"embeddable":true,"href":"https:\/\/agora.xtec.cat\/ceipcansalvi\/wp-json\/wp\/v2\/media\/1154"}],"wp:attachment":[{"href":"https:\/\/agora.xtec.cat\/ceipcansalvi\/wp-json\/wp\/v2\/media?parent=1152"}],"wp:term":[{"taxonomy":"category","embeddable":true,"href":"https:\/\/agora.xtec.cat\/ceipcansalvi\/wp-json\/wp\/v2\/categories?post=1152"},{"taxonomy":"post_tag","embeddable":true,"href":"https:\/\/agora.xtec.cat\/ceipcansalvi\/wp-json\/wp\/v2\/tags?post=1152"}],"curies":[{"name":"wp","href":"https:\/\/api.w.org\/{rel}","templated":true}]}}